{"id":3972,"date":"2024-06-07T15:46:24","date_gmt":"2024-06-07T13:46:24","guid":{"rendered":"https:\/\/agora.xtec.cat\/ceipmediterrania\/?p=3972"},"modified":"2024-09-19T12:59:29","modified_gmt":"2024-09-19T10:59:29","slug":"sortida-cosmocaixa-3r-4t","status":"publish","type":"post","link":"https:\/\/agora.xtec.cat\/ceipmediterrania\/general\/sortida-cosmocaixa-3r-4t\/","title":{"rendered":"Sortida Cosmocaixa 3r-4t"},"content":{"rendered":"<p>El passat dilluns els nens i nenes de tercer i quart vam fer una sortida al Cosmocaixa de Barcelona.<\/p>\n<p>Els alumnes de tercer vam visitar el Bosc inundat i vam veure molts animals, era un lloc amb molta humitat i calor. Tamb\u00e9 vam veure una projecci\u00f3 sobre dinosaures a dins del planetari. Era una pantalla molt gran i vam aprendre moltes coses. I finalment vam visitar la sala Univers i vam provar molts experiments.<\/p>\n<p>Ens ho vam passar molt b\u00e9!<\/p>\n<p>Els alumnes de 4t\u00a0 vam fer un tomb per la sala de l\u2019Univers. Hi havia molts experiments:<\/p>\n<ul>\n<li aria-level=\"1\">un bloc de gel gegant que es podia tocar i si aguantaves prou estona podia quedar la teva m\u00e0 marcada.<\/li>\n<li aria-level=\"1\">una bola plasma en la qual pod\u00edem veure electricitat passant de persona a persona.<\/li>\n<li aria-level=\"1\">un pal que si el feies rodar molt r\u00e0pidament s\u2019escalfava i si arribava a 400\u00baC podia fer una espurna i fer foc.<\/li>\n<li aria-level=\"1\">tres boles de diferent mida i color, si es llen\u00e7aven alhora a trav\u00e9s d\u2019un cable, quan la bola gran arribava a terra li passava l\u2019energia a la bola mitjana i aquesta a la petita que sumava totes les energies i pujava molt amunt.<\/li>\n<li aria-level=\"1\">hi havia diferents globus terraquis amb l\u2019evoluci\u00f3 dels continents.<\/li>\n<li aria-level=\"1\">hi havia meteorits que es podien tocar.<\/li>\n<li aria-level=\"1\">hi havia auriculars amb els que podies escoltar el so d\u2019un terratr\u00e8mol o d\u2019una explosi\u00f3 dins del mar.<\/li>\n<li aria-level=\"1\">es podia tocar un fragment d\u2019una pedra procedent del planeta Mart.<\/li>\n<li aria-level=\"1\">un rellotge de p\u00e8ndol, a cada minut queia una pe\u00e7a platejada i a cada hora queia una pe\u00e7a daurada.<\/li>\n<li aria-level=\"1\">un tub d\u2019aire amb una pilota de porexpan que volava sense tocar-la.<\/li>\n<\/ul>\n<p>Tamb\u00e9 vam gaudir de l\u2019activitat del Bosc inundat. On vam veure molts animals d\u2019aquell ecosistema, com el capibara, el caiman, tortugues, granotes de punta de fletxa, anaconda, un formiguer gegant\u2026 Vam estar davant d\u2019un aquari amb molts peixos d\u2019aigua dol\u00e7a, hi havia el peix m\u00e9s gran del m\u00f3n.<\/p>\n<p>Vam comprovar la humitat i la calor que fa en una selva tropical.<\/p>\n<p>Podeu veure totes les fotos de la sortida si feu clic a la imatge. Esperem que us agradin!<\/p>\n<p><a href=\"https:\/\/photos.app.goo.gl\/JaPN6XMUHU2R4cx79\"><img loading=\"lazy\" decoding=\"async\" class=\"aligncenter wp-image-3984\" src=\"https:\/\/agora.xtec.cat\/ceipmediterrania\/wp-content\/uploads\/usu1771\/2024\/06\/IMG-20240606-WA0011-1-1024x768.jpg\" alt=\"\" width=\"569\" height=\"427\" srcset=\"https:\/\/agora.xtec.cat\/ceipmediterrania\/wp-content\/uploads\/usu1771\/2024\/06\/IMG-20240606-WA0011-1-1024x768.jpg 1024w, https:\/\/agora.xtec.cat\/ceipmediterrania\/wp-content\/uploads\/usu1771\/2024\/06\/IMG-20240606-WA0011-1-300x225.jpg 300w, https:\/\/agora.xtec.cat\/ceipmediterrania\/wp-content\/uploads\/usu1771\/2024\/06\/IMG-20240606-WA0011-1-768x576.jpg 768w, https:\/\/agora.xtec.cat\/ceipmediterrania\/wp-content\/uploads\/usu1771\/2024\/06\/IMG-20240606-WA0011-1-1536x1152.jpg 1536w, https:\/\/agora.xtec.cat\/ceipmediterrania\/wp-content\/uploads\/usu1771\/2024\/06\/IMG-20240606-WA0011-1-200x150.jpg 200w, https:\/\/agora.xtec.cat\/ceipmediterrania\/wp-content\/uploads\/usu1771\/2024\/06\/IMG-20240606-WA0011-1.jpg 1600w\" sizes=\"auto, (max-width: 569px) 100vw, 569px\" \/><\/a><\/p>\n","protected":false},"excerpt":{"rendered":"<p>El passat dilluns els nens i nenes de tercer i quart vam fer una sortida al Cosmocaixa de Barcelona. Els [&hellip;]<\/p>\n","protected":false},"author":1,"featured_media":0,"comment_status":"open","ping_status":"closed","sticky":false,"template":"","format":"standard","meta":{"_bbp_topic_count":0,"_bbp_reply_count":0,"_bbp_total_topic_count":0,"_bbp_total_reply_count":0,"_bbp_voice_count":0,"_bbp_anonymous_reply_count":0,"_bbp_topic_count_hidden":0,"_bbp_reply_count_hidden":0,"_bbp_forum_subforum_count":0,"site-sidebar-layout":"default","site-content-layout":"","ast-site-content-layout":"","site-content-style":"default","site-sidebar-style":"default","ast-global-header-display":"","ast-banner-title-visibility":"","ast-main-header-display":"","ast-hfb-above-header-display":"","ast-hfb-below-header-display":"","ast-hfb-mobile-header-display":"","site-post-title":"","ast-breadcrumbs-content":"","ast-featured-img":"","footer-sml-layout":"","theme-transparent-header-meta":"","adv-header-id-meta":"","stick-header-meta":"","header-above-stick-meta":"","header-main-stick-meta":"","header-below-stick-meta":"","astra-migrate-meta-layouts":"default","ast-page-background-enabled":"default","ast-page-background-meta":{"desktop":{"background-color":"var(--ast-global-color-4)","background-image":"","background-repeat":"repeat","background-position":"center center","background-size":"auto","background-attachment":"scroll","background-type":"","background-media":"","overlay-type":"","overlay-color":"","overlay-opacity":"","overlay-gradient":""},"tablet":{"background-color":"","background-image":"","background-repeat":"repeat","background-position":"center center","background-size":"auto","background-attachment":"scroll","background-type":"","background-media":"","overlay-type":"","overlay-color":"","overlay-opacity":"","overlay-gradient":""},"mobile":{"background-color":"","background-image":"","background-repeat":"repeat","background-position":"center center","background-size":"auto","background-attachment":"scroll","background-type":"","background-media":"","overlay-type":"","overlay-color":"","overlay-opacity":"","overlay-gradient":""}},"ast-content-background-meta":{"desktop":{"background-color":"var(--ast-global-color-5)","background-image":"","background-repeat":"repeat","background-position":"center center","background-size":"auto","background-attachment":"scroll","background-type":"","background-media":"","overlay-type":"","overlay-color":"","overlay-opacity":"","overlay-gradient":""},"tablet":{"background-color":"var(--ast-global-color-5)","background-image":"","background-repeat":"repeat","background-position":"center center","background-size":"auto","background-attachment":"scroll","background-type":"","background-media":"","overlay-type":"","overlay-color":"","overlay-opacity":"","overlay-gradient":""},"mobile":{"background-color":"var(--ast-global-color-5)","background-image":"","background-repeat":"repeat","background-position":"center center","background-size":"auto","background-attachment":"scroll","background-type":"","background-media":"","overlay-type":"","overlay-color":"","overlay-opacity":"","overlay-gradient":""}},"footnotes":""},"categories":[78,84,1],"tags":[],"class_list":["post-3972","post","type-post","status-publish","format-standard","hentry","category-cicle-mitja","category-educacio-primaria-23","category-general"],"post_mailing_queue_ids":[],"_links":{"self":[{"href":"https:\/\/agora.xtec.cat\/ceipmediterrania\/wp-json\/wp\/v2\/posts\/3972","targetHints":{"allow":["GET"]}}],"collection":[{"href":"https:\/\/agora.xtec.cat\/ceipmediterrania\/wp-json\/wp\/v2\/posts"}],"about":[{"href":"https:\/\/agora.xtec.cat\/ceipmediterrania\/wp-json\/wp\/v2\/types\/post"}],"author":[{"embeddable":true,"href":"https:\/\/agora.xtec.cat\/ceipmediterrania\/wp-json\/wp\/v2\/users\/1"}],"replies":[{"embeddable":true,"href":"https:\/\/agora.xtec.cat\/ceipmediterrania\/wp-json\/wp\/v2\/comments?post=3972"}],"version-history":[{"count":6,"href":"https:\/\/agora.xtec.cat\/ceipmediterrania\/wp-json\/wp\/v2\/posts\/3972\/revisions"}],"predecessor-version":[{"id":4041,"href":"https:\/\/agora.xtec.cat\/ceipmediterrania\/wp-json\/wp\/v2\/posts\/3972\/revisions\/4041"}],"wp:attachment":[{"href":"https:\/\/agora.xtec.cat\/ceipmediterrania\/wp-json\/wp\/v2\/media?parent=3972"}],"wp:term":[{"taxonomy":"category","embeddable":true,"href":"https:\/\/agora.xtec.cat\/ceipmediterrania\/wp-json\/wp\/v2\/categories?post=3972"},{"taxonomy":"post_tag","embeddable":true,"href":"https:\/\/agora.xtec.cat\/ceipmediterrania\/wp-json\/wp\/v2\/tags?post=3972"}],"curies":[{"name":"wp","href":"https:\/\/api.w.org\/{rel}","templated":true}]}}