{"id":3869,"date":"2024-04-18T10:08:02","date_gmt":"2024-04-18T08:08:02","guid":{"rendered":"https:\/\/agora.xtec.cat\/ceipmediterrania\/?p=3869"},"modified":"2024-04-27T15:32:40","modified_gmt":"2024-04-27T13:32:40","slug":"dansa-ara-2024","status":"publish","type":"post","link":"https:\/\/agora.xtec.cat\/ceipmediterrania\/general\/dansa-ara-2024\/","title":{"rendered":"Projectes &#8220;Dansa Ara  i Cordes&#8221; 2024"},"content":{"rendered":"<div><\/div>\n<p>Com cada any, els nens i les nenes de 3r de l&#8217;Escola Mediterr\u00e0nia, amb motiu del Dia Internacional de la Dansa (29 d&#8217;abril), participaran en el Projecte Dansa Ara Garraf conjuntament amb les escoles de la comarca.<\/p>\n<p>Us hi esperem el 26 d&#8217;abril al Pavell\u00f3 Miguel Meca Torres &#8211; Av. Catalunya, s\/n<br \/>\nLes Roquetes (Sant Pere de Ribes)<\/p>\n<p>D&#8217;altra banda, per primera vegada l&#8217;alumnat de 4t de l&#8217;Escola Mediterr\u00e0nia, conjuntament amb les escoles Roquetes i Santa Eul\u00e0lia, ha participat en el Projecte Cordes, el qual finalitzar\u00e0 amb el concert que es dur\u00e0 a terme el pr\u00f2xim dia 7 de maig al teatre La B\u00f2bila de les Roquetes-Sant Pere de Ribes.<\/p>\n<p>Us adjuntem el programa de la ballada i el cartell del concert aix\u00ed com la <a href=\"https:\/\/photos.app.goo.gl\/UkDiUtyn1ERNHZLi7\">galeria d&#8217;imatges de la jornada Dansa Ara &#8217;24<\/a><\/p>\n<p><a href=\"https:\/\/photos.app.goo.gl\/UkDiUtyn1ERNHZLi7\"><img loading=\"lazy\" decoding=\"async\" class=\"aligncenter size-full wp-image-3923\" src=\"https:\/\/agora.xtec.cat\/ceipmediterrania\/wp-content\/uploads\/usu1771\/2024\/04\/Captura-de-pantalla-2024-04-26-153321.png\" alt=\"\" width=\"987\" height=\"655\" srcset=\"https:\/\/agora.xtec.cat\/ceipmediterrania\/wp-content\/uploads\/usu1771\/2024\/04\/Captura-de-pantalla-2024-04-26-153321.png 987w, https:\/\/agora.xtec.cat\/ceipmediterrania\/wp-content\/uploads\/usu1771\/2024\/04\/Captura-de-pantalla-2024-04-26-153321-300x199.png 300w, https:\/\/agora.xtec.cat\/ceipmediterrania\/wp-content\/uploads\/usu1771\/2024\/04\/Captura-de-pantalla-2024-04-26-153321-768x510.png 768w\" sizes=\"auto, (max-width: 987px) 100vw, 987px\" \/><\/a><\/p>\n<p><a href=\"https:\/\/agora.xtec.cat\/ceipmediterrania\/wp-content\/uploads\/usu1771\/2024\/04\/Programa-DANSA-ARA-2023-2024_V12.pdf\">Programa DANSA ARA 2023-2024_V12 \u00a0 \u00a0 \u00a0 \u00a0 \u00a0 \u00a0 \u00a0 \u00a0 \u00a0 \u00a0 \u00a0 \u00a0 \u00a0 \u00a0 \u00a0 \u00a0 \u00a0 \u00a0 \u00a0 \u00a0 \u00a0 \u00a0 \u00a0 \u00a0 \u00a0 \u00a0 \u00a0 \u00a0 \u00a0 \u00a0 \u00a0 \u00a0 \u00a0 \u00a0 \u00a0 \u00a0 \u00a0 \u00a0 \u00a0 \u00a0 \u00a0 \u00a0 \u00a0 \u00a0 \u00a0 \u00a0 \u00a0 \u00a0 \u00a0 \u00a0<\/a><a href=\"https:\/\/agora.xtec.cat\/ceipmediterrania\/wp-content\/uploads\/usu1771\/2024\/04\/POSTER-CONCERT-1-1.pdf\">POSTER CONCERT (1) (1)<\/a><\/p>\n<table style=\"border-collapse: collapse; width: 100%;\">\n<tbody>\n<tr>\n<td style=\"width: 50%; background-color: #c7dfed;\"><iframe loading=\"lazy\" src=\"https:\/\/www.slideshare.net\/slideshow\/embed_code\/key\/B8suesDreAR4fS?hostedIn=slideshare&amp;page=upload\" width=\"476\" height=\"400\" frameborder=\"0\" marginwidth=\"0\" marginheight=\"0\" scrolling=\"no\"><\/iframe><\/td>\n<td style=\"width: 50%; background-color: #c7dfed;\"><a href=\"https:\/\/agora.xtec.cat\/ceipmediterrania\/wp-content\/uploads\/usu1771\/2024\/04\/POSTER-CONCERT-1-1.pdf\"><img loading=\"lazy\" decoding=\"async\" class=\"aligncenter wp-image-3873\" src=\"https:\/\/agora.xtec.cat\/ceipmediterrania\/wp-content\/uploads\/usu1771\/2024\/04\/Captura-de-pantalla-2024-04-18-101232.png\" alt=\"\" width=\"328\" height=\"456\" srcset=\"https:\/\/agora.xtec.cat\/ceipmediterrania\/wp-content\/uploads\/usu1771\/2024\/04\/Captura-de-pantalla-2024-04-18-101232.png 576w, https:\/\/agora.xtec.cat\/ceipmediterrania\/wp-content\/uploads\/usu1771\/2024\/04\/Captura-de-pantalla-2024-04-18-101232-215x300.png 215w\" sizes=\"auto, (max-width: 328px) 100vw, 328px\" \/><\/a><\/td>\n<\/tr>\n<\/tbody>\n<\/table>\n<p>&nbsp;<\/p>\n<p>&nbsp;<\/p>\n","protected":false},"excerpt":{"rendered":"<p>Com cada any, els nens i les nenes de 3r de l&#8217;Escola Mediterr\u00e0nia, amb motiu del Dia Internacional de la [&hellip;]<\/p>\n","protected":false},"author":1,"featured_media":0,"comment_status":"open","ping_status":"closed","sticky":false,"template":"","format":"standard","meta":{"_bbp_topic_count":0,"_bbp_reply_count":0,"_bbp_total_topic_count":0,"_bbp_total_reply_count":0,"_bbp_voice_count":0,"_bbp_anonymous_reply_count":0,"_bbp_topic_count_hidden":0,"_bbp_reply_count_hidden":0,"_bbp_forum_subforum_count":0,"site-sidebar-layout":"default","site-content-layout":"","ast-site-content-layout":"","site-content-style":"default","site-sidebar-style":"default","ast-global-header-display":"","ast-banner-title-visibility":"","ast-main-header-display":"","ast-hfb-above-header-display":"","ast-hfb-below-header-display":"","ast-hfb-mobile-header-display":"","site-post-title":"","ast-breadcrumbs-content":"","ast-featured-img":"","footer-sml-layout":"","theme-transparent-header-meta":"","adv-header-id-meta":"","stick-header-meta":"","header-above-stick-meta":"","header-main-stick-meta":"","header-below-stick-meta":"","astra-migrate-meta-layouts":"default","ast-page-background-enabled":"default","ast-page-background-meta":{"desktop":{"background-color":"var(--ast-global-color-4)","background-image":"","background-repeat":"repeat","background-position":"center center","background-size":"auto","background-attachment":"scroll","background-type":"","background-media":"","overlay-type":"","overlay-color":"","overlay-opacity":"","overlay-gradient":""},"tablet":{"background-color":"","background-image":"","background-repeat":"repeat","background-position":"center center","background-size":"auto","background-attachment":"scroll","background-type":"","background-media":"","overlay-type":"","overlay-color":"","overlay-opacity":"","overlay-gradient":""},"mobile":{"background-color":"","background-image":"","background-repeat":"repeat","background-position":"center center","background-size":"auto","background-attachment":"scroll","background-type":"","background-media":"","overlay-type":"","overlay-color":"","overlay-opacity":"","overlay-gradient":""}},"ast-content-background-meta":{"desktop":{"background-color":"var(--ast-global-color-5)","background-image":"","background-repeat":"repeat","background-position":"center center","background-size":"auto","background-attachment":"scroll","background-type":"","background-media":"","overlay-type":"","overlay-color":"","overlay-opacity":"","overlay-gradient":""},"tablet":{"background-color":"var(--ast-global-color-5)","background-image":"","background-repeat":"repeat","background-position":"center center","background-size":"auto","background-attachment":"scroll","background-type":"","background-media":"","overlay-type":"","overlay-color":"","overlay-opacity":"","overlay-gradient":""},"mobile":{"background-color":"var(--ast-global-color-5)","background-image":"","background-repeat":"repeat","background-position":"center center","background-size":"auto","background-attachment":"scroll","background-type":"","background-media":"","overlay-type":"","overlay-color":"","overlay-opacity":"","overlay-gradient":""}},"footnotes":""},"categories":[78,1],"tags":[],"class_list":["post-3869","post","type-post","status-publish","format-standard","hentry","category-cicle-mitja","category-general"],"post_mailing_queue_ids":[],"_links":{"self":[{"href":"https:\/\/agora.xtec.cat\/ceipmediterrania\/wp-json\/wp\/v2\/posts\/3869","targetHints":{"allow":["GET"]}}],"collection":[{"href":"https:\/\/agora.xtec.cat\/ceipmediterrania\/wp-json\/wp\/v2\/posts"}],"about":[{"href":"https:\/\/agora.xtec.cat\/ceipmediterrania\/wp-json\/wp\/v2\/types\/post"}],"author":[{"embeddable":true,"href":"https:\/\/agora.xtec.cat\/ceipmediterrania\/wp-json\/wp\/v2\/users\/1"}],"replies":[{"embeddable":true,"href":"https:\/\/agora.xtec.cat\/ceipmediterrania\/wp-json\/wp\/v2\/comments?post=3869"}],"version-history":[{"count":6,"href":"https:\/\/agora.xtec.cat\/ceipmediterrania\/wp-json\/wp\/v2\/posts\/3869\/revisions"}],"predecessor-version":[{"id":3927,"href":"https:\/\/agora.xtec.cat\/ceipmediterrania\/wp-json\/wp\/v2\/posts\/3869\/revisions\/3927"}],"wp:attachment":[{"href":"https:\/\/agora.xtec.cat\/ceipmediterrania\/wp-json\/wp\/v2\/media?parent=3869"}],"wp:term":[{"taxonomy":"category","embeddable":true,"href":"https:\/\/agora.xtec.cat\/ceipmediterrania\/wp-json\/wp\/v2\/categories?post=3869"},{"taxonomy":"post_tag","embeddable":true,"href":"https:\/\/agora.xtec.cat\/ceipmediterrania\/wp-json\/wp\/v2\/tags?post=3869"}],"curies":[{"name":"wp","href":"https:\/\/api.w.org\/{rel}","templated":true}]}}