{"id":3811,"date":"2024-03-12T12:35:31","date_gmt":"2024-03-12T11:35:31","guid":{"rendered":"https:\/\/agora.xtec.cat\/ceipmediterrania\/?p=3811"},"modified":"2025-02-10T15:16:23","modified_gmt":"2025-02-10T14:16:23","slug":"psicomotricitat-a-lescola","status":"publish","type":"post","link":"https:\/\/agora.xtec.cat\/ceipmediterrania\/general\/psicomotricitat-a-lescola\/","title":{"rendered":"PSICOMOTRICITAT A L&#8217;ESCOLA"},"content":{"rendered":"<p><span style=\"font-weight: 400;\">Aquest curs els infants d\u2019Educaci\u00f3 Infantil estem gaudint molt de les sessions de psicomotricitat. Ens basem en la pr\u00e0ctica psicomotriu de Bernard Aucouturier, ja que t\u00e9 en compte el desenvolupament de l\u2019infant en tota la seva globalitat,\u00a0 permetent la descoberta del propi cos, guanyar seguretat i confian\u00e7a en un mateix davant dels nous reptes que es plantegen a la sala. Tamb\u00e9 \u00e9s un lloc idoni per establir relacions amb els altres, on es posen en joc molts aspectes necessaris per a un bon desenvolupament de l\u2019infant.<\/span><\/p>\n<p><span style=\"font-weight: 400;\">Els nens i nenes esperen amb molta il\u00b7lusi\u00f3 que arribi aquella tarda de la setmana que ens toca Psico per poder anar al gimn\u00e0s a gaudir jugant amb el nostre cos. Primer de tot agafem els mitjons i l\u2019ampolla d\u2019aigua per anar cap al gimn\u00e0s. Un cop all\u00e0 fem el ritual d\u2019entrada que consisteix a deixar l\u2019aigua al banc, treure\u2019ns les sabates i posar-nos els mitjons antilliscants. Quan ja estem tots preparats en rotllana recordem les normes de la sala per tal d\u2019aconseguir passar-nos-ho d\u2019all\u00f2 m\u00e9s b\u00e9. Tot seguit arriba el moment m\u00e9s esperat per tothom: El joc amb el cos! Per comen\u00e7ar les nenes i nens poden destruir el mur que hi ha preparat a la sala. Despr\u00e9s cadasc\u00fa podr\u00e0 triar que far\u00e0 a la sala, un espai dissenyat per l\u2019adult amb diferents propostes i materials tenint en compte les necessitats de cada grup. Aqu\u00ed els nens i nenes exploren l\u2019espai amb el seu propi cos fent salts, tombarelles, girs tamb\u00e9 poden construir, jugar amb les teles i crear el seu propi joc.\u00a0<\/span><\/p>\n<p><span style=\"font-weight: 400;\">Arriba el moment de la sessi\u00f3 que els nens i nenes han de deixar de jugar amb el seu cos per passar al ritual de sortida o l\u2019estona tranquil\u00b7la, que \u00e9s com li diem nosaltres. \u00c9s el moment de la sessi\u00f3 on tot el que ha passat pel cos en forma de joc passa per la ment per poder ser representat. En aquests moments la mestra pot explicar un conte, o deixar fulls i colors per dibuixar, fer construccions o conversar sobre aquells aspectes que volem destacar de la sessi\u00f3 viscuda.<\/span><\/p>\n<p><span style=\"font-weight: 400;\">\u00c9s hora de tornar cap a la classe i preparar-nos per marxar cap a casa. Fins a la setmana vinent! Feu clic a la imatge per accedir a la <a href=\"https:\/\/photos.app.goo.gl\/t3siaACqWgq4teqbA\">galeria de fotos<\/a>.<\/span><\/p>\n<p><a href=\"https:\/\/photos.app.goo.gl\/t3siaACqWgq4teqbA\"><img loading=\"lazy\" decoding=\"async\" class=\"aligncenter size-large wp-image-3812\" src=\"https:\/\/agora.xtec.cat\/ceipmediterrania\/wp-content\/uploads\/usu1771\/2024\/03\/Foto-de-Ingrid-1024x461.jpg\" alt=\"\" width=\"1024\" height=\"461\" srcset=\"https:\/\/agora.xtec.cat\/ceipmediterrania\/wp-content\/uploads\/usu1771\/2024\/03\/Foto-de-Ingrid-1024x461.jpg 1024w, https:\/\/agora.xtec.cat\/ceipmediterrania\/wp-content\/uploads\/usu1771\/2024\/03\/Foto-de-Ingrid-300x135.jpg 300w, https:\/\/agora.xtec.cat\/ceipmediterrania\/wp-content\/uploads\/usu1771\/2024\/03\/Foto-de-Ingrid-768x346.jpg 768w, https:\/\/agora.xtec.cat\/ceipmediterrania\/wp-content\/uploads\/usu1771\/2024\/03\/Foto-de-Ingrid-1536x692.jpg 1536w, https:\/\/agora.xtec.cat\/ceipmediterrania\/wp-content\/uploads\/usu1771\/2024\/03\/Foto-de-Ingrid.jpg 1600w\" sizes=\"auto, (max-width: 1024px) 100vw, 1024px\" \/><\/a><\/p>\n","protected":false},"excerpt":{"rendered":"<p>Aquest curs els infants d\u2019Educaci\u00f3 Infantil estem gaudint molt de les sessions de psicomotricitat. Ens basem en la pr\u00e0ctica psicomotriu [&hellip;]<\/p>\n","protected":false},"author":1,"featured_media":0,"comment_status":"open","ping_status":"closed","sticky":false,"template":"","format":"standard","meta":{"_bbp_topic_count":0,"_bbp_reply_count":0,"_bbp_total_topic_count":0,"_bbp_total_reply_count":0,"_bbp_voice_count":0,"_bbp_anonymous_reply_count":0,"_bbp_topic_count_hidden":0,"_bbp_reply_count_hidden":0,"_bbp_forum_subforum_count":0,"site-sidebar-layout":"default","site-content-layout":"","ast-site-content-layout":"","site-content-style":"default","site-sidebar-style":"default","ast-global-header-display":"","ast-banner-title-visibility":"","ast-main-header-display":"","ast-hfb-above-header-display":"","ast-hfb-below-header-display":"","ast-hfb-mobile-header-display":"","site-post-title":"","ast-breadcrumbs-content":"","ast-featured-img":"","footer-sml-layout":"","theme-transparent-header-meta":"","adv-header-id-meta":"","stick-header-meta":"","header-above-stick-meta":"","header-main-stick-meta":"","header-below-stick-meta":"","astra-migrate-meta-layouts":"default","ast-page-background-enabled":"default","ast-page-background-meta":{"desktop":{"background-color":"var(--ast-global-color-4)","background-image":"","background-repeat":"repeat","background-position":"center center","background-size":"auto","background-attachment":"scroll","background-type":"","background-media":"","overlay-type":"","overlay-color":"","overlay-opacity":"","overlay-gradient":""},"tablet":{"background-color":"","background-image":"","background-repeat":"repeat","background-position":"center center","background-size":"auto","background-attachment":"scroll","background-type":"","background-media":"","overlay-type":"","overlay-color":"","overlay-opacity":"","overlay-gradient":""},"mobile":{"background-color":"","background-image":"","background-repeat":"repeat","background-position":"center center","background-size":"auto","background-attachment":"scroll","background-type":"","background-media":"","overlay-type":"","overlay-color":"","overlay-opacity":"","overlay-gradient":""}},"ast-content-background-meta":{"desktop":{"background-color":"var(--ast-global-color-5)","background-image":"","background-repeat":"repeat","background-position":"center center","background-size":"auto","background-attachment":"scroll","background-type":"","background-media":"","overlay-type":"","overlay-color":"","overlay-opacity":"","overlay-gradient":""},"tablet":{"background-color":"var(--ast-global-color-5)","background-image":"","background-repeat":"repeat","background-position":"center center","background-size":"auto","background-attachment":"scroll","background-type":"","background-media":"","overlay-type":"","overlay-color":"","overlay-opacity":"","overlay-gradient":""},"mobile":{"background-color":"var(--ast-global-color-5)","background-image":"","background-repeat":"repeat","background-position":"center center","background-size":"auto","background-attachment":"scroll","background-type":"","background-media":"","overlay-type":"","overlay-color":"","overlay-opacity":"","overlay-gradient":""}},"footnotes":""},"categories":[136,83,1],"tags":[],"class_list":["post-3811","post","type-post","status-publish","format-standard","hentry","category-educacio-fisica","category-educacio-infantil-23","category-general"],"post_mailing_queue_ids":[],"_links":{"self":[{"href":"https:\/\/agora.xtec.cat\/ceipmediterrania\/wp-json\/wp\/v2\/posts\/3811","targetHints":{"allow":["GET"]}}],"collection":[{"href":"https:\/\/agora.xtec.cat\/ceipmediterrania\/wp-json\/wp\/v2\/posts"}],"about":[{"href":"https:\/\/agora.xtec.cat\/ceipmediterrania\/wp-json\/wp\/v2\/types\/post"}],"author":[{"embeddable":true,"href":"https:\/\/agora.xtec.cat\/ceipmediterrania\/wp-json\/wp\/v2\/users\/1"}],"replies":[{"embeddable":true,"href":"https:\/\/agora.xtec.cat\/ceipmediterrania\/wp-json\/wp\/v2\/comments?post=3811"}],"version-history":[{"count":3,"href":"https:\/\/agora.xtec.cat\/ceipmediterrania\/wp-json\/wp\/v2\/posts\/3811\/revisions"}],"predecessor-version":[{"id":4055,"href":"https:\/\/agora.xtec.cat\/ceipmediterrania\/wp-json\/wp\/v2\/posts\/3811\/revisions\/4055"}],"wp:attachment":[{"href":"https:\/\/agora.xtec.cat\/ceipmediterrania\/wp-json\/wp\/v2\/media?parent=3811"}],"wp:term":[{"taxonomy":"category","embeddable":true,"href":"https:\/\/agora.xtec.cat\/ceipmediterrania\/wp-json\/wp\/v2\/categories?post=3811"},{"taxonomy":"post_tag","embeddable":true,"href":"https:\/\/agora.xtec.cat\/ceipmediterrania\/wp-json\/wp\/v2\/tags?post=3811"}],"curies":[{"name":"wp","href":"https:\/\/api.w.org\/{rel}","templated":true}]}}