{"id":3514,"date":"2023-12-19T15:56:09","date_gmt":"2023-12-19T14:56:09","guid":{"rendered":"https:\/\/agora.xtec.cat\/ceipmediterrania\/?p=3514"},"modified":"2024-01-09T16:01:50","modified_gmt":"2024-01-09T15:01:50","slug":"cantada-de-nadales-19-de-desembre-2023","status":"publish","type":"post","link":"https:\/\/agora.xtec.cat\/ceipmediterrania\/general\/cantada-de-nadales-19-de-desembre-2023\/","title":{"rendered":"Cantada de Nadales 19 de desembre 2023"},"content":{"rendered":"<h4><a href=\"https:\/\/photos.app.goo.gl\/6tQaHABXzDQLE8178\"><img loading=\"lazy\" decoding=\"async\" class=\"aligncenter wp-image-3510\" src=\"https:\/\/agora.xtec.cat\/ceipmediterrania\/wp-content\/uploads\/usu1771\/2023\/11\/portada-cantada-1--1024x576.jpg\" alt=\"\" width=\"987\" height=\"555\" srcset=\"https:\/\/agora.xtec.cat\/ceipmediterrania\/wp-content\/uploads\/usu1771\/2023\/11\/portada-cantada-1--1024x576.jpg 1024w, https:\/\/agora.xtec.cat\/ceipmediterrania\/wp-content\/uploads\/usu1771\/2023\/11\/portada-cantada-1--300x169.jpg 300w, https:\/\/agora.xtec.cat\/ceipmediterrania\/wp-content\/uploads\/usu1771\/2023\/11\/portada-cantada-1--768x432.jpg 768w, https:\/\/agora.xtec.cat\/ceipmediterrania\/wp-content\/uploads\/usu1771\/2023\/11\/portada-cantada-1-.jpg 1280w\" sizes=\"auto, (max-width: 987px) 100vw, 987px\" \/><\/a><\/h4>\n<h4 style=\"text-align: center;\">Programa Cantada de Nadales dimarts 19 de desembre<\/h4>\n<table style=\"border-collapse: collapse; width: 100%; height: 250px;\">\n<tbody>\n<tr style=\"height: 32px;\">\n<td style=\"width: 33.3333%; height: 32px; background-color: #d984a6; text-align: center;\"><strong>Educaci\u00f3 Infantil 3<\/strong><\/td>\n<td style=\"width: 33.3333%; height: 32px; text-align: center; background-color: #d984a6;\"><strong>Educaci\u00f3 Infantil 4<\/strong><\/td>\n<td style=\"width: 33.3333%; height: 32px; text-align: center; background-color: #d984a6;\"><strong>Educaci\u00f3 Infantil 5<\/strong><\/td>\n<\/tr>\n<tr style=\"height: 32px;\">\n<td style=\"width: 33.3333%; text-align: center; height: 32px;\"><a href=\"https:\/\/www.youtube.com\/watch?v=9LASQaVNBcY\">El Tortell<\/a><\/td>\n<td style=\"width: 33.3333%; text-align: center; height: 32px;\"><a href=\"https:\/\/www.youtube.com\/watch?v=udz-DpbspS8\">Primer ve Nadal<\/a><\/td>\n<td style=\"width: 33.3333%; text-align: center; height: 32px;\"><a href=\"https:\/\/www.youtube.com\/watch?v=sO2Np2892_4\">Ninot de neu (Pa\u00eds de Xauxa)<\/a><\/td>\n<\/tr>\n<tr style=\"height: 32px;\">\n<td style=\"width: 33.3333%; height: 32px; text-align: center; background-color: #edab64;\"><strong>Cicle Inicial 1r<\/strong><\/td>\n<td style=\"width: 33.3333%; height: 32px; text-align: center; background-color: #edab64;\"><strong>Cicle Inicial 2n\u00a0<\/strong><\/td>\n<td style=\"width: 33.3333%; height: 32px; background-color: #97e663; text-align: center;\"><strong>Cicle Mitj\u00e0 3r<\/strong><\/td>\n<\/tr>\n<tr style=\"height: 32px;\">\n<td style=\"width: 33.3333%; height: 32px; text-align: center;\"><a href=\"https:\/\/www.youtube.com\/watch?v=aF7ALdeyDos\">Llums de Nadal<\/a><\/td>\n<td style=\"width: 33.3333%; height: 32px; text-align: center;\"><a href=\"https:\/\/www.youtube.com\/watch?v=BqlmOGk3avM\">Bona nit (La Clika)<\/a><\/td>\n<td style=\"width: 33.3333%; height: 32px; text-align: center;\"><a href=\"https:\/\/www.youtube.com\/watch?v=3jzxDVCv8lA\"><span id=\"m_5246204464335152646gmail-docs-internal-guid-cb659236-7fff-58cf-0cc9-92c3a3a16530\">Ti\u00f3 de Nadal (El pot petit)<\/span>\u00a0<\/a><\/td>\n<\/tr>\n<tr style=\"height: 32px;\">\n<td style=\"width: 33.3333%; height: 32px; background-color: #97e663; text-align: center;\"><strong>Cicle Mitj\u00e0 4t<\/strong><\/td>\n<td style=\"width: 33.3333%; text-align: center; height: 32px; background-color: #7dcdf0;\"><strong>Cicle Superior 5\u00e8\u00a0<\/strong><\/td>\n<td style=\"width: 33.3333%; text-align: center; height: 32px; background-color: #7dcdf0;\"><strong>Cicle Superior 6\u00e8<\/strong><\/td>\n<\/tr>\n<tr style=\"height: 32px;\">\n<td style=\"width: 33.3333%; text-align: center; height: 32px;\">Concert del Projecte de Cordes<\/td>\n<td style=\"width: 33.3333%; text-align: center; height: 32px;\"><a href=\"https:\/\/www.youtube.com\/watch?v=LC1v6pvMBto\">Tingueu bon Nadal (Landry)<\/a><\/td>\n<td style=\"width: 33.3333%; text-align: center; height: 32px;\"><a href=\"https:\/\/www.youtube.com\/watch?v=Q3P_lI59qMA\"><span id=\"m_5246204464335152646gmail-docs-internal-guid-2ddf9a39-7fff-a3ef-a70e-caf6d78b4d16\">M\u2019agrada el Nadal (D\u00e0maris Gelabert)<\/span>\u00a0\u00a0<\/a><\/td>\n<\/tr>\n<\/tbody>\n<\/table>\n<h3 style=\"text-align: center;\"><a href=\"https:\/\/agora.xtec.cat\/ceipmediterrania\/activitats-nadal-23\/\">ENLLA\u00c7 A TOTES LES ACTIVITATS NADAL 2023<\/a><\/h3>\n","protected":false},"excerpt":{"rendered":"<p>Programa Cantada de Nadales dimarts 19 de desembre Educaci\u00f3 Infantil 3 Educaci\u00f3 Infantil 4 Educaci\u00f3 Infantil 5 El Tortell Primer [&hellip;]<\/p>\n","protected":false},"author":1,"featured_media":0,"comment_status":"open","ping_status":"closed","sticky":false,"template":"","format":"standard","meta":{"_bbp_topic_count":0,"_bbp_reply_count":0,"_bbp_total_topic_count":0,"_bbp_total_reply_count":0,"_bbp_voice_count":0,"_bbp_anonymous_reply_count":0,"_bbp_topic_count_hidden":0,"_bbp_reply_count_hidden":0,"_bbp_forum_subforum_count":0,"site-sidebar-layout":"default","site-content-layout":"","ast-site-content-layout":"","site-content-style":"default","site-sidebar-style":"default","ast-global-header-display":"","ast-banner-title-visibility":"","ast-main-header-display":"","ast-hfb-above-header-display":"","ast-hfb-below-header-display":"","ast-hfb-mobile-header-display":"","site-post-title":"","ast-breadcrumbs-content":"","ast-featured-img":"","footer-sml-layout":"","theme-transparent-header-meta":"","adv-header-id-meta":"","stick-header-meta":"","header-above-stick-meta":"","header-main-stick-meta":"","header-below-stick-meta":"","astra-migrate-meta-layouts":"default","ast-page-background-enabled":"default","ast-page-background-meta":{"desktop":{"background-color":"var(--ast-global-color-4)","background-image":"","background-repeat":"repeat","background-position":"center center","background-size":"auto","background-attachment":"scroll","background-type":"","background-media":"","overlay-type":"","overlay-color":"","overlay-opacity":"","overlay-gradient":""},"tablet":{"background-color":"","background-image":"","background-repeat":"repeat","background-position":"center center","background-size":"auto","background-attachment":"scroll","background-type":"","background-media":"","overlay-type":"","overlay-color":"","overlay-opacity":"","overlay-gradient":""},"mobile":{"background-color":"","background-image":"","background-repeat":"repeat","background-position":"center center","background-size":"auto","background-attachment":"scroll","background-type":"","background-media":"","overlay-type":"","overlay-color":"","overlay-opacity":"","overlay-gradient":""}},"ast-content-background-meta":{"desktop":{"background-color":"var(--ast-global-color-5)","background-image":"","background-repeat":"repeat","background-position":"center center","background-size":"auto","background-attachment":"scroll","background-type":"","background-media":"","overlay-type":"","overlay-color":"","overlay-opacity":"","overlay-gradient":""},"tablet":{"background-color":"var(--ast-global-color-5)","background-image":"","background-repeat":"repeat","background-position":"center center","background-size":"auto","background-attachment":"scroll","background-type":"","background-media":"","overlay-type":"","overlay-color":"","overlay-opacity":"","overlay-gradient":""},"mobile":{"background-color":"var(--ast-global-color-5)","background-image":"","background-repeat":"repeat","background-position":"center center","background-size":"auto","background-attachment":"scroll","background-type":"","background-media":"","overlay-type":"","overlay-color":"","overlay-opacity":"","overlay-gradient":""}},"footnotes":""},"categories":[86,85,78,79,83,84,1],"tags":[],"class_list":["post-3514","post","type-post","status-publish","format-standard","hentry","category-aula-siei","category-cicle-inicial","category-cicle-mitja","category-cicle-superior","category-educacio-infantil-23","category-educacio-primaria-23","category-general"],"post_mailing_queue_ids":[],"_links":{"self":[{"href":"https:\/\/agora.xtec.cat\/ceipmediterrania\/wp-json\/wp\/v2\/posts\/3514","targetHints":{"allow":["GET"]}}],"collection":[{"href":"https:\/\/agora.xtec.cat\/ceipmediterrania\/wp-json\/wp\/v2\/posts"}],"about":[{"href":"https:\/\/agora.xtec.cat\/ceipmediterrania\/wp-json\/wp\/v2\/types\/post"}],"author":[{"embeddable":true,"href":"https:\/\/agora.xtec.cat\/ceipmediterrania\/wp-json\/wp\/v2\/users\/1"}],"replies":[{"embeddable":true,"href":"https:\/\/agora.xtec.cat\/ceipmediterrania\/wp-json\/wp\/v2\/comments?post=3514"}],"version-history":[{"count":2,"href":"https:\/\/agora.xtec.cat\/ceipmediterrania\/wp-json\/wp\/v2\/posts\/3514\/revisions"}],"predecessor-version":[{"id":3527,"href":"https:\/\/agora.xtec.cat\/ceipmediterrania\/wp-json\/wp\/v2\/posts\/3514\/revisions\/3527"}],"wp:attachment":[{"href":"https:\/\/agora.xtec.cat\/ceipmediterrania\/wp-json\/wp\/v2\/media?parent=3514"}],"wp:term":[{"taxonomy":"category","embeddable":true,"href":"https:\/\/agora.xtec.cat\/ceipmediterrania\/wp-json\/wp\/v2\/categories?post=3514"},{"taxonomy":"post_tag","embeddable":true,"href":"https:\/\/agora.xtec.cat\/ceipmediterrania\/wp-json\/wp\/v2\/tags?post=3514"}],"curies":[{"name":"wp","href":"https:\/\/api.w.org\/{rel}","templated":true}]}}