{"id":3477,"date":"2023-12-15T14:11:35","date_gmt":"2023-12-15T13:11:35","guid":{"rendered":"https:\/\/agora.xtec.cat\/ceipmediterrania\/?p=3477"},"modified":"2024-01-19T16:19:52","modified_gmt":"2024-01-19T15:19:52","slug":"racons-a-cicle-mitja-2","status":"publish","type":"post","link":"https:\/\/agora.xtec.cat\/ceipmediterrania\/general\/racons-a-cicle-mitja-2\/","title":{"rendered":"Racons a cicle mitj\u00e0"},"content":{"rendered":"<p style=\"text-align: justify;\">La tarda dels dimecres \u00e9s la tarda de racons per als nens i nenes de 3r i 4t.<\/p>\n<p style=\"text-align: justify;\">Hi ha 8 propostes de racons que s\u00f3n una manera diferent i l\u00fadica de treballar, a m\u00e9s d&#8217;una oportunitat de compartir activitats amb companys i companyes d&#8217;altres grups. A continuaci\u00f3 us expliquem una mica quins s\u00f3n.<\/p>\n<p style=\"text-align: justify;\"><strong><span style=\"color: #008000;\">CANVIEM ELS CONTES<\/span><\/strong><\/p>\n<p style=\"text-align: justify;\">A aquest rac\u00f3 els nens i les nenes hauran de fer servir la seva imaginaci\u00f3 per tal de transformar un conte cl\u00e0ssic en un conte diferent i tamb\u00e9, perqu\u00e8 no, m\u00e9s divertit. El treball es fa amb presentacions de Google i els infants treballaran les nocions b\u00e0siques per fer una presentaci\u00f3 de diapositives, inserir imatges i fotografies, donar format al text, entre d\u2019altres coses.<\/p>\n<p style=\"text-align: justify;\"><strong><span style=\"color: #008000;\">ARTS AND CRAFTS<\/span><\/strong><\/p>\n<p style=\"text-align: justify;\">En aquest rac\u00f3 farem manualitats de diferents tipus explicant les instruccions i materials que farem servir en llengua anglesa per tal de poder ampliar els seus coneixements d\u2019aquest idioma. Al finalitzar cada activitat, faran una feina per escrit per tal de recordar i acabar d\u2019assolir el vocabulari i expressions treballades durant el rac\u00f3.<\/p>\n<p style=\"text-align: justify;\"><strong><span style=\"color: #008000;\">APPRENENT<\/span><\/strong><\/p>\n<p style=\"text-align: justify;\">Amb els chromebooks utilitzem <a href=\"https:\/\/anton.app\/es\/\">Anton.app,<\/a> un plataforma amb continguts interactius de diferents mat\u00e8ries: llengua ,coneixement del medi i matem\u00e0tiques. A mida que l\u2019alumnat fa b\u00e9 les tasques, va acumulant cr\u00e8dits per a poder jugar als jocs que tamb\u00e9 ofereix la plataforma. Els alumnes tenen un codi d\u2019usuari i clau d\u2019acc\u00e9s, formen part d\u2019un grup que es controla des de la consola d\u2019administraci\u00f3 de l\u2019aplicaci\u00f3 on el mestre pot bloquejar els jocs durant un temps per a potenciar el temps d\u2019aprenentatge. L\u2019est\u00edmul recau en que per poder accedir als jocs cal centrar-se en fer b\u00e9 els continguts interactius proposats. Es pot seguir utilitzant l\u2019aplicaci\u00f3 a casa des de qualsevol dispositiu, per poder accedir al compte personal s\u2019entrega a l\u2019alumnat un codi QR amb la clau i contrasenya que enganxen cadasc\u00fa a la seva agenda.<\/p>\n<p style=\"text-align: justify;\"><span style=\"color: #008000;\"><strong>JUGUEM AMB LES MATES!<\/strong><\/span><\/p>\n<p style=\"text-align: justify;\">En aquest rac\u00f3 el que pretenem \u00e9s aprendre les taules de multiplicar tot jugant. Per un costat, aprendrem, a grans trets, qui va ser Pit\u00e0gores i com funciona la seva taula pitag\u00f2rica de multiplicar. Despr\u00e9s, crearem la nostra pr\u00f2pia taula pitag\u00f2rica per despr\u00e9s poder-la fer servir per jugar! A partir de jocs com la oca multiplicativa, el d\u00f2mino i el memory i amb els i les companys i companyes juguem mentre aprenem i compartim aprenentatges matem\u00e0tics.<\/p>\n<p style=\"text-align: justify;\"><span style=\"color: #008000;\"><strong>VOLUM<\/strong><\/span><\/p>\n<p style=\"text-align: justify;\">En el rac\u00f3 del volum es realitzen diverses creacions amb fang i despr\u00e9s ho pinten. La principal idea d\u2019aquest rac\u00f3 \u00e9s aconseguir que explorin les possibilitats d\u2019aquest material i ho puguin transmetre a l\u2019aula. A trav\u00e9s del fang han d\u2019aprendre a modelar amb les mans, a desenvolupar la imaginaci\u00f3 i creativitat i a utilitzar un llenguatge art\u00edstic adient.<\/p>\n<p style=\"text-align: justify;\"><span style=\"color: #008000;\"><strong>HORT I EXPERIMENTACI\u00d3<\/strong><\/span><\/p>\n<p style=\"text-align: justify;\">En el rac\u00f3 de l\u2019hort i experimentaci\u00f3 estem creant l\u2019hort d\u2019escola, un planter de faves i mantenir-lo viu. Creem un espai de planter de les diferents llavors i respectar el calendari de plantaci\u00f3. A mesura que l\u2019hort vagi avan\u00e7ant farem experiments relacionat amb les plantes, reproducci\u00f3 de les plantes, el seu creixement\u2026.<\/p>\n<p style=\"text-align: justify;\"><span style=\"color: #008000;\"><strong>MEM\u00d2RIA VISUAL<\/strong><\/span><\/p>\n<p style=\"text-align: justify;\">La mem\u00f2ria visual consisteix en, despr\u00e9s d\u2019haver observat objectes o formes, ser capa\u00e7 de recordar les seves caracter\u00edstiques i informaci\u00f3 sobre all\u00f2 que s\u2019ha vist. Aquesta habilitat \u00e9s especialment important en l\u2019ortografia. Primer treballarem amb dos objectes, per parelles i posteriorment anirem afegint m\u00e9s objectes i finalment treballarem amb paraules.<\/p>\n<p style=\"text-align: justify;\"><strong><span style=\"color: #008000;\">CONTES I PERSONATGES<\/span><\/strong><\/p>\n<p style=\"text-align: justify;\">Al rac\u00f3 de &#8220;Contes i personatges&#8221; gaudim de les hist\u00f2ries ens expliquen els contes, tant llegint com escoltant audiollibres. Els llegim i escoltem per analitzar-los, des del missatge que ens transmeten fins als elements que els componen. Els infants descobreixen l&#8217;emissor, el receptor, la llengua escrita, els personatges o les il\u00b7lustracions en converses grupals. I per acabar creen els seus llibres partint de la hist\u00f2ria que volen explicar, passant a la redacci\u00f3 i a les il\u00b7lustracions, convertint-se aix\u00ed en petits escriptors i petites escriptores.<\/p>\n<p style=\"text-align: justify;\">En aquest <a href=\"https:\/\/photos.app.goo.gl\/5fZ3JaQnHDZPYcAS9\">enlla\u00e7<\/a> podreu veure algunes imatges de tots els racons. Esperem que us agradin les propostes!<\/p>\n<p><a href=\"https:\/\/agora.xtec.cat\/ceipmediterrania\/wp-content\/uploads\/usu1771\/2023\/12\/Image-2023-7.jpeg\"><img loading=\"lazy\" decoding=\"async\" class=\"aligncenter size-full wp-image-3478\" src=\"https:\/\/agora.xtec.cat\/ceipmediterrania\/wp-content\/uploads\/usu1771\/2023\/12\/Image-2023-7.jpeg\" alt=\"\" width=\"1024\" height=\"768\" srcset=\"https:\/\/agora.xtec.cat\/ceipmediterrania\/wp-content\/uploads\/usu1771\/2023\/12\/Image-2023-7.jpeg 1024w, https:\/\/agora.xtec.cat\/ceipmediterrania\/wp-content\/uploads\/usu1771\/2023\/12\/Image-2023-7-300x225.jpeg 300w, https:\/\/agora.xtec.cat\/ceipmediterrania\/wp-content\/uploads\/usu1771\/2023\/12\/Image-2023-7-768x576.jpeg 768w, https:\/\/agora.xtec.cat\/ceipmediterrania\/wp-content\/uploads\/usu1771\/2023\/12\/Image-2023-7-200x150.jpeg 200w\" sizes=\"auto, (max-width: 1024px) 100vw, 1024px\" \/><\/a><\/p>\n","protected":false},"excerpt":{"rendered":"<p>La tarda dels dimecres \u00e9s la tarda de racons per als nens i nenes de 3r i 4t. Hi ha [&hellip;]<\/p>\n","protected":false},"author":1,"featured_media":0,"comment_status":"open","ping_status":"closed","sticky":false,"template":"","format":"standard","meta":{"_bbp_topic_count":0,"_bbp_reply_count":0,"_bbp_total_topic_count":0,"_bbp_total_reply_count":0,"_bbp_voice_count":0,"_bbp_anonymous_reply_count":0,"_bbp_topic_count_hidden":0,"_bbp_reply_count_hidden":0,"_bbp_forum_subforum_count":0,"site-sidebar-layout":"default","site-content-layout":"","ast-site-content-layout":"","site-content-style":"default","site-sidebar-style":"default","ast-global-header-display":"","ast-banner-title-visibility":"","ast-main-header-display":"","ast-hfb-above-header-display":"","ast-hfb-below-header-display":"","ast-hfb-mobile-header-display":"","site-post-title":"","ast-breadcrumbs-content":"","ast-featured-img":"","footer-sml-layout":"","theme-transparent-header-meta":"","adv-header-id-meta":"","stick-header-meta":"","header-above-stick-meta":"","header-main-stick-meta":"","header-below-stick-meta":"","astra-migrate-meta-layouts":"default","ast-page-background-enabled":"default","ast-page-background-meta":{"desktop":{"background-color":"var(--ast-global-color-4)","background-image":"","background-repeat":"repeat","background-position":"center center","background-size":"auto","background-attachment":"scroll","background-type":"","background-media":"","overlay-type":"","overlay-color":"","overlay-opacity":"","overlay-gradient":""},"tablet":{"background-color":"","background-image":"","background-repeat":"repeat","background-position":"center center","background-size":"auto","background-attachment":"scroll","background-type":"","background-media":"","overlay-type":"","overlay-color":"","overlay-opacity":"","overlay-gradient":""},"mobile":{"background-color":"","background-image":"","background-repeat":"repeat","background-position":"center center","background-size":"auto","background-attachment":"scroll","background-type":"","background-media":"","overlay-type":"","overlay-color":"","overlay-opacity":"","overlay-gradient":""}},"ast-content-background-meta":{"desktop":{"background-color":"var(--ast-global-color-5)","background-image":"","background-repeat":"repeat","background-position":"center center","background-size":"auto","background-attachment":"scroll","background-type":"","background-media":"","overlay-type":"","overlay-color":"","overlay-opacity":"","overlay-gradient":""},"tablet":{"background-color":"var(--ast-global-color-5)","background-image":"","background-repeat":"repeat","background-position":"center center","background-size":"auto","background-attachment":"scroll","background-type":"","background-media":"","overlay-type":"","overlay-color":"","overlay-opacity":"","overlay-gradient":""},"mobile":{"background-color":"var(--ast-global-color-5)","background-image":"","background-repeat":"repeat","background-position":"center center","background-size":"auto","background-attachment":"scroll","background-type":"","background-media":"","overlay-type":"","overlay-color":"","overlay-opacity":"","overlay-gradient":""}},"footnotes":""},"categories":[78,84,1],"tags":[],"class_list":["post-3477","post","type-post","status-publish","format-standard","hentry","category-cicle-mitja","category-educacio-primaria-23","category-general"],"post_mailing_queue_ids":[],"_links":{"self":[{"href":"https:\/\/agora.xtec.cat\/ceipmediterrania\/wp-json\/wp\/v2\/posts\/3477","targetHints":{"allow":["GET"]}}],"collection":[{"href":"https:\/\/agora.xtec.cat\/ceipmediterrania\/wp-json\/wp\/v2\/posts"}],"about":[{"href":"https:\/\/agora.xtec.cat\/ceipmediterrania\/wp-json\/wp\/v2\/types\/post"}],"author":[{"embeddable":true,"href":"https:\/\/agora.xtec.cat\/ceipmediterrania\/wp-json\/wp\/v2\/users\/1"}],"replies":[{"embeddable":true,"href":"https:\/\/agora.xtec.cat\/ceipmediterrania\/wp-json\/wp\/v2\/comments?post=3477"}],"version-history":[{"count":2,"href":"https:\/\/agora.xtec.cat\/ceipmediterrania\/wp-json\/wp\/v2\/posts\/3477\/revisions"}],"predecessor-version":[{"id":3489,"href":"https:\/\/agora.xtec.cat\/ceipmediterrania\/wp-json\/wp\/v2\/posts\/3477\/revisions\/3489"}],"wp:attachment":[{"href":"https:\/\/agora.xtec.cat\/ceipmediterrania\/wp-json\/wp\/v2\/media?parent=3477"}],"wp:term":[{"taxonomy":"category","embeddable":true,"href":"https:\/\/agora.xtec.cat\/ceipmediterrania\/wp-json\/wp\/v2\/categories?post=3477"},{"taxonomy":"post_tag","embeddable":true,"href":"https:\/\/agora.xtec.cat\/ceipmediterrania\/wp-json\/wp\/v2\/tags?post=3477"}],"curies":[{"name":"wp","href":"https:\/\/api.w.org\/{rel}","templated":true}]}}