{"id":3445,"date":"2023-12-01T13:20:52","date_gmt":"2023-12-01T12:20:52","guid":{"rendered":"https:\/\/agora.xtec.cat\/ceipmediterrania\/?p=3445"},"modified":"2024-10-10T13:06:11","modified_gmt":"2024-10-10T11:06:11","slug":"dia-de-la-diversitat-funcional","status":"publish","type":"post","link":"https:\/\/agora.xtec.cat\/ceipmediterrania\/general\/dia-de-la-diversitat-funcional\/","title":{"rendered":"Dia de la diversitat funcional."},"content":{"rendered":"<p><a href=\"https:\/\/agora.xtec.cat\/ceipmediterrania\/wp-content\/uploads\/usu1771\/2023\/11\/disability-technology-collection-icons-set-vector-wheelchair-elevator-arm-leg-prosthesis-equipment-human-concept-206754359.jpg\"><img loading=\"lazy\" decoding=\"async\" class=\" wp-image-3451 alignleft\" src=\"https:\/\/agora.xtec.cat\/ceipmediterrania\/wp-content\/uploads\/usu1771\/2023\/11\/disability-technology-collection-icons-set-vector-wheelchair-elevator-arm-leg-prosthesis-equipment-human-concept-206754359.jpg\" alt=\"\" width=\"371\" height=\"307\" srcset=\"https:\/\/agora.xtec.cat\/ceipmediterrania\/wp-content\/uploads\/usu1771\/2023\/11\/disability-technology-collection-icons-set-vector-wheelchair-elevator-arm-leg-prosthesis-equipment-human-concept-206754359.jpg 631w, https:\/\/agora.xtec.cat\/ceipmediterrania\/wp-content\/uploads\/usu1771\/2023\/11\/disability-technology-collection-icons-set-vector-wheelchair-elevator-arm-leg-prosthesis-equipment-human-concept-206754359-300x248.jpg 300w\" sizes=\"auto, (max-width: 371px) 100vw, 371px\" \/><\/a><\/p>\n<p>Avui divendres 1 desembre tota l&#8217;escola participa en diversos tallers per tal de celebrar el &#8220;<em>Dia de la diversitat funcional&#8221;<\/em>, que se celebra el pr\u00f2xim diumenge 3 de desembre.<\/p>\n<p>L&#8217;alumnat de tots els cicles s&#8217;ha organitzat en diferents grups de treball i han participat al llarg de tota la jornada en diversos tallers amb l&#8217;objectiu de mostrar les capacitats de tothom i sensibilitzar l&#8217;alumnat de les potencialitats i diversitat que caracteritzen la nostra escola i el conjunt de la societat.<\/p>\n<p>Aquests s\u00f3n els tallers realitzats: llengua de signes, taller de pictogrames, taller de braille, circuit amb cadira de rodes, goalball; esport espec\u00edfic de persones amb defici\u00e8ncia visual.<\/p>\n<p>A m\u00e9s a m\u00e9s, l&#8217;alumnat de 5\u00e8 ha realitzat un mural al pati per tal de commemorar la celebraci\u00f3 d&#8217;aquesta jornada.<\/p>\n<p>Feu clic a l&#8217;enlla\u00e7 de cada etapa per accedir a la galeria d&#8217;imatges de la jornada.<\/p>\n<table style=\"border-collapse: collapse; width: 100%;\">\n<tbody>\n<tr>\n<td style=\"width: 25%; background-color: #f2c2d5; text-align: center;\"><a href=\"https:\/\/photos.app.goo.gl\/31TUkXHGo6KRuCNB9\"><strong>EDUCACI\u00d3 INFANTIL<\/strong><\/a><\/td>\n<td style=\"width: 25%; background-color: #f2d1ae; text-align: center;\"><a href=\"https:\/\/photos.app.goo.gl\/BgFSgd22XaMcQ1rHA\"><strong>CICLE INICIAL<\/strong><\/a><\/td>\n<td style=\"width: 25%; background-color: #bde2f2; text-align: center;\"><a href=\"https:\/\/photos.app.goo.gl\/oJv4yNkWaxwj1NUN7\"><strong>CICLE MITJ\u00c0<\/strong><\/a><\/td>\n<td style=\"width: 25%; background-color: #d5edc5; text-align: center;\"><a href=\"https:\/\/photos.app.goo.gl\/kvdpu78n86jx1zsGA\"><strong>CICLE SUPERIOR<\/strong><\/a><\/td>\n<\/tr>\n<tr>\n<td style=\"width: 25%; background-color: #f2c2d5; text-align: center;\"><strong><a href=\"https:\/\/photos.app.goo.gl\/31TUkXHGo6KRuCNB9\"><img loading=\"lazy\" decoding=\"async\" class=\"aligncenter size-full wp-image-3461\" src=\"https:\/\/agora.xtec.cat\/ceipmediterrania\/wp-content\/uploads\/usu1771\/2023\/12\/IMG_2099.jpg\" alt=\"\" width=\"1008\" height=\"567\" srcset=\"https:\/\/agora.xtec.cat\/ceipmediterrania\/wp-content\/uploads\/usu1771\/2023\/12\/IMG_2099.jpg 1008w, https:\/\/agora.xtec.cat\/ceipmediterrania\/wp-content\/uploads\/usu1771\/2023\/12\/IMG_2099-300x169.jpg 300w, https:\/\/agora.xtec.cat\/ceipmediterrania\/wp-content\/uploads\/usu1771\/2023\/12\/IMG_2099-768x432.jpg 768w\" sizes=\"auto, (max-width: 1008px) 100vw, 1008px\" \/><\/a><\/strong><\/td>\n<td style=\"width: 25%; background-color: #f2d1ae; text-align: center;\"><strong><a href=\"https:\/\/photos.app.goo.gl\/BgFSgd22XaMcQ1rHA\"><img loading=\"lazy\" decoding=\"async\" class=\"aligncenter size-large wp-image-3463\" src=\"https:\/\/agora.xtec.cat\/ceipmediterrania\/wp-content\/uploads\/usu1771\/2023\/12\/IMG_2109.jpg\" alt=\"\" width=\"1008\" height=\"567\" srcset=\"https:\/\/agora.xtec.cat\/ceipmediterrania\/wp-content\/uploads\/usu1771\/2023\/12\/IMG_2109.jpg 1008w, https:\/\/agora.xtec.cat\/ceipmediterrania\/wp-content\/uploads\/usu1771\/2023\/12\/IMG_2109-300x169.jpg 300w, https:\/\/agora.xtec.cat\/ceipmediterrania\/wp-content\/uploads\/usu1771\/2023\/12\/IMG_2109-768x432.jpg 768w\" sizes=\"auto, (max-width: 1008px) 100vw, 1008px\" \/><\/a><\/strong><\/td>\n<td style=\"width: 25%; background-color: #bde2f2; text-align: center;\"><strong><a href=\"https:\/\/photos.app.goo.gl\/oJv4yNkWaxwj1NUN7\"><img loading=\"lazy\" decoding=\"async\" class=\"aligncenter size-large wp-image-3464\" src=\"https:\/\/agora.xtec.cat\/ceipmediterrania\/wp-content\/uploads\/usu1771\/2023\/12\/IMG_2111.jpg\" alt=\"\" width=\"1008\" height=\"567\" srcset=\"https:\/\/agora.xtec.cat\/ceipmediterrania\/wp-content\/uploads\/usu1771\/2023\/12\/IMG_2111.jpg 1008w, https:\/\/agora.xtec.cat\/ceipmediterrania\/wp-content\/uploads\/usu1771\/2023\/12\/IMG_2111-300x169.jpg 300w, https:\/\/agora.xtec.cat\/ceipmediterrania\/wp-content\/uploads\/usu1771\/2023\/12\/IMG_2111-768x432.jpg 768w\" sizes=\"auto, (max-width: 1008px) 100vw, 1008px\" \/><\/a><\/strong><\/td>\n<td style=\"width: 25%; background-color: #d5edc5; text-align: center;\"><strong><a href=\"https:\/\/photos.app.goo.gl\/kvdpu78n86jx1zsGA\"><img loading=\"lazy\" decoding=\"async\" class=\"aligncenter size-large wp-image-3462\" src=\"https:\/\/agora.xtec.cat\/ceipmediterrania\/wp-content\/uploads\/usu1771\/2023\/12\/IMG_2102.jpg\" alt=\"\" width=\"1008\" height=\"567\" srcset=\"https:\/\/agora.xtec.cat\/ceipmediterrania\/wp-content\/uploads\/usu1771\/2023\/12\/IMG_2102.jpg 1008w, https:\/\/agora.xtec.cat\/ceipmediterrania\/wp-content\/uploads\/usu1771\/2023\/12\/IMG_2102-300x169.jpg 300w, https:\/\/agora.xtec.cat\/ceipmediterrania\/wp-content\/uploads\/usu1771\/2023\/12\/IMG_2102-768x432.jpg 768w\" sizes=\"auto, (max-width: 1008px) 100vw, 1008px\" \/><\/a><\/strong><\/td>\n<\/tr>\n<\/tbody>\n<\/table>\n","protected":false},"excerpt":{"rendered":"<p>Avui divendres 1 desembre tota l&#8217;escola participa en diversos tallers per tal de celebrar el &#8220;Dia de la diversitat funcional&#8221;, [&hellip;]<\/p>\n","protected":false},"author":1,"featured_media":0,"comment_status":"open","ping_status":"closed","sticky":false,"template":"","format":"standard","meta":{"_bbp_topic_count":0,"_bbp_reply_count":0,"_bbp_total_topic_count":0,"_bbp_total_reply_count":0,"_bbp_voice_count":0,"_bbp_anonymous_reply_count":0,"_bbp_topic_count_hidden":0,"_bbp_reply_count_hidden":0,"_bbp_forum_subforum_count":0,"site-sidebar-layout":"default","site-content-layout":"","ast-site-content-layout":"","site-content-style":"default","site-sidebar-style":"default","ast-global-header-display":"","ast-banner-title-visibility":"","ast-main-header-display":"","ast-hfb-above-header-display":"","ast-hfb-below-header-display":"","ast-hfb-mobile-header-display":"","site-post-title":"","ast-breadcrumbs-content":"","ast-featured-img":"","footer-sml-layout":"","theme-transparent-header-meta":"","adv-header-id-meta":"","stick-header-meta":"","header-above-stick-meta":"","header-main-stick-meta":"","header-below-stick-meta":"","astra-migrate-meta-layouts":"default","ast-page-background-enabled":"default","ast-page-background-meta":{"desktop":{"background-color":"var(--ast-global-color-4)","background-image":"","background-repeat":"repeat","background-position":"center center","background-size":"auto","background-attachment":"scroll","background-type":"","background-media":"","overlay-type":"","overlay-color":"","overlay-opacity":"","overlay-gradient":""},"tablet":{"background-color":"","background-image":"","background-repeat":"repeat","background-position":"center center","background-size":"auto","background-attachment":"scroll","background-type":"","background-media":"","overlay-type":"","overlay-color":"","overlay-opacity":"","overlay-gradient":""},"mobile":{"background-color":"","background-image":"","background-repeat":"repeat","background-position":"center center","background-size":"auto","background-attachment":"scroll","background-type":"","background-media":"","overlay-type":"","overlay-color":"","overlay-opacity":"","overlay-gradient":""}},"ast-content-background-meta":{"desktop":{"background-color":"var(--ast-global-color-5)","background-image":"","background-repeat":"repeat","background-position":"center center","background-size":"auto","background-attachment":"scroll","background-type":"","background-media":"","overlay-type":"","overlay-color":"","overlay-opacity":"","overlay-gradient":""},"tablet":{"background-color":"var(--ast-global-color-5)","background-image":"","background-repeat":"repeat","background-position":"center center","background-size":"auto","background-attachment":"scroll","background-type":"","background-media":"","overlay-type":"","overlay-color":"","overlay-opacity":"","overlay-gradient":""},"mobile":{"background-color":"var(--ast-global-color-5)","background-image":"","background-repeat":"repeat","background-position":"center center","background-size":"auto","background-attachment":"scroll","background-type":"","background-media":"","overlay-type":"","overlay-color":"","overlay-opacity":"","overlay-gradient":""}},"footnotes":""},"categories":[86,85,78,79,83,84,1,87],"tags":[],"class_list":["post-3445","post","type-post","status-publish","format-standard","hentry","category-aula-siei","category-cicle-inicial","category-cicle-mitja","category-cicle-superior","category-educacio-infantil-23","category-educacio-primaria-23","category-general","category-grups-de-lescola"],"post_mailing_queue_ids":[],"_links":{"self":[{"href":"https:\/\/agora.xtec.cat\/ceipmediterrania\/wp-json\/wp\/v2\/posts\/3445","targetHints":{"allow":["GET"]}}],"collection":[{"href":"https:\/\/agora.xtec.cat\/ceipmediterrania\/wp-json\/wp\/v2\/posts"}],"about":[{"href":"https:\/\/agora.xtec.cat\/ceipmediterrania\/wp-json\/wp\/v2\/types\/post"}],"author":[{"embeddable":true,"href":"https:\/\/agora.xtec.cat\/ceipmediterrania\/wp-json\/wp\/v2\/users\/1"}],"replies":[{"embeddable":true,"href":"https:\/\/agora.xtec.cat\/ceipmediterrania\/wp-json\/wp\/v2\/comments?post=3445"}],"version-history":[{"count":6,"href":"https:\/\/agora.xtec.cat\/ceipmediterrania\/wp-json\/wp\/v2\/posts\/3445\/revisions"}],"predecessor-version":[{"id":4050,"href":"https:\/\/agora.xtec.cat\/ceipmediterrania\/wp-json\/wp\/v2\/posts\/3445\/revisions\/4050"}],"wp:attachment":[{"href":"https:\/\/agora.xtec.cat\/ceipmediterrania\/wp-json\/wp\/v2\/media?parent=3445"}],"wp:term":[{"taxonomy":"category","embeddable":true,"href":"https:\/\/agora.xtec.cat\/ceipmediterrania\/wp-json\/wp\/v2\/categories?post=3445"},{"taxonomy":"post_tag","embeddable":true,"href":"https:\/\/agora.xtec.cat\/ceipmediterrania\/wp-json\/wp\/v2\/tags?post=3445"}],"curies":[{"name":"wp","href":"https:\/\/api.w.org\/{rel}","templated":true}]}}