{"id":3303,"date":"2023-11-20T11:00:54","date_gmt":"2023-11-20T10:00:54","guid":{"rendered":"https:\/\/agora.xtec.cat\/ceipmediterrania\/?p=3303"},"modified":"2023-11-18T18:54:33","modified_gmt":"2023-11-18T17:54:33","slug":"treballem-lalimentacio-saludable-a-3r","status":"publish","type":"post","link":"https:\/\/agora.xtec.cat\/ceipmediterrania\/general\/treballem-lalimentacio-saludable-a-3r\/","title":{"rendered":"Treballem l&#8217;alimentaci\u00f3 saludable a 3r"},"content":{"rendered":"<p>El passat 16 de novembre de 2023, els i les alumnes de tercer de prim\u00e0ria van anar al Caprabo a fer una activitat sobre l&#8217;alimentaci\u00f3 saludable.<\/p>\n<p>Pr\u00e8viament, a l&#8217;aula, hav\u00edem treballat conceptes relacionats amb els aliments, el seu origen, les seves propietats i tamb\u00e9 la pir\u00e0mide de l&#8217;alimentaci\u00f3 saludable. A m\u00e9s, els nens i nenes, per grups, van planificar un men\u00fa d&#8217;un dia i la corresponent llista de la compra.<\/p>\n<p>Al Caprabo, una nutricionista ens va repassar els conceptes que ja hav\u00edem treballat i per grups van fer la compra amb la seva llista: van buscar els productes pel supermercat, van passar per caixa i finalment els van haver de col\u00b7locar a la pir\u00e0mide. All\u00e0 van poder comprovar si la seva proposta era saludable.<\/p>\n<p>Va ser una activitat molt divertida i enriquidora.<\/p>\n<p>En aquest <a href=\"https:\/\/photos.app.goo.gl\/kiZQygeMhvrm6uXX8\">enlla\u00e7<\/a> podreu veure les fotografies de la sortida.<a href=\"https:\/\/agora.xtec.cat\/ceipmediterrania\/?attachment_id=3304\" rel=\"attachment wp-att-3304\"><img loading=\"lazy\" decoding=\"async\" class=\"wp-image-3304 alignleft\" src=\"https:\/\/agora.xtec.cat\/ceipmediterrania\/wp-content\/uploads\/usu1771\/2023\/11\/imatge-caprabo-per-article.png\" alt=\"\" width=\"209\" height=\"274\" srcset=\"https:\/\/agora.xtec.cat\/ceipmediterrania\/wp-content\/uploads\/usu1771\/2023\/11\/imatge-caprabo-per-article.png 331w, https:\/\/agora.xtec.cat\/ceipmediterrania\/wp-content\/uploads\/usu1771\/2023\/11\/imatge-caprabo-per-article-229x300.png 229w\" sizes=\"auto, (max-width: 209px) 100vw, 209px\" \/><\/a><\/p>\n","protected":false},"excerpt":{"rendered":"<p>El passat 16 de novembre de 2023, els i les alumnes de tercer de prim\u00e0ria van anar al Caprabo a [&hellip;]<\/p>\n","protected":false},"author":1,"featured_media":0,"comment_status":"open","ping_status":"closed","sticky":false,"template":"","format":"standard","meta":{"_bbp_topic_count":0,"_bbp_reply_count":0,"_bbp_total_topic_count":0,"_bbp_total_reply_count":0,"_bbp_voice_count":0,"_bbp_anonymous_reply_count":0,"_bbp_topic_count_hidden":0,"_bbp_reply_count_hidden":0,"_bbp_forum_subforum_count":0,"site-sidebar-layout":"default","site-content-layout":"","ast-site-content-layout":"","site-content-style":"default","site-sidebar-style":"default","ast-global-header-display":"","ast-banner-title-visibility":"","ast-main-header-display":"","ast-hfb-above-header-display":"","ast-hfb-below-header-display":"","ast-hfb-mobile-header-display":"","site-post-title":"","ast-breadcrumbs-content":"","ast-featured-img":"","footer-sml-layout":"","theme-transparent-header-meta":"","adv-header-id-meta":"","stick-header-meta":"","header-above-stick-meta":"","header-main-stick-meta":"","header-below-stick-meta":"","astra-migrate-meta-layouts":"default","ast-page-background-enabled":"default","ast-page-background-meta":{"desktop":{"background-color":"var(--ast-global-color-4)","background-image":"","background-repeat":"repeat","background-position":"center center","background-size":"auto","background-attachment":"scroll","background-type":"","background-media":"","overlay-type":"","overlay-color":"","overlay-opacity":"","overlay-gradient":""},"tablet":{"background-color":"","background-image":"","background-repeat":"repeat","background-position":"center center","background-size":"auto","background-attachment":"scroll","background-type":"","background-media":"","overlay-type":"","overlay-color":"","overlay-opacity":"","overlay-gradient":""},"mobile":{"background-color":"","background-image":"","background-repeat":"repeat","background-position":"center center","background-size":"auto","background-attachment":"scroll","background-type":"","background-media":"","overlay-type":"","overlay-color":"","overlay-opacity":"","overlay-gradient":""}},"ast-content-background-meta":{"desktop":{"background-color":"var(--ast-global-color-5)","background-image":"","background-repeat":"repeat","background-position":"center center","background-size":"auto","background-attachment":"scroll","background-type":"","background-media":"","overlay-type":"","overlay-color":"","overlay-opacity":"","overlay-gradient":""},"tablet":{"background-color":"var(--ast-global-color-5)","background-image":"","background-repeat":"repeat","background-position":"center center","background-size":"auto","background-attachment":"scroll","background-type":"","background-media":"","overlay-type":"","overlay-color":"","overlay-opacity":"","overlay-gradient":""},"mobile":{"background-color":"var(--ast-global-color-5)","background-image":"","background-repeat":"repeat","background-position":"center center","background-size":"auto","background-attachment":"scroll","background-type":"","background-media":"","overlay-type":"","overlay-color":"","overlay-opacity":"","overlay-gradient":""}},"footnotes":""},"categories":[78,1],"tags":[],"class_list":["post-3303","post","type-post","status-publish","format-standard","hentry","category-cicle-mitja","category-general"],"post_mailing_queue_ids":[],"_links":{"self":[{"href":"https:\/\/agora.xtec.cat\/ceipmediterrania\/wp-json\/wp\/v2\/posts\/3303","targetHints":{"allow":["GET"]}}],"collection":[{"href":"https:\/\/agora.xtec.cat\/ceipmediterrania\/wp-json\/wp\/v2\/posts"}],"about":[{"href":"https:\/\/agora.xtec.cat\/ceipmediterrania\/wp-json\/wp\/v2\/types\/post"}],"author":[{"embeddable":true,"href":"https:\/\/agora.xtec.cat\/ceipmediterrania\/wp-json\/wp\/v2\/users\/1"}],"replies":[{"embeddable":true,"href":"https:\/\/agora.xtec.cat\/ceipmediterrania\/wp-json\/wp\/v2\/comments?post=3303"}],"version-history":[{"count":2,"href":"https:\/\/agora.xtec.cat\/ceipmediterrania\/wp-json\/wp\/v2\/posts\/3303\/revisions"}],"predecessor-version":[{"id":3306,"href":"https:\/\/agora.xtec.cat\/ceipmediterrania\/wp-json\/wp\/v2\/posts\/3303\/revisions\/3306"}],"wp:attachment":[{"href":"https:\/\/agora.xtec.cat\/ceipmediterrania\/wp-json\/wp\/v2\/media?parent=3303"}],"wp:term":[{"taxonomy":"category","embeddable":true,"href":"https:\/\/agora.xtec.cat\/ceipmediterrania\/wp-json\/wp\/v2\/categories?post=3303"},{"taxonomy":"post_tag","embeddable":true,"href":"https:\/\/agora.xtec.cat\/ceipmediterrania\/wp-json\/wp\/v2\/tags?post=3303"}],"curies":[{"name":"wp","href":"https:\/\/api.w.org\/{rel}","templated":true}]}}