{"id":3281,"date":"2023-11-14T13:19:31","date_gmt":"2023-11-14T12:19:31","guid":{"rendered":"https:\/\/agora.xtec.cat\/ceipmediterrania\/?p=3281"},"modified":"2023-11-14T13:19:31","modified_gmt":"2023-11-14T12:19:31","slug":"engeguem-la-cooperativa","status":"publish","type":"post","link":"https:\/\/agora.xtec.cat\/ceipmediterrania\/general\/engeguem-la-cooperativa\/","title":{"rendered":"Engeguem la Cooperativa!"},"content":{"rendered":"<p><span style=\"font-weight: 400;\">Aquest curs, com cada any, els nens i nenes de 5\u00e8 participem al projecte CuEmE (Cultura Emprenedora a l\u2019Escola), on crearem i gestionarem una cooperativa de la que tots serem socis i s\u00f2cies, treballadors i beneficiaris.<\/span><\/p>\n<p><span style=\"font-weight: 400;\">Durant tot el curs, ens organitzarem de manera democr\u00e0tica per tal de tirar endavant aquest projecte, cooperarem per a produ\u00efr els nostres productes i intentarem obtenir beneficis de la seva venda a final de curs. A m\u00e9s, en aquest projecte, tamb\u00e9 serem solidaris, ja que un percentatge d\u2019aquests beneficis anir\u00e0 destinat a una obra social que encara hem de decidir.<\/span><\/p>\n<p><span style=\"font-weight: 400;\">De moment, hem creat oficialment la cooperativa, ens hem adherit com a socis i s\u00f2cies i hem votat el que ser\u00e0 el nostre equip directiu:<\/span><\/p>\n<p><span style=\"font-weight: 400;\">El Denis Rodr\u00edguez com a president, el Joel Mart\u00ednez com a tresorer i la Paula Mart\u00ednez com a secret\u00e0ria. A m\u00e9s, la Gala Blanco, el Jan Mart\u00ednez i l\u2019Abril Quijano seran vicepresidenta, vicetresorer i sotssecret\u00e0ria respectivament.<\/span><\/p>\n<p><span style=\"font-weight: 400;\"><a href=\"https:\/\/agora.xtec.cat\/ceipmediterrania\/general\/engeguem-la-cooperativa\/attachment\/presentacion1-8\/\" rel=\"attachment wp-att-3282\"><img loading=\"lazy\" decoding=\"async\" class=\"aligncenter size-full wp-image-3282\" src=\"https:\/\/agora.xtec.cat\/ceipmediterrania\/wp-content\/uploads\/usu1771\/2023\/11\/Presentacion1.jpg\" alt=\"\" width=\"950\" height=\"424\" srcset=\"https:\/\/agora.xtec.cat\/ceipmediterrania\/wp-content\/uploads\/usu1771\/2023\/11\/Presentacion1.jpg 950w, https:\/\/agora.xtec.cat\/ceipmediterrania\/wp-content\/uploads\/usu1771\/2023\/11\/Presentacion1-300x134.jpg 300w, https:\/\/agora.xtec.cat\/ceipmediterrania\/wp-content\/uploads\/usu1771\/2023\/11\/Presentacion1-768x343.jpg 768w\" sizes=\"auto, (max-width: 950px) 100vw, 950px\" \/><\/a><\/span><\/p>\n","protected":false},"excerpt":{"rendered":"<p>Aquest curs, com cada any, els nens i nenes de 5\u00e8 participem al projecte CuEmE (Cultura Emprenedora a l\u2019Escola), on [&hellip;]<\/p>\n","protected":false},"author":1,"featured_media":0,"comment_status":"open","ping_status":"closed","sticky":false,"template":"","format":"standard","meta":{"_bbp_topic_count":0,"_bbp_reply_count":0,"_bbp_total_topic_count":0,"_bbp_total_reply_count":0,"_bbp_voice_count":0,"_bbp_anonymous_reply_count":0,"_bbp_topic_count_hidden":0,"_bbp_reply_count_hidden":0,"_bbp_forum_subforum_count":0,"site-sidebar-layout":"default","site-content-layout":"","ast-site-content-layout":"","site-content-style":"default","site-sidebar-style":"default","ast-global-header-display":"","ast-banner-title-visibility":"","ast-main-header-display":"","ast-hfb-above-header-display":"","ast-hfb-below-header-display":"","ast-hfb-mobile-header-display":"","site-post-title":"","ast-breadcrumbs-content":"","ast-featured-img":"","footer-sml-layout":"","theme-transparent-header-meta":"","adv-header-id-meta":"","stick-header-meta":"","header-above-stick-meta":"","header-main-stick-meta":"","header-below-stick-meta":"","astra-migrate-meta-layouts":"default","ast-page-background-enabled":"default","ast-page-background-meta":{"desktop":{"background-color":"var(--ast-global-color-4)","background-image":"","background-repeat":"repeat","background-position":"center center","background-size":"auto","background-attachment":"scroll","background-type":"","background-media":"","overlay-type":"","overlay-color":"","overlay-opacity":"","overlay-gradient":""},"tablet":{"background-color":"","background-image":"","background-repeat":"repeat","background-position":"center center","background-size":"auto","background-attachment":"scroll","background-type":"","background-media":"","overlay-type":"","overlay-color":"","overlay-opacity":"","overlay-gradient":""},"mobile":{"background-color":"","background-image":"","background-repeat":"repeat","background-position":"center center","background-size":"auto","background-attachment":"scroll","background-type":"","background-media":"","overlay-type":"","overlay-color":"","overlay-opacity":"","overlay-gradient":""}},"ast-content-background-meta":{"desktop":{"background-color":"var(--ast-global-color-5)","background-image":"","background-repeat":"repeat","background-position":"center center","background-size":"auto","background-attachment":"scroll","background-type":"","background-media":"","overlay-type":"","overlay-color":"","overlay-opacity":"","overlay-gradient":""},"tablet":{"background-color":"var(--ast-global-color-5)","background-image":"","background-repeat":"repeat","background-position":"center center","background-size":"auto","background-attachment":"scroll","background-type":"","background-media":"","overlay-type":"","overlay-color":"","overlay-opacity":"","overlay-gradient":""},"mobile":{"background-color":"var(--ast-global-color-5)","background-image":"","background-repeat":"repeat","background-position":"center center","background-size":"auto","background-attachment":"scroll","background-type":"","background-media":"","overlay-type":"","overlay-color":"","overlay-opacity":"","overlay-gradient":""}},"footnotes":""},"categories":[79,1],"tags":[],"class_list":["post-3281","post","type-post","status-publish","format-standard","hentry","category-cicle-superior","category-general"],"post_mailing_queue_ids":[],"_links":{"self":[{"href":"https:\/\/agora.xtec.cat\/ceipmediterrania\/wp-json\/wp\/v2\/posts\/3281","targetHints":{"allow":["GET"]}}],"collection":[{"href":"https:\/\/agora.xtec.cat\/ceipmediterrania\/wp-json\/wp\/v2\/posts"}],"about":[{"href":"https:\/\/agora.xtec.cat\/ceipmediterrania\/wp-json\/wp\/v2\/types\/post"}],"author":[{"embeddable":true,"href":"https:\/\/agora.xtec.cat\/ceipmediterrania\/wp-json\/wp\/v2\/users\/1"}],"replies":[{"embeddable":true,"href":"https:\/\/agora.xtec.cat\/ceipmediterrania\/wp-json\/wp\/v2\/comments?post=3281"}],"version-history":[{"count":2,"href":"https:\/\/agora.xtec.cat\/ceipmediterrania\/wp-json\/wp\/v2\/posts\/3281\/revisions"}],"predecessor-version":[{"id":3284,"href":"https:\/\/agora.xtec.cat\/ceipmediterrania\/wp-json\/wp\/v2\/posts\/3281\/revisions\/3284"}],"wp:attachment":[{"href":"https:\/\/agora.xtec.cat\/ceipmediterrania\/wp-json\/wp\/v2\/media?parent=3281"}],"wp:term":[{"taxonomy":"category","embeddable":true,"href":"https:\/\/agora.xtec.cat\/ceipmediterrania\/wp-json\/wp\/v2\/categories?post=3281"},{"taxonomy":"post_tag","embeddable":true,"href":"https:\/\/agora.xtec.cat\/ceipmediterrania\/wp-json\/wp\/v2\/tags?post=3281"}],"curies":[{"name":"wp","href":"https:\/\/api.w.org\/{rel}","templated":true}]}}