{"id":3275,"date":"2023-11-09T09:45:45","date_gmt":"2023-11-09T08:45:45","guid":{"rendered":"https:\/\/agora.xtec.cat\/ceipmediterrania\/?p=3275"},"modified":"2023-11-10T16:20:42","modified_gmt":"2023-11-10T15:20:42","slug":"la-tardor-ha-arribat","status":"publish","type":"post","link":"https:\/\/agora.xtec.cat\/ceipmediterrania\/general\/la-tardor-ha-arribat\/","title":{"rendered":"La tardor ha arribat"},"content":{"rendered":"<p style=\"text-align: justify;\">LA TARDOR HA ARRIBAT<\/p>\n<p style=\"text-align: justify;\">Els alumnes d&#8217;I4B hem omplert l&#8217;aula de tardor. Els infants senten una gran curiositat per observar l&#8217;entorn i el que els envolta. Descobrir els canvis de la<br \/>\ntardor \u00e9s una viv\u00e8ncia significativa pel seu desenvolupament.<br \/>\nHem reservat un espai de la classe per posar elements de la natura caracter\u00edstics de la tardor: pedres, pinyes, pals, castanyes&#8230; i a partir d&#8217;aqu\u00ed fem volar la imaginaci\u00f3 i programem activitats on els infants puguin experimentar, investigar, comparar i con\u00e8ixer les principals caracter\u00edstiques d&#8217;aquesta estaci\u00f3.<br \/>\nActivitats que engloben de forma conjunta la lectoescriptura, la l\u00f2gic-matem\u00e0tica, l&#8217;expressi\u00f3 musical, corporal i pl\u00e0stica.<br \/>\nUn tret molt caracter\u00edstic d&#8217;aquesta estaci\u00f3 de l&#8217;any i que ens ofereix multitud de possibilitats de treball a l&#8217;aula s\u00f3n les FULLES. Amb les fulles veiem i treballem els colors, les textures i les formes. Proposem activitats pl\u00e0stiques on els nens i nenes gaudeixen experimentant amb aquests materials propis de la natura. Escoltem can\u00e7ons i molts contes d&#8217;hist\u00f2ries d&#8217;aquesta estaci\u00f3. Ampliem vocabulari amb els fruits de la tardor i amb les lletres confeccionem paraules de la tardor identificant els diferents sons. Observem imatges perqu\u00e8 els nens i nenes s&#8217;expressin oralment i art\u00edsticament.<br \/>\nAl passad\u00eds d&#8217;infantil fem un arbre de la tardor que els infants han decorat. La m\u00fasica tamb\u00e9 ens acompanya aquests dies amb can\u00e7ons de tardor: &#8220;<em>Cargol treu banya<\/em>&#8220;, &#8220;<em>El bolet petit\u00f3<\/em>&#8220;, &#8220;<em>La castanyera<\/em>&#8220;, &#8220;<em>L&#8217;esquirol<\/em>&#8220;, &#8220;<em>Les <\/em><em>pometes<\/em>&#8220;&#8230; La tardor ens ofereix un ventall d&#8217;activitats basades en el joc i l&#8217;experimentaci\u00f3, imprescindible pels nens i nenes d&#8217;infantil, totes elles globalitzades, significatives i adaptades a tot el grup.<\/p>\n<p>A trav\u00e9s d&#8217;aquest <a href=\"https:\/\/photos.app.goo.gl\/8r13vDBe1FgMp6v79\">enlla\u00e7<\/a> o clicant damunt de la fotografia podreu veure m\u00e9s fotos d&#8217;algunes de les coses que hem fet a classe.<\/p>\n<p><a href=\"https:\/\/photos.app.goo.gl\/8r13vDBe1FgMp6v79\" rel=\"attachment wp-att-3276\"><img loading=\"lazy\" decoding=\"async\" class=\"aligncenter size-full wp-image-3276\" src=\"https:\/\/agora.xtec.cat\/ceipmediterrania\/wp-content\/uploads\/usu1771\/2023\/11\/IMG_4796.jpg\" alt=\"\" width=\"320\" height=\"240\" srcset=\"https:\/\/agora.xtec.cat\/ceipmediterrania\/wp-content\/uploads\/usu1771\/2023\/11\/IMG_4796.jpg 320w, https:\/\/agora.xtec.cat\/ceipmediterrania\/wp-content\/uploads\/usu1771\/2023\/11\/IMG_4796-300x225.jpg 300w, https:\/\/agora.xtec.cat\/ceipmediterrania\/wp-content\/uploads\/usu1771\/2023\/11\/IMG_4796-200x150.jpg 200w\" sizes=\"auto, (max-width: 320px) 100vw, 320px\" \/><\/a><\/p>\n<p>&nbsp;<\/p>\n<p>&nbsp;<\/p>\n","protected":false},"excerpt":{"rendered":"<p>LA TARDOR HA ARRIBAT Els alumnes d&#8217;I4B hem omplert l&#8217;aula de tardor. Els infants senten una gran curiositat per observar [&hellip;]<\/p>\n","protected":false},"author":1,"featured_media":0,"comment_status":"open","ping_status":"closed","sticky":false,"template":"","format":"standard","meta":{"_bbp_topic_count":0,"_bbp_reply_count":0,"_bbp_total_topic_count":0,"_bbp_total_reply_count":0,"_bbp_voice_count":0,"_bbp_anonymous_reply_count":0,"_bbp_topic_count_hidden":0,"_bbp_reply_count_hidden":0,"_bbp_forum_subforum_count":0,"site-sidebar-layout":"default","site-content-layout":"","ast-site-content-layout":"","site-content-style":"default","site-sidebar-style":"default","ast-global-header-display":"","ast-banner-title-visibility":"","ast-main-header-display":"","ast-hfb-above-header-display":"","ast-hfb-below-header-display":"","ast-hfb-mobile-header-display":"","site-post-title":"","ast-breadcrumbs-content":"","ast-featured-img":"","footer-sml-layout":"","theme-transparent-header-meta":"","adv-header-id-meta":"","stick-header-meta":"","header-above-stick-meta":"","header-main-stick-meta":"","header-below-stick-meta":"","astra-migrate-meta-layouts":"default","ast-page-background-enabled":"default","ast-page-background-meta":{"desktop":{"background-color":"var(--ast-global-color-4)","background-image":"","background-repeat":"repeat","background-position":"center center","background-size":"auto","background-attachment":"scroll","background-type":"","background-media":"","overlay-type":"","overlay-color":"","overlay-opacity":"","overlay-gradient":""},"tablet":{"background-color":"","background-image":"","background-repeat":"repeat","background-position":"center center","background-size":"auto","background-attachment":"scroll","background-type":"","background-media":"","overlay-type":"","overlay-color":"","overlay-opacity":"","overlay-gradient":""},"mobile":{"background-color":"","background-image":"","background-repeat":"repeat","background-position":"center center","background-size":"auto","background-attachment":"scroll","background-type":"","background-media":"","overlay-type":"","overlay-color":"","overlay-opacity":"","overlay-gradient":""}},"ast-content-background-meta":{"desktop":{"background-color":"var(--ast-global-color-5)","background-image":"","background-repeat":"repeat","background-position":"center center","background-size":"auto","background-attachment":"scroll","background-type":"","background-media":"","overlay-type":"","overlay-color":"","overlay-opacity":"","overlay-gradient":""},"tablet":{"background-color":"var(--ast-global-color-5)","background-image":"","background-repeat":"repeat","background-position":"center center","background-size":"auto","background-attachment":"scroll","background-type":"","background-media":"","overlay-type":"","overlay-color":"","overlay-opacity":"","overlay-gradient":""},"mobile":{"background-color":"var(--ast-global-color-5)","background-image":"","background-repeat":"repeat","background-position":"center center","background-size":"auto","background-attachment":"scroll","background-type":"","background-media":"","overlay-type":"","overlay-color":"","overlay-opacity":"","overlay-gradient":""}},"footnotes":""},"categories":[83,1],"tags":[],"class_list":["post-3275","post","type-post","status-publish","format-standard","hentry","category-educacio-infantil-23","category-general"],"post_mailing_queue_ids":[],"_links":{"self":[{"href":"https:\/\/agora.xtec.cat\/ceipmediterrania\/wp-json\/wp\/v2\/posts\/3275","targetHints":{"allow":["GET"]}}],"collection":[{"href":"https:\/\/agora.xtec.cat\/ceipmediterrania\/wp-json\/wp\/v2\/posts"}],"about":[{"href":"https:\/\/agora.xtec.cat\/ceipmediterrania\/wp-json\/wp\/v2\/types\/post"}],"author":[{"embeddable":true,"href":"https:\/\/agora.xtec.cat\/ceipmediterrania\/wp-json\/wp\/v2\/users\/1"}],"replies":[{"embeddable":true,"href":"https:\/\/agora.xtec.cat\/ceipmediterrania\/wp-json\/wp\/v2\/comments?post=3275"}],"version-history":[{"count":2,"href":"https:\/\/agora.xtec.cat\/ceipmediterrania\/wp-json\/wp\/v2\/posts\/3275\/revisions"}],"predecessor-version":[{"id":3280,"href":"https:\/\/agora.xtec.cat\/ceipmediterrania\/wp-json\/wp\/v2\/posts\/3275\/revisions\/3280"}],"wp:attachment":[{"href":"https:\/\/agora.xtec.cat\/ceipmediterrania\/wp-json\/wp\/v2\/media?parent=3275"}],"wp:term":[{"taxonomy":"category","embeddable":true,"href":"https:\/\/agora.xtec.cat\/ceipmediterrania\/wp-json\/wp\/v2\/categories?post=3275"},{"taxonomy":"post_tag","embeddable":true,"href":"https:\/\/agora.xtec.cat\/ceipmediterrania\/wp-json\/wp\/v2\/tags?post=3275"}],"curies":[{"name":"wp","href":"https:\/\/api.w.org\/{rel}","templated":true}]}}