{"id":3141,"date":"2023-09-01T11:02:35","date_gmt":"2023-09-01T09:02:35","guid":{"rendered":"https:\/\/agora.xtec.cat\/ceipmediterrania\/?p=3141"},"modified":"2023-09-01T12:03:07","modified_gmt":"2023-09-01T10:03:07","slug":"calendari-escolar-2023-24","status":"publish","type":"post","link":"https:\/\/agora.xtec.cat\/ceipmediterrania\/general\/calendari-escolar-2023-24\/","title":{"rendered":"Calendari Escolar 2023-24"},"content":{"rendered":"<h4><a href=\"https:\/\/agora.xtec.cat\/ceipmediterrania\/lescola\/calendari-del-curs\/attachment\/claendari\/\" rel=\"attachment wp-att-3073\"><img loading=\"lazy\" decoding=\"async\" class=\"aligncenter size-full wp-image-3073\" src=\"https:\/\/agora.xtec.cat\/ceipmediterrania\/wp-content\/uploads\/usu1771\/2023\/06\/claendari.jpg\" alt=\"\" width=\"960\" height=\"230\" srcset=\"https:\/\/agora.xtec.cat\/ceipmediterrania\/wp-content\/uploads\/usu1771\/2023\/06\/claendari.jpg 960w, https:\/\/agora.xtec.cat\/ceipmediterrania\/wp-content\/uploads\/usu1771\/2023\/06\/claendari-300x72.jpg 300w, https:\/\/agora.xtec.cat\/ceipmediterrania\/wp-content\/uploads\/usu1771\/2023\/06\/claendari-768x184.jpg 768w\" sizes=\"auto, (max-width: 960px) 100vw, 960px\" \/><\/a><\/h4>\n<p>L\u2019<b>horari lectiu<\/b>\u00a0del centre \u00e9s de <strong>9 a 12:30 h<\/strong> i de <strong>15,00 a 16:30 h<\/strong> per a tots els alumnes del centre.<br \/>\nEls dies d&#8217;horari compactat \u00e9s de <strong>9 a 13\u202fh<\/strong>. (Els alumnes que utilitzen el servei de menjador surten a les 15:00 h)<\/p>\n<p>Per als alumnes que inicien l\u2019escolaritzaci\u00f3 a I3 s\u2019organitza un breu per\u00edode d\u2019adaptaci\u00f3 que suposa una certa modificaci\u00f3 dels horaris la primera setmana de classes, i que es fa saber a les fam\u00edlies en les reunions pr\u00e8vies corresponents.<\/p>\n<table style=\"border-collapse: collapse; width: 100%; height: 352px;\">\n<tbody>\n<tr style=\"height: 49px;\">\n<td style=\"width: 24.2045%; text-align: center; background-color: #d7e4f7; height: 49px;\">\n<h5><strong>Inici de curs<\/strong><\/h5>\n<\/td>\n<td style=\"width: 25.1137%; text-align: center; background-color: #d7e4f7; height: 49px;\">\n<h5><strong>Jornada compactada\u00a0<\/strong><\/h5>\n<\/td>\n<td style=\"width: 25%; text-align: center; background-color: #d7e4f7; height: 49px;\">\n<h5><strong>Vacances<\/strong><\/h5>\n<\/td>\n<td style=\"width: 25.6818%; text-align: center; background-color: #d7e4f7; height: 49px;\">\n<h5><strong>Dies festius de lliure disposici\u00f3 i festius<\/strong><\/h5>\n<\/td>\n<\/tr>\n<tr style=\"height: 179px;\">\n<td style=\"width: 24.2045%; height: 179px;\">\n<ul>\n<li>Dimecres 6 de setembre 2023<\/li>\n<\/ul>\n<\/td>\n<td style=\"width: 25.1137%; height: 179px;\">&nbsp;<\/p>\n<ul>\n<li><strong>Desembre:<\/strong> dimecres 20<\/li>\n<li><strong>Febrer<\/strong>: divendres 9<\/li>\n<li><strong>Juny<\/strong>: dilluns 3 a\u00a0 \u00a0 \u00a0 divendres 21<\/li>\n<\/ul>\n<p style=\"text-align: center;\"><em><strong>Horari de 9\u202fh a 13\u202fh<\/strong><\/em><\/p>\n<\/td>\n<td style=\"width: 25%; height: 179px;\">\n<ul>\n<li><strong>Nadal<\/strong>: dijous 21\u00a0 de desembre de 2023 al dilluns\u00a0 8 de gener de 2024<\/li>\n<li><strong>Setmana Santa:<\/strong> dilluns 25 de mar\u00e7 al dimarts 2 d&#8217;abril<\/li>\n<li><strong>Estiu<\/strong>: divendres 21 de juny<\/li>\n<\/ul>\n<\/td>\n<td style=\"width: 25.6818%; height: 179px;\">\n<ul>\n<li><strong>Octubre<\/strong>: dijous 12 i divendres 13<\/li>\n<li><strong>Novembre<\/strong> dimecres 1 (festiu)<\/li>\n<li><strong>Desembre<\/strong>: dimecres 6, dijous 7 i divendres 8<\/li>\n<li><strong>Febrer<\/strong>: Dilluns 12 i dimarts 13<\/li>\n<li><strong>Abril<\/strong>: Dilluns 1. Dilluns 29 i dimarts 30<\/li>\n<li><strong>Maig<\/strong>: Dimecres 1<\/li>\n<\/ul>\n<\/td>\n<\/tr>\n<tr style=\"height: 124px;\">\n<td style=\"width: 74.3182%; text-align: center; height: 124px;\" colspan=\"3\">\n<h4><a href=\"https:\/\/agora.xtec.cat\/ceipmediterrania\/wp-content\/uploads\/usu1771\/2023\/09\/calendari-2023-24.pdf\">Descarrega el calendari 23-24 en PDF<\/a><\/h4>\n<\/td>\n<td style=\"width: 25.6818%; height: 124px;\"><a href=\"https:\/\/agora.xtec.cat\/ceipmediterrania\/wp-content\/uploads\/usu1771\/2023\/09\/calendari-2023-24.pdf\"><img loading=\"lazy\" decoding=\"async\" class=\"aligncenter wp-image-996\" src=\"https:\/\/agora.xtec.cat\/ceipmediterrania\/wp-content\/uploads\/usu1771\/2019\/09\/unnamed.png\" alt=\"\" width=\"108\" height=\"108\" srcset=\"https:\/\/agora.xtec.cat\/ceipmediterrania\/wp-content\/uploads\/usu1771\/2019\/09\/unnamed.png 512w, https:\/\/agora.xtec.cat\/ceipmediterrania\/wp-content\/uploads\/usu1771\/2019\/09\/unnamed-150x150.png 150w, https:\/\/agora.xtec.cat\/ceipmediterrania\/wp-content\/uploads\/usu1771\/2019\/09\/unnamed-300x300.png 300w\" sizes=\"auto, (max-width: 108px) 100vw, 108px\" \/><\/a><\/td>\n<\/tr>\n<\/tbody>\n<\/table>\n<p><a href=\"https:\/\/agora.xtec.cat\/ceipmediterrania\/general\/calendari-escolar-2023-24\/attachment\/calendari-2023-24_page-0001-1\/\" rel=\"attachment wp-att-3143\"><img loading=\"lazy\" decoding=\"async\" class=\"aligncenter size-large wp-image-3143\" src=\"https:\/\/agora.xtec.cat\/ceipmediterrania\/wp-content\/uploads\/usu1771\/2023\/09\/calendari-2023-24_page-0001-1-724x1024.jpg\" alt=\"\" width=\"724\" height=\"1024\" srcset=\"https:\/\/agora.xtec.cat\/ceipmediterrania\/wp-content\/uploads\/usu1771\/2023\/09\/calendari-2023-24_page-0001-1-724x1024.jpg 724w, https:\/\/agora.xtec.cat\/ceipmediterrania\/wp-content\/uploads\/usu1771\/2023\/09\/calendari-2023-24_page-0001-1-212x300.jpg 212w, https:\/\/agora.xtec.cat\/ceipmediterrania\/wp-content\/uploads\/usu1771\/2023\/09\/calendari-2023-24_page-0001-1-768x1086.jpg 768w, https:\/\/agora.xtec.cat\/ceipmediterrania\/wp-content\/uploads\/usu1771\/2023\/09\/calendari-2023-24_page-0001-1-1086x1536.jpg 1086w, https:\/\/agora.xtec.cat\/ceipmediterrania\/wp-content\/uploads\/usu1771\/2023\/09\/calendari-2023-24_page-0001-1.jpg 1241w\" sizes=\"auto, (max-width: 724px) 100vw, 724px\" \/><\/a><\/p>\n","protected":false},"excerpt":{"rendered":"<p>L\u2019horari lectiu\u00a0del centre \u00e9s de 9 a 12:30 h i de 15,00 a 16:30 h per a tots els alumnes [&hellip;]<\/p>\n","protected":false},"author":1,"featured_media":0,"comment_status":"open","ping_status":"closed","sticky":false,"template":"","format":"standard","meta":{"_bbp_topic_count":0,"_bbp_reply_count":0,"_bbp_total_topic_count":0,"_bbp_total_reply_count":0,"_bbp_voice_count":0,"_bbp_anonymous_reply_count":0,"_bbp_topic_count_hidden":0,"_bbp_reply_count_hidden":0,"_bbp_forum_subforum_count":0,"site-sidebar-layout":"default","site-content-layout":"","ast-site-content-layout":"","site-content-style":"default","site-sidebar-style":"default","ast-global-header-display":"","ast-banner-title-visibility":"","ast-main-header-display":"","ast-hfb-above-header-display":"","ast-hfb-below-header-display":"","ast-hfb-mobile-header-display":"","site-post-title":"","ast-breadcrumbs-content":"","ast-featured-img":"","footer-sml-layout":"","theme-transparent-header-meta":"","adv-header-id-meta":"","stick-header-meta":"","header-above-stick-meta":"","header-main-stick-meta":"","header-below-stick-meta":"","astra-migrate-meta-layouts":"default","ast-page-background-enabled":"default","ast-page-background-meta":{"desktop":{"background-color":"var(--ast-global-color-4)","background-image":"","background-repeat":"repeat","background-position":"center center","background-size":"auto","background-attachment":"scroll","background-type":"","background-media":"","overlay-type":"","overlay-color":"","overlay-opacity":"","overlay-gradient":""},"tablet":{"background-color":"","background-image":"","background-repeat":"repeat","background-position":"center center","background-size":"auto","background-attachment":"scroll","background-type":"","background-media":"","overlay-type":"","overlay-color":"","overlay-opacity":"","overlay-gradient":""},"mobile":{"background-color":"","background-image":"","background-repeat":"repeat","background-position":"center center","background-size":"auto","background-attachment":"scroll","background-type":"","background-media":"","overlay-type":"","overlay-color":"","overlay-opacity":"","overlay-gradient":""}},"ast-content-background-meta":{"desktop":{"background-color":"var(--ast-global-color-5)","background-image":"","background-repeat":"repeat","background-position":"center center","background-size":"auto","background-attachment":"scroll","background-type":"","background-media":"","overlay-type":"","overlay-color":"","overlay-opacity":"","overlay-gradient":""},"tablet":{"background-color":"var(--ast-global-color-5)","background-image":"","background-repeat":"repeat","background-position":"center center","background-size":"auto","background-attachment":"scroll","background-type":"","background-media":"","overlay-type":"","overlay-color":"","overlay-opacity":"","overlay-gradient":""},"mobile":{"background-color":"var(--ast-global-color-5)","background-image":"","background-repeat":"repeat","background-position":"center center","background-size":"auto","background-attachment":"scroll","background-type":"","background-media":"","overlay-type":"","overlay-color":"","overlay-opacity":"","overlay-gradient":""}},"footnotes":""},"categories":[1],"tags":[],"class_list":["post-3141","post","type-post","status-publish","format-standard","hentry","category-general"],"post_mailing_queue_ids":[],"_links":{"self":[{"href":"https:\/\/agora.xtec.cat\/ceipmediterrania\/wp-json\/wp\/v2\/posts\/3141","targetHints":{"allow":["GET"]}}],"collection":[{"href":"https:\/\/agora.xtec.cat\/ceipmediterrania\/wp-json\/wp\/v2\/posts"}],"about":[{"href":"https:\/\/agora.xtec.cat\/ceipmediterrania\/wp-json\/wp\/v2\/types\/post"}],"author":[{"embeddable":true,"href":"https:\/\/agora.xtec.cat\/ceipmediterrania\/wp-json\/wp\/v2\/users\/1"}],"replies":[{"embeddable":true,"href":"https:\/\/agora.xtec.cat\/ceipmediterrania\/wp-json\/wp\/v2\/comments?post=3141"}],"version-history":[{"count":3,"href":"https:\/\/agora.xtec.cat\/ceipmediterrania\/wp-json\/wp\/v2\/posts\/3141\/revisions"}],"predecessor-version":[{"id":3153,"href":"https:\/\/agora.xtec.cat\/ceipmediterrania\/wp-json\/wp\/v2\/posts\/3141\/revisions\/3153"}],"wp:attachment":[{"href":"https:\/\/agora.xtec.cat\/ceipmediterrania\/wp-json\/wp\/v2\/media?parent=3141"}],"wp:term":[{"taxonomy":"category","embeddable":true,"href":"https:\/\/agora.xtec.cat\/ceipmediterrania\/wp-json\/wp\/v2\/categories?post=3141"},{"taxonomy":"post_tag","embeddable":true,"href":"https:\/\/agora.xtec.cat\/ceipmediterrania\/wp-json\/wp\/v2\/tags?post=3141"}],"curies":[{"name":"wp","href":"https:\/\/api.w.org\/{rel}","templated":true}]}}