{"id":3088,"date":"2023-06-21T13:46:37","date_gmt":"2023-06-21T11:46:37","guid":{"rendered":"https:\/\/agora.xtec.cat\/ceipmediterrania\/?p=3088"},"modified":"2023-06-21T13:54:51","modified_gmt":"2023-06-21T11:54:51","slug":"vals-escolars","status":"publish","type":"post","link":"https:\/\/agora.xtec.cat\/ceipmediterrania\/general\/vals-escolars\/","title":{"rendered":"Vals escolars"},"content":{"rendered":"<p><a href=\"https:\/\/www.valescolar.cat\/\" rel=\"attachment wp-att-3092\"><img loading=\"lazy\" decoding=\"async\" class=\"aligncenter size-large wp-image-3092\" src=\"https:\/\/agora.xtec.cat\/ceipmediterrania\/wp-content\/uploads\/usu1771\/2023\/06\/val-4-1024x226.png\" alt=\"\" width=\"1024\" height=\"226\" srcset=\"https:\/\/agora.xtec.cat\/ceipmediterrania\/wp-content\/uploads\/usu1771\/2023\/06\/val-4-1024x226.png 1024w, https:\/\/agora.xtec.cat\/ceipmediterrania\/wp-content\/uploads\/usu1771\/2023\/06\/val-4-300x66.png 300w, https:\/\/agora.xtec.cat\/ceipmediterrania\/wp-content\/uploads\/usu1771\/2023\/06\/val-4-768x169.png 768w, https:\/\/agora.xtec.cat\/ceipmediterrania\/wp-content\/uploads\/usu1771\/2023\/06\/val-4-1536x339.png 1536w, https:\/\/agora.xtec.cat\/ceipmediterrania\/wp-content\/uploads\/usu1771\/2023\/06\/val-4.png 1582w\" sizes=\"auto, (max-width: 1024px) 100vw, 1024px\" \/><\/a><\/p>\n<p>Benvolgudes fam\u00edlies, amb aquest article us volem fer arribar la informaci\u00f3 referent als vals d&#8217;ajut escolar que promou el Departament d&#8217;Ensenyament per al pr\u00f2xim curs 2023-2024. Feu clic en els enlla\u00e7os per accedir a tota la informaci\u00f3 existent sobre la recepci\u00f3, activaci\u00f3 i \u00fas dels vals.<\/p>\n<table style=\"border-collapse: collapse; width: 100%;\">\n<tbody>\n<tr>\n<td style=\"width: 33.3333%; text-align: center; background-color: #dff7f7;\"><strong><a href=\"https:\/\/www.valescolar.cat\/\">WEB DEL PROGRAMA VAL ESCOLAR<\/a><\/strong><\/td>\n<td style=\"width: 33.3333%; text-align: center; background-color: #dff7f7;\"><strong><a href=\"https:\/\/www.valescolar.cat\/ajuda-alumnes\">PREGUNTES FREQ\u00dcENTS<\/a><\/strong><\/td>\n<td style=\"width: 33.3333%; text-align: center; background-color: #dff7f7;\"><strong><a href=\"https:\/\/www.valescolar.cat\/establiments-adherits\">ESTABLIMENTS ADHERITS\u00a0<\/a><\/strong><\/td>\n<\/tr>\n<tr>\n<td style=\"width: 33.3333%;\"><a href=\"https:\/\/www.valescolar.cat\/\"><img loading=\"lazy\" decoding=\"async\" class=\" wp-image-3089 alignleft\" style=\"background-color: #ffffff; font-size: 16px;\" src=\"https:\/\/agora.xtec.cat\/ceipmediterrania\/wp-content\/uploads\/usu1771\/2023\/06\/val-escolar-2.png\" alt=\"\" width=\"320\" height=\"159\" srcset=\"https:\/\/agora.xtec.cat\/ceipmediterrania\/wp-content\/uploads\/usu1771\/2023\/06\/val-escolar-2.png 394w, https:\/\/agora.xtec.cat\/ceipmediterrania\/wp-content\/uploads\/usu1771\/2023\/06\/val-escolar-2-300x149.png 300w\" sizes=\"auto, (max-width: 320px) 100vw, 320px\" \/><\/a><\/td>\n<td style=\"width: 33.3333%;\"><a href=\"https:\/\/www.valescolar.cat\/ajuda-alumnes\" rel=\"attachment wp-att-3091\"><img loading=\"lazy\" decoding=\"async\" class=\"aligncenter size-full wp-image-3091\" src=\"https:\/\/agora.xtec.cat\/ceipmediterrania\/wp-content\/uploads\/usu1771\/2023\/06\/VAL-ESCOLAR-3.png\" alt=\"\" width=\"615\" height=\"412\" srcset=\"https:\/\/agora.xtec.cat\/ceipmediterrania\/wp-content\/uploads\/usu1771\/2023\/06\/VAL-ESCOLAR-3.png 615w, https:\/\/agora.xtec.cat\/ceipmediterrania\/wp-content\/uploads\/usu1771\/2023\/06\/VAL-ESCOLAR-3-300x201.png 300w\" sizes=\"auto, (max-width: 615px) 100vw, 615px\" \/><\/a><\/td>\n<td style=\"width: 33.3333%;\"><a href=\"https:\/\/agora.xtec.cat\/ceipmediterrania\/general\/vals-escolars\/attachment\/vals-5\/\" rel=\"attachment wp-att-3093\"><img loading=\"lazy\" decoding=\"async\" class=\"aligncenter size-full wp-image-3093\" src=\"https:\/\/agora.xtec.cat\/ceipmediterrania\/wp-content\/uploads\/usu1771\/2023\/06\/vals-5.png\" alt=\"\" width=\"664\" height=\"462\" srcset=\"https:\/\/agora.xtec.cat\/ceipmediterrania\/wp-content\/uploads\/usu1771\/2023\/06\/vals-5.png 664w, https:\/\/agora.xtec.cat\/ceipmediterrania\/wp-content\/uploads\/usu1771\/2023\/06\/vals-5-300x209.png 300w\" sizes=\"auto, (max-width: 664px) 100vw, 664px\" \/><\/a><\/td>\n<\/tr>\n<\/tbody>\n<\/table>\n<p><a href=\"https:\/\/agora.xtec.cat\/ceipmediterrania\/general\/vals-escolars\/attachment\/vals-escolars-1\/\" rel=\"attachment wp-att-3090\"><img loading=\"lazy\" decoding=\"async\" class=\"aligncenter size-large wp-image-3090\" src=\"https:\/\/agora.xtec.cat\/ceipmediterrania\/wp-content\/uploads\/usu1771\/2023\/06\/vals-escolars-1-1024x261.png\" alt=\"\" width=\"1024\" height=\"261\" srcset=\"https:\/\/agora.xtec.cat\/ceipmediterrania\/wp-content\/uploads\/usu1771\/2023\/06\/vals-escolars-1-1024x261.png 1024w, https:\/\/agora.xtec.cat\/ceipmediterrania\/wp-content\/uploads\/usu1771\/2023\/06\/vals-escolars-1-300x76.png 300w, https:\/\/agora.xtec.cat\/ceipmediterrania\/wp-content\/uploads\/usu1771\/2023\/06\/vals-escolars-1-768x196.png 768w, https:\/\/agora.xtec.cat\/ceipmediterrania\/wp-content\/uploads\/usu1771\/2023\/06\/vals-escolars-1-1536x392.png 1536w, https:\/\/agora.xtec.cat\/ceipmediterrania\/wp-content\/uploads\/usu1771\/2023\/06\/vals-escolars-1.png 1687w\" sizes=\"auto, (max-width: 1024px) 100vw, 1024px\" \/><\/a><\/p>\n<p>Un cop h\u00e0giu rebut els vals, accediu al web <a href=\"https:\/\/www.valescolar.cat\/\">valescolar.cat<\/a> i feu els passos seg\u00fcents:<\/p>\n<ol>\n<li>\u00a0Ves a la secci\u00f3 activa els vals.<\/li>\n<li>Introdueix l\u2019identificador de l\u2019alumne (que pots trobar a l\u2019informe de notes del teu fill\/a) i el PIN que hi ha als vals.<\/li>\n<li>Introdueix el teu n\u00famero de tel\u00e8fon m\u00f2bil.<\/li>\n<li>Introdueix el codi que rebr\u00e0s al m\u00f2bil i, si tot \u00e9s correcte, ja tindr\u00e0s els vals activats per utilitzar-los als establiments adherits.<\/li>\n<\/ol>\n<blockquote>\n<h5 style=\"text-align: center;\"><strong>Aquests vals escolars s\u00f3n per fer-ne \u00fas exclusivament als establiments adherits.<\/strong><\/h5>\n<h5 style=\"text-align: center;\"><strong>Les escoles no podem cobrar el material escolar propi del centre a trav\u00e9s dels vals escolars del Departament d&#8217;Ensenyament.<\/strong><\/h5>\n<\/blockquote>\n<h5 style=\"text-align: center;\"><\/h5>\n<p>&nbsp;<\/p>\n<p>&nbsp;<\/p>\n<p>&nbsp;<\/p>\n<p>&nbsp;<\/p>\n<p>&nbsp;<\/p>\n<p>&nbsp;<\/p>\n<p>&nbsp;<\/p>\n","protected":false},"excerpt":{"rendered":"<p>Benvolgudes fam\u00edlies, amb aquest article us volem fer arribar la informaci\u00f3 referent als vals d&#8217;ajut escolar que promou el Departament [&hellip;]<\/p>\n","protected":false},"author":1,"featured_media":0,"comment_status":"open","ping_status":"closed","sticky":false,"template":"","format":"standard","meta":{"_bbp_topic_count":0,"_bbp_reply_count":0,"_bbp_total_topic_count":0,"_bbp_total_reply_count":0,"_bbp_voice_count":0,"_bbp_anonymous_reply_count":0,"_bbp_topic_count_hidden":0,"_bbp_reply_count_hidden":0,"_bbp_forum_subforum_count":0,"site-sidebar-layout":"default","site-content-layout":"","ast-site-content-layout":"","site-content-style":"default","site-sidebar-style":"default","ast-global-header-display":"","ast-banner-title-visibility":"","ast-main-header-display":"","ast-hfb-above-header-display":"","ast-hfb-below-header-display":"","ast-hfb-mobile-header-display":"","site-post-title":"","ast-breadcrumbs-content":"","ast-featured-img":"","footer-sml-layout":"","theme-transparent-header-meta":"","adv-header-id-meta":"","stick-header-meta":"","header-above-stick-meta":"","header-main-stick-meta":"","header-below-stick-meta":"","astra-migrate-meta-layouts":"default","ast-page-background-enabled":"default","ast-page-background-meta":{"desktop":{"background-color":"var(--ast-global-color-4)","background-image":"","background-repeat":"repeat","background-position":"center center","background-size":"auto","background-attachment":"scroll","background-type":"","background-media":"","overlay-type":"","overlay-color":"","overlay-opacity":"","overlay-gradient":""},"tablet":{"background-color":"","background-image":"","background-repeat":"repeat","background-position":"center center","background-size":"auto","background-attachment":"scroll","background-type":"","background-media":"","overlay-type":"","overlay-color":"","overlay-opacity":"","overlay-gradient":""},"mobile":{"background-color":"","background-image":"","background-repeat":"repeat","background-position":"center center","background-size":"auto","background-attachment":"scroll","background-type":"","background-media":"","overlay-type":"","overlay-color":"","overlay-opacity":"","overlay-gradient":""}},"ast-content-background-meta":{"desktop":{"background-color":"var(--ast-global-color-5)","background-image":"","background-repeat":"repeat","background-position":"center center","background-size":"auto","background-attachment":"scroll","background-type":"","background-media":"","overlay-type":"","overlay-color":"","overlay-opacity":"","overlay-gradient":""},"tablet":{"background-color":"var(--ast-global-color-5)","background-image":"","background-repeat":"repeat","background-position":"center center","background-size":"auto","background-attachment":"scroll","background-type":"","background-media":"","overlay-type":"","overlay-color":"","overlay-opacity":"","overlay-gradient":""},"mobile":{"background-color":"var(--ast-global-color-5)","background-image":"","background-repeat":"repeat","background-position":"center center","background-size":"auto","background-attachment":"scroll","background-type":"","background-media":"","overlay-type":"","overlay-color":"","overlay-opacity":"","overlay-gradient":""}},"footnotes":""},"categories":[1],"tags":[],"class_list":["post-3088","post","type-post","status-publish","format-standard","hentry","category-general"],"post_mailing_queue_ids":[],"_links":{"self":[{"href":"https:\/\/agora.xtec.cat\/ceipmediterrania\/wp-json\/wp\/v2\/posts\/3088","targetHints":{"allow":["GET"]}}],"collection":[{"href":"https:\/\/agora.xtec.cat\/ceipmediterrania\/wp-json\/wp\/v2\/posts"}],"about":[{"href":"https:\/\/agora.xtec.cat\/ceipmediterrania\/wp-json\/wp\/v2\/types\/post"}],"author":[{"embeddable":true,"href":"https:\/\/agora.xtec.cat\/ceipmediterrania\/wp-json\/wp\/v2\/users\/1"}],"replies":[{"embeddable":true,"href":"https:\/\/agora.xtec.cat\/ceipmediterrania\/wp-json\/wp\/v2\/comments?post=3088"}],"version-history":[{"count":3,"href":"https:\/\/agora.xtec.cat\/ceipmediterrania\/wp-json\/wp\/v2\/posts\/3088\/revisions"}],"predecessor-version":[{"id":3098,"href":"https:\/\/agora.xtec.cat\/ceipmediterrania\/wp-json\/wp\/v2\/posts\/3088\/revisions\/3098"}],"wp:attachment":[{"href":"https:\/\/agora.xtec.cat\/ceipmediterrania\/wp-json\/wp\/v2\/media?parent=3088"}],"wp:term":[{"taxonomy":"category","embeddable":true,"href":"https:\/\/agora.xtec.cat\/ceipmediterrania\/wp-json\/wp\/v2\/categories?post=3088"},{"taxonomy":"post_tag","embeddable":true,"href":"https:\/\/agora.xtec.cat\/ceipmediterrania\/wp-json\/wp\/v2\/tags?post=3088"}],"curies":[{"name":"wp","href":"https:\/\/api.w.org\/{rel}","templated":true}]}}