{"id":2916,"date":"2023-04-13T13:24:05","date_gmt":"2023-04-13T11:24:05","guid":{"rendered":"https:\/\/agora.xtec.cat\/ceipmediterrania\/?p=2916"},"modified":"2025-02-10T15:18:15","modified_gmt":"2025-02-10T14:18:15","slug":"jornada-esportiva-escola-mediterrania","status":"publish","type":"post","link":"https:\/\/agora.xtec.cat\/ceipmediterrania\/general\/jornada-esportiva-escola-mediterrania\/","title":{"rendered":"Jornada Esportiva Escola Mediterr\u00e0nia"},"content":{"rendered":"<p>El passat divendres 31 de mar\u00e7 va tenir lloc la Jornada Esportiva de l&#8217;escola. Aquesta jornada s&#8217;organitza el darrer dia de trimestre i segueix per donar pas a les vacances de Setmana Santa.<\/p>\n<p>Aix\u00ed doncs al llarg de tot el mat\u00ed l&#8217;alumnat de tota l&#8217;escola va participar en diversos jocs tradicionals, cooperatius i pre-esportius. En el primer torn van ser els alumnes de Cicle Superior els qui van gaudir d&#8217;una estona de joc. Per fer-ho es van barrejar alumnes de totes les classes en diferents grups que van rotar per 5 espais diferents del pati.<\/p>\n<p>En el segon torn del mat\u00ed l&#8217;alumnat de 6\u00e8 va ser el dinamitzador de les activitats que feien els m\u00e9s petits de l&#8217;escola. Educaci\u00f3 Infantil juntament amb 1r es van dividir tamb\u00e9 en diferents grups i van divertir-se molt amb els 5 jocs que\u00a0 els nens i nenes de 6\u00e8 els havien preparat. A la tarda, per acabar la jornada va ser el torn de l&#8217;alumnat de Cicle Mitj\u00e0, qui tamb\u00e9 va ser acompanyat per l&#8217;alumnat de 6\u00e8.<\/p>\n<h3 style=\"text-align: center;\"><a href=\"https:\/\/photos.app.goo.gl\/TC7Mxy8kGFHhwv4h6\">GALERIA D&#8217;IMATGES DE LA JORNADA ESPORTIVA\u00a0<\/a><\/h3>\n<p><a href=\"https:\/\/photos.app.goo.gl\/TC7Mxy8kGFHhwv4h6\" rel=\"attachment wp-att-2917\"><img loading=\"lazy\" decoding=\"async\" class=\"aligncenter wp-image-2917 size-full\" src=\"https:\/\/agora.xtec.cat\/ceipmediterrania\/wp-content\/uploads\/usu1771\/2023\/04\/Captura-de-pantalla-2023-04-13-132100.png\" alt=\"\" width=\"813\" height=\"448\" srcset=\"https:\/\/agora.xtec.cat\/ceipmediterrania\/wp-content\/uploads\/usu1771\/2023\/04\/Captura-de-pantalla-2023-04-13-132100.png 813w, https:\/\/agora.xtec.cat\/ceipmediterrania\/wp-content\/uploads\/usu1771\/2023\/04\/Captura-de-pantalla-2023-04-13-132100-300x165.png 300w, https:\/\/agora.xtec.cat\/ceipmediterrania\/wp-content\/uploads\/usu1771\/2023\/04\/Captura-de-pantalla-2023-04-13-132100-768x423.png 768w\" sizes=\"auto, (max-width: 813px) 100vw, 813px\" \/><\/a><\/p>\n","protected":false},"excerpt":{"rendered":"<p>El passat divendres 31 de mar\u00e7 va tenir lloc la Jornada Esportiva de l&#8217;escola. Aquesta jornada s&#8217;organitza el darrer dia [&hellip;]<\/p>\n","protected":false},"author":1,"featured_media":0,"comment_status":"open","ping_status":"closed","sticky":false,"template":"","format":"standard","meta":{"_bbp_topic_count":0,"_bbp_reply_count":0,"_bbp_total_topic_count":0,"_bbp_total_reply_count":0,"_bbp_voice_count":0,"_bbp_anonymous_reply_count":0,"_bbp_topic_count_hidden":0,"_bbp_reply_count_hidden":0,"_bbp_forum_subforum_count":0,"site-sidebar-layout":"default","site-content-layout":"","ast-site-content-layout":"","site-content-style":"default","site-sidebar-style":"default","ast-global-header-display":"","ast-banner-title-visibility":"","ast-main-header-display":"","ast-hfb-above-header-display":"","ast-hfb-below-header-display":"","ast-hfb-mobile-header-display":"","site-post-title":"","ast-breadcrumbs-content":"","ast-featured-img":"","footer-sml-layout":"","theme-transparent-header-meta":"","adv-header-id-meta":"","stick-header-meta":"","header-above-stick-meta":"","header-main-stick-meta":"","header-below-stick-meta":"","astra-migrate-meta-layouts":"default","ast-page-background-enabled":"default","ast-page-background-meta":{"desktop":{"background-color":"var(--ast-global-color-4)","background-image":"","background-repeat":"repeat","background-position":"center center","background-size":"auto","background-attachment":"scroll","background-type":"","background-media":"","overlay-type":"","overlay-color":"","overlay-opacity":"","overlay-gradient":""},"tablet":{"background-color":"","background-image":"","background-repeat":"repeat","background-position":"center center","background-size":"auto","background-attachment":"scroll","background-type":"","background-media":"","overlay-type":"","overlay-color":"","overlay-opacity":"","overlay-gradient":""},"mobile":{"background-color":"","background-image":"","background-repeat":"repeat","background-position":"center center","background-size":"auto","background-attachment":"scroll","background-type":"","background-media":"","overlay-type":"","overlay-color":"","overlay-opacity":"","overlay-gradient":""}},"ast-content-background-meta":{"desktop":{"background-color":"var(--ast-global-color-5)","background-image":"","background-repeat":"repeat","background-position":"center center","background-size":"auto","background-attachment":"scroll","background-type":"","background-media":"","overlay-type":"","overlay-color":"","overlay-opacity":"","overlay-gradient":""},"tablet":{"background-color":"var(--ast-global-color-5)","background-image":"","background-repeat":"repeat","background-position":"center center","background-size":"auto","background-attachment":"scroll","background-type":"","background-media":"","overlay-type":"","overlay-color":"","overlay-opacity":"","overlay-gradient":""},"mobile":{"background-color":"var(--ast-global-color-5)","background-image":"","background-repeat":"repeat","background-position":"center center","background-size":"auto","background-attachment":"scroll","background-type":"","background-media":"","overlay-type":"","overlay-color":"","overlay-opacity":"","overlay-gradient":""}},"footnotes":""},"categories":[136,83,84,1],"tags":[],"class_list":["post-2916","post","type-post","status-publish","format-standard","hentry","category-educacio-fisica","category-educacio-infantil-23","category-educacio-primaria-23","category-general"],"post_mailing_queue_ids":[],"_links":{"self":[{"href":"https:\/\/agora.xtec.cat\/ceipmediterrania\/wp-json\/wp\/v2\/posts\/2916","targetHints":{"allow":["GET"]}}],"collection":[{"href":"https:\/\/agora.xtec.cat\/ceipmediterrania\/wp-json\/wp\/v2\/posts"}],"about":[{"href":"https:\/\/agora.xtec.cat\/ceipmediterrania\/wp-json\/wp\/v2\/types\/post"}],"author":[{"embeddable":true,"href":"https:\/\/agora.xtec.cat\/ceipmediterrania\/wp-json\/wp\/v2\/users\/1"}],"replies":[{"embeddable":true,"href":"https:\/\/agora.xtec.cat\/ceipmediterrania\/wp-json\/wp\/v2\/comments?post=2916"}],"version-history":[{"count":2,"href":"https:\/\/agora.xtec.cat\/ceipmediterrania\/wp-json\/wp\/v2\/posts\/2916\/revisions"}],"predecessor-version":[{"id":2919,"href":"https:\/\/agora.xtec.cat\/ceipmediterrania\/wp-json\/wp\/v2\/posts\/2916\/revisions\/2919"}],"wp:attachment":[{"href":"https:\/\/agora.xtec.cat\/ceipmediterrania\/wp-json\/wp\/v2\/media?parent=2916"}],"wp:term":[{"taxonomy":"category","embeddable":true,"href":"https:\/\/agora.xtec.cat\/ceipmediterrania\/wp-json\/wp\/v2\/categories?post=2916"},{"taxonomy":"post_tag","embeddable":true,"href":"https:\/\/agora.xtec.cat\/ceipmediterrania\/wp-json\/wp\/v2\/tags?post=2916"}],"curies":[{"name":"wp","href":"https:\/\/api.w.org\/{rel}","templated":true}]}}