{"id":2912,"date":"2023-03-29T12:45:04","date_gmt":"2023-03-29T10:45:04","guid":{"rendered":"https:\/\/agora.xtec.cat\/ceipmediterrania\/?p=2912"},"modified":"2023-03-29T12:45:57","modified_gmt":"2023-03-29T10:45:57","slug":"com-era-el-nostre-poble","status":"publish","type":"post","link":"https:\/\/agora.xtec.cat\/ceipmediterrania\/general\/com-era-el-nostre-poble\/","title":{"rendered":"Com era el nostre poble?"},"content":{"rendered":"<p><a href=\"https:\/\/agora.xtec.cat\/ceipmediterrania\/educacio-primaria-23\/cicle-superior\/com-era-el-nostre-poble\/attachment\/images\/\" rel=\"attachment wp-att-2913\"><img loading=\"lazy\" decoding=\"async\" class=\"aligncenter size-full wp-image-2913\" src=\"https:\/\/agora.xtec.cat\/ceipmediterrania\/wp-content\/uploads\/usu1771\/2023\/03\/images.jpg\" alt=\"\" width=\"300\" height=\"168\" \/><\/a><\/p>\n<p>Els nens i nenes de 6\u00e8A vam fer una s\u00e8rie d&#8217;entrevistes a diferents persones que porten molts anys a Les Roquetes per descobrir com han viscut ells i elles l&#8217;evoluci\u00f3 del poble durant aquests anys. Aqu\u00ed teniu alguns exemples:<\/p>\n<p><strong>Nacho Cid<\/strong><\/p>\n<p><em>Avui ens hem reunit amb Miriam Contreras Ma\u00f1as a casa seva. Fa 39 anys que viu a Les Roquetes i treballa a GLS. Te dos fills molt macos que es deien Ivan i Nacho.<\/em><\/p>\n<p><em>A continuaci\u00f3 li farem una s\u00e8rie de preguntes:<\/em><\/p>\n<p><strong>Com era abans Les Roquetes?<\/strong><\/p>\n<p>Doncs hi havia menys tr\u00e0fic, hi havia m\u00e9s aparcaments i es podia jugar al carrer.<\/p>\n<p><strong>Quins canvis destaques al poble?<\/strong><\/p>\n<p>L\u2019Ajuntament i els carrers de vianants.<\/p>\n<p><strong>Recordes com era La Festa Major?<\/strong><\/p>\n<p>Si, era igual que ara i ho feien a la pla\u00e7a Llobregat.<\/p>\n<p><strong>Recordes alguna cosa de quan eres petita?<\/strong><\/p>\n<p>Si, m\u2019agradava anar al que ara es la llar d\u2019infants perqu\u00e8 feien activitats pels nens (era una mena d\u2019esplai).<\/p>\n<p><strong>Recordes com va ser el naixement de la Dragona?<\/strong><\/p>\n<p>S\u00ed, va ser molt xulo perqu\u00e8 va sortir d\u2019un ou. La Dragona la va construir Merche Arqu\u00e9 a l\u2019any 1995.<\/p>\n<p>&nbsp;<\/p>\n<p><strong>\u00c1lvaro D\u00edaz<\/strong><\/p>\n<p><em>Avui entrevistar\u00e9 a la Sonia, una noia que fa vint-i-set anys que porta vivint a les Roquetes i t\u00e9 molts records de quan era petita i molt d\u2019encant sobre Roquetes. La sonia t\u00e9 quaranta-cinc anys i treballa en una cadena de supermercats com a fruitera, la seva fam\u00edlia ja no hi viu a Roquetes, per\u00f2 ella des que va venir amb els seus pares s\u2019ha quedat al poble.<\/em><\/p>\n<p><strong>Quan vas arribar a Roquetes, qu\u00e8 hi havia ?<\/strong><\/p>\n<p>Quan vaig arribar a les Roquetes, encara recordo que hi havia moltes parts del poble que encara eren zones sense edificar. Tamb\u00e9 me\u2019n recordo que hi havia la piscina municipal, que encara hi \u00e9s, que recordo anar-hi de petita.<\/p>\n<p><strong>Quins canvis recordes a Roquetes?<\/strong><\/p>\n<p>Uns dels canvis que m\u00e9s me\u2019n recordo \u00e9s el CAP de les Roquetes, que abans estava en un pis del centre del poble i ara est\u00e0 en un edifici molt m\u00e9s gran que pot donar m\u00e9s atenci\u00f3 a la gent del poble, ja que abans era un espai molt petit.<\/p>\n<p><strong>T\u2019han agradat els canvis al poble?<\/strong> <strong>Per qu\u00e8?<\/strong><\/p>\n<p>Si molt, perqu\u00e8 tota l\u2019evoluci\u00f3 que he vist fins ara es per millorar la qualitat de vida de la gent del poble i que tots puguem gaudir dels canvis que han fet i que encara s\u2019han de fer. Tamb\u00e9 un canvi molt positiu per a la gent jove del poble \u00e9s que tindran un nou institut\/escola, cosa que m\u2019ha semblat una opci\u00f3 molt bona per a l\u2019educaci\u00f3 dels jove.<\/p>\n<p><strong>Recordes alguna an\u00e8cdota de quan eres petit a les Roquetes?<\/strong><\/p>\n<p>S\u00ed, recordo una an\u00e8cdota de quan era jove, de quan vaig con\u00e8ixer al que ara \u00e9s el meu marit i, casualitats de la vida, ell i la seva fam\u00edlia es van comprar una casa a Les Roquetes i aquesta casa era de la meva bes\u00e0via. Quan vam comen\u00e7ar la reforma ens vam trobar les notes del meu pare de quan anava a l\u2019escola \u201cel Grup\u201d de Vilanova i la Geltr\u00fa, \u00a0que actualment es diu Pompeu Fabra. Perqu\u00e8 abans aqu\u00ed no hi havia escola encara,\u00a0perqu\u00e8\u00a0era un poble molt petit.<\/p>\n<p><strong>Continues mantenint amics del poble?<\/strong><\/p>\n<p>Si, encara que per q\u00fcestions de treball, etc, perds la comunicaci\u00f3, per\u00f2 de tant en tant ens veiem pel poble i fem una xerradeta i parlem de tots els nostres records al poble de quan \u00e9rem petits. Tamb\u00e9 he fet noves amistats durant tots els anys que porto vivint a les Roquetes.<\/p>\n<p><strong>Com era la festa major de Roquetes abans?<\/strong><\/p>\n<p>La festa major, igual que ara, es vivia amb molta tradici\u00f3. Recordo que als Balls Populars no hi participava tanta gent. Tamb\u00e9 recordo els gegants, el Joan i l\u2019Eul\u00e0lia, es van canviar fa uns quants anys, per\u00f2 continuen tenint molt d\u2019encant igualment.<\/p>\n<p>&nbsp;<\/p>\n<p><strong>Vero Mu\u00f1oz<\/strong><\/p>\n<p><em>Avui entrevistarem a Juanjo Mu\u00f1oz a casa seva. Juanjo fa 47 anys que viu a Les Roquetes. Va anar al cole Santa Eul\u00e0lia, i treballa a la\u00a0 construcci\u00f3. T\u00e9 dues filles: la gran es diu Mayte i la petita es diu Vero, t\u00e9 una fam\u00edlia molt gran. Tota la seva fam\u00edlia viu a Les Roquetes menys la seva germana Yola, que viu a Barcelona.<\/em><\/p>\n<p><em>\u00a0<\/em><em>Ara comen\u00e7arem a fer-li les preguntes.<\/em><\/p>\n<p><strong>Qu\u00e8 recordes de Les Roquetes quan eres petit?<\/strong><\/p>\n<p>Recordo els carrers sense asfalt. Eren de terra i pedra.<\/p>\n<p><strong>Quins canvis t\u2019han agradat m\u00e9s i menys?<\/strong><\/p>\n<p>Els que m\u00e9s m\u2019han agradat, els carrers, perqu\u00e8\u00a0tenen asfalt, i el que menys, que ara hi han molts\u00a0edificis.<\/p>\n<p><strong>Hi havia algun lloc especial per a tu?<\/strong><\/p>\n<p>La pista de futbol dels Galliners.<\/p>\n<p><strong>Qu\u00e8 recordes de la festa Major?<\/strong><\/p>\n<p>Recordo els coets i la fira, que estava on ara \u00e9s el CAP.<\/p>\n<p><strong>Segueixes tenint amics de quan eres petit? Com \u00e9s la vostra relaci\u00f3 ara?<\/strong><\/p>\n<p>Si, \u00e9s bona, parlem i ens ajuntem.<\/p>\n<p><strong>Quan vas arribar a Les Roquetes, qu\u00e8 hi havia?<\/strong><\/p>\n<p>Hi havien dos quioscs, una f\u00e0brica, una b\u00f2bila\u2026<\/p>\n<p><strong>\u00a0<\/strong><\/p>\n<p><strong>Gina Cruells<\/strong><\/p>\n<p><em>Avui parlarem amb la Raquel, una persona que porta vivint a les Roquetes 18 anys, per\u00f2 treballant-hi 24. Ella treballa de perruquera i t\u00e9 dues filles: la gran es diu Laia i t\u00e9 15 anys, i la petita es diu Gina i t\u00e9 12 anys. La Raquel t\u00e9 tota la fam\u00edlia a les Roquetes.<\/em><\/p>\n<p><em>Comencem:<\/em><\/p>\n<p><strong>Com era abans les Roquetes?<\/strong><\/p>\n<p>Era un poble de gent immigrant. Molta va venir de Vallcarca, M\u00farcia, Extremadura\u2026<\/p>\n<p><strong>Quins canvis del poble destaques?<\/strong><\/p>\n<p>Ha vingut molt m\u00e9s jovent ja que els pisos estan m\u00e9s barats.<\/p>\n<p><strong>Tens algun record de petita o jove la poble?<\/strong><\/p>\n<p>Que fa 15 anys no hi havien tants blocs de pisos.<\/p>\n<p><strong>Continues mantenint amistat amb alg\u00fa de la joventut a Les Roquetes?\u00a0<\/strong><\/p>\n<p>Si, amb l\u2019Anna una companya de feina de fa vint anys.<\/p>\n<p><strong>Hi havia algun lloc especial per a tu?<\/strong><\/p>\n<p>Si, als divuit anys, durant l\u2019estiu ens pos\u00e0vem al mur de les cases del mar amb amics.<\/p>\n<p><strong>Tens alguna an\u00e8cdota d\u2019algun personatge?<\/strong><\/p>\n<p>El Manolo, que era un home que passejava per Roquetes.<\/p>\n<p><strong>Tens algun record de la festa major d\u2019abans?<\/strong><\/p>\n<p>Fa deu anys era bastonera i la vaig veure des de dins.<\/p>\n<p>&nbsp;<\/p>\n<p><strong>Ariadna G\u00f3mez<\/strong><\/p>\n<p><em>Avui estem amb el Manuel G\u00f3mez Aparicio. T\u00e9 71 anys i viu a Les Roquetes des del 1974, porta al poble 49 anys. Va treballar de decorador de mobles a la Varo S.A. Es va casar i t\u00e9 fam\u00edlia nombrosa.<\/em><\/p>\n<p><strong>Com recordes Les Roquetes abans?<\/strong><\/p>\n<p>Les Roquetes abans eren quatre cases i la majoria eren camps.<\/p>\n<p><strong>Quins canvis creus que m\u00e9s s\u2019han notat al poble?<\/strong><\/p>\n<p>La gent, perqu\u00e8 abans era molt poca, i els carrers, que eren de sorra.<\/p>\n<p><strong>Un lloc de Les Roquetes ic\u00f2nic que recordis amb afecte?<\/strong><\/p>\n<p>La Pla\u00e7a Llobregat, perqu\u00e8 era on es feien les festes.<\/p>\n<p><strong>Tu que has sortit en tants balls populars, com creus que han canviat i perqu\u00e8?<\/strong><\/p>\n<p>Molt, perqu\u00e8 hi han m\u00e9s balls.<\/p>\n<p><strong>Com vas viure el naixement de la Dragona?<\/strong><\/p>\n<p>Amb la cama escaiolada. Era molt bonic i hi havien moltes colles de dracs.<\/p>\n<p><strong>Vas sortir a la primera Rua Summer? Tens alguna an\u00e8cdota?<\/strong><\/p>\n<p>Si, antigament les disfresses m\u00e9s tapades i es feien amb bosses de brossa.<\/p>\n<p><strong>Qu\u00e8 t&#8217;agradaria que canvi\u00e9s de les Roquetes?<\/strong><\/p>\n<p>M&#8217;agradaria que canvi\u00e9s l\u2019enllumenat, la neteja i els contenidors.<\/p>\n<p>&nbsp;<\/p>\n<p><strong>\u00cdker Latorre<\/strong><\/p>\n<p><em>Avui entrevistarem a Clotilde Conejero P\u00e9rez, t\u00e9 87 anys i ha viscut a Les Roquetes durant 57. T\u00e9 un germ\u00e0, una germana, un fill i una filla.<\/em><\/p>\n<p><em>\u00a0<\/em><em>La primera pregunta \u00e9s:<\/em><\/p>\n<p><strong>Com recordes la Festa Major d&#8217;abans?<\/strong><\/p>\n<p>Jo recordo que era una revetlla on tota la gent ens reun\u00edem al carrer per sopar i n\u2019hi havia moltes banderes pel carrer.<\/p>\n<p><em>Seg\u00fcent:<\/em><\/p>\n<p><strong>Quin \u00e9s el canvi que m\u00e9s has notat?<\/strong><\/p>\n<p>Per mi, els metges i les escoles. Abans no hi havien ni metges ni escoles i havies d\u2019anar a Vilanova.<\/p>\n<p><em>Un altre:<\/em><\/p>\n<p><strong>Quin canvi t\u2019ha agradat m\u00e9s?<\/strong><\/p>\n<p>Que tinguem metges i escoles al poble,es nota molt el canvi.<\/p>\n<p><em>Seg\u00fcent pregunta:<\/em><\/p>\n<p><strong>Prefereixes la Festa Major d&#8217;ara o la d\u2019 abans?<\/strong><\/p>\n<p>Aquesta \u00e9s dif\u00edcil per\u00f2,em quedo amb la Festa Major d\u2019ara,la d\u2019 abans tamb\u00e9 m\u2019agrada per\u00f2 la d\u2019 ara m\u00e9s.<\/p>\n<p><em>\u00daltima pregunta d\u2019aquesta entrevista:<\/em><\/p>\n<p><strong>Creus que el poble ha canviat molt? A millor o a pitjor?<\/strong><\/p>\n<p>Jo crec que si ha canviat molt i a millor, \u00f2bviament.<\/p>\n<p><em>Moltes gr\u00e0cies per les teves respostes.<\/em><\/p>\n<p><strong>\u00a0<\/strong><\/p>\n<p><strong>Mar\u00eda L\u00f3pez<\/strong><\/p>\n<p><em>Pedro L\u00f3pez Guerrero t\u00e9 quaranta-cinc anys i ,ha estat trenta-cinc anys a Les Roquetes. Treballa a la construcci\u00f3, fa obra nova i tamb\u00e9 antiga i t\u00e9 una filla petita d\u2019onze anys.<\/em><\/p>\n<p><strong>Qu\u00e8 recordes de fa vint anys de Les Roquetes?<\/strong><\/p>\n<p>Recordo que en el camp on est\u00e0 l\u2019Ajuntament jug\u00e0vem un munt a l\u2019amagatall perqu\u00e8 era molt gran.<\/p>\n<p><strong>Quins records de la festa major tens? Com era abans?<\/strong><\/p>\n<p>Recordo que muntaven una fira gran, que tamb\u00e9 per aqu\u00ed passava la cercavila i tot el poble s\u2019ajuntava.<\/p>\n<p><strong>Qu\u00e8 hi havia abans a l\u2019escola Mediterr\u00e0nia?<\/strong><\/p>\n<p>Es deia la zona dels Cinc Pins, a setmana santa totes les fam\u00edlies ens hi ajunt\u00e0vem el dilluns de pasqua.<\/p>\n<p><strong>Qu\u00e8 recordes de la teva escola?<\/strong><\/p>\n<p>Jo anava a l\u2019escola Roquetes i recordo que tenia bons amics professors que m\u2019ajudaven bastant amb els deures.<\/p>\n<p><strong>Quina zona ha canviat m\u00e9s de les Roquetes?<\/strong><\/p>\n<p>La rambla Santa Eul\u00e0lia.<\/p>\n<p><strong>Que et va marcar molt quan eres petit de Les Roquetes?\u00a0<\/strong><\/p>\n<p>Que quan van inaugurar un cinema, el meu pare em va portar a veure les Tortugues Ninja.<\/p>\n<p><strong>Qu\u00e8 era el m\u00e9s guai de les Roquetes a finals dels 80?<\/strong><\/p>\n<p>Recordo que a l\u2019estiu tota la fam\u00edlia an\u00e0vem a la platja, \u00e9rem m\u00e9s de trenta persones.<\/p>\n<p><strong>Qu\u00e8 recordes amb molta estima de la teva inf\u00e0ncia a Les Roquetes?<\/strong><\/p>\n<p>Recordo que quan acabava l\u2019escola i en\u00a0an\u00e0vem tots al camp a construir cabanyes\u00a0damunt dels arbres per passar\u00a0 l\u2019estiu all\u00e0.<\/p>\n<p><strong>Com era abans l\u2019entrada a les Roquetes?<\/strong><\/p>\n<p>Estava el terreny molt enfonsat i hi havien molts horts.<\/p>\n<p><strong>Qu\u00e8 ha sigut el m\u00e9s divertit de la festa major?<\/strong><\/p>\n<p>Quan a la Placa Llobregat<sup>1<\/sup> va apar\u00e8ixer un ou gegant i d\u2019aqu\u00ed va n\u00e9ixer la Dragona de Les Roquetes.<\/p>\n<p><sup>1<\/sup><em>La mem\u00f2ria la ha jugat una mala passada ja que aix\u00f2 va passar al Pirul\u00ed.<\/em><\/p>\n<p><em>MOLTES GR\u00c0CIES PEL TEU TEMPS!<\/em><\/p>\n<p><strong>\u00a0<\/strong><strong>\u00a0<\/strong><\/p>\n<p><strong>Dar\u00edo Martos<\/strong><\/p>\n<p><em>L\u2019Antonio porta vivint a Les Roquetes des de fa 60 anys. T\u00e9 una botiga a prop del mercat \u201cLa S\u00ednia\u201d. Avui parlar\u00e9 amb ell de com era el poble abans.<\/em><\/p>\n<p><strong>Com era el poble abans?<\/strong><\/p>\n<p>No hi havia res, tot eren vinyes.<\/p>\n<p><strong>Hi ha algun canvi que hagis vist?<\/strong><\/p>\n<p>Els blocs que eren per els que arriben de Vallcarca.<\/p>\n<p><strong>Com era la Festa Major abans?<\/strong><\/p>\n<p>Era molt familiar i es celebrava m\u00e9s la d\u2019 estiu.<\/p>\n<p><strong>Com va ser el naixement de \u201c la Dragona\u201d?<\/strong><\/p>\n<p>La van incorporar perqu\u00e8 la Festa Major era molt simple i b\u00e0sica.<\/p>\n<p><strong>Hi havia les mateixes escoles?<\/strong><\/p>\n<p>Abans no hi havia escoles. La primera ens construcci\u00f3 va ser una llar d\u2019 infants que semblaven galliners i la gent l\u2019 anomenava aix\u00ed.<\/p>\n<p>&nbsp;<\/p>\n<p><strong>Danel Miguel<\/strong><\/p>\n<p><em>Avui ens hem reunit amb el senyor Daniel per parlar sobre Les\u00a0Roquetes. T\u00e9 47 anys i els ha viscut sempre al poble. T\u00e9 un fill que es diu Danel i treballa al Consum.<\/em><\/p>\n<p><em>Ara li farem una entrevista, comencem!<\/em><\/p>\n<p><strong>Com era Les Roquetes abans?<\/strong><\/p>\n<p>Era un poble molt insegur per\u00f2 la seva gent era humil i treballadora, principalment immigrants nacionals. Pr\u00e0cticament no havia res, nom\u00e9s vinya i camp, per\u00f2 amb esfor\u00e7 del seus habitants vam comen\u00e7ar a tenir un poble segur i millores importants.<\/p>\n<p><strong>Com ha canviat Les Roquetes?<\/strong><\/p>\n<p>De no tenir pr\u00e0cticament res s&#8217;ha convertit en un poble gran amb molta gent.<\/p>\n<p><strong>Recordes algun an\u00e8cdota del passat?<\/strong><\/p>\n<p>Si, abans els firaires posaven les atraccions al centre del poble i tallaven els carrers.<\/p>\n<p><strong>Recordes com eren les festes majors?<\/strong><\/p>\n<p>Es gaudia dels balls populars i tots els nens del poble participaven, la gent s\u2019ajuntava i gaudien dels balls populars.<\/p>\n<p><strong>Com va ser el naixement de la Dragona?<\/strong><\/p>\n<p>Va n\u00e9ixer l\u2019any 1995, va sortir d\u2019un ou gegant. \u00c9s un referent de la comarca del Garraf.<\/p>\n<p>&nbsp;<\/p>\n<p><strong>D<\/strong><strong>aniel Pozo<\/strong><\/p>\n<p><em>Ara entrevistarem\u00a0 al\u00a0 meu Avi, que es diu Miquel. Viu a Roquetes des de l\u2019 any 1992. Est\u00e0 casat i t\u00e9 dos fills, un que es diu Miquel i una altre N\u00faria.\u00a0<\/em><\/p>\n<p><strong>Com era les Roquetes abans?<\/strong><\/p>\n<p>Era molt m\u00e9s petit i estava rodejat de camps<\/p>\n<p><strong>Destaques algun canvi al poble?<\/strong><\/p>\n<p>Si, molts, tot \u00e9rem cases d\u2019un pis. Actualment hi han places, jardins i edificis moderns.<\/p>\n<p><strong>Em podries explicar alguna an\u00e8cdota\u00a0 de quan eres jove?<\/strong><\/p>\n<p>No,perqu\u00e8 quan vaig venir a viure no era jove, tenia\u00a0 40 anys.<\/p>\n<p><strong>\u00a0<\/strong><strong>Alguna vegada has fet balls populars?<\/strong><\/p>\n<p>No, per\u00f2 la meva neta J\u00falia si. Sempre que fan vaig a veure\u2019ls.<\/p>\n<p><strong>Com\u00a0 \u00e9rem abans les Festes Majors?<\/strong><\/p>\n<p>Eren menys participaven i feien menys activitats.<\/p>\n<p><em>Doncs gr\u00e0cies al meu Avi per la defer\u00e8ncia que ha tingut al contestar les pregunta\u00a0.<\/em><\/p>\n<p>&nbsp;<\/p>\n<p><strong>Izan Reverte<\/strong><\/p>\n<p><em>Farem una entrevista a Joaquin Reverte Ruiz, t\u00e9 48 anys i viu a Les Roquetes fa 48 anys, treballa a una empresa de pintura. T\u00e9 un fill i una filla, el fill es diu Izan i la filla es diu Thais.<\/em><\/p>\n<p><strong>Com eren Les Roquetes abans? Hi havien moltes cases?<\/strong><\/p>\n<p>Les Roquetes abans era una barriada que no arribava a ser un poble. No hi havien moltes cases ,van comen\u00e7ar a fer cases a la part de l\u2019entrada, la resta estaven a la part de dalt de Les Roquetes.<\/p>\n<p><strong>Tens algun record de quan eres petit a Les Roquetes?<\/strong><\/p>\n<p>Casa meva es va construir quan jo tenia 3 anys i vaig veure mica en mica com es feia el poble.<\/p>\n<p><strong>T\u2019han agradat els canvis que han fet a Les Roquetes? Quin \u00e9s el que m\u00e9s t\u2019ha agradat?<\/strong><\/p>\n<p>Si, m\u00b4han agradat els canvis i eren necessaris. El que m\u00e9s m\u00b4ha agradat s\u00f3n les noves escoles i el poliesportiu.<\/p>\n<p><strong>Recordes algun dia \u201cimportant\u201d de Les Roquetes?<\/strong><\/p>\n<p>Recordo el dia que van obrir el poliesportiu de Les Roquetes, jo hi era bi va veni gent important.<\/p>\n<p><strong>Com era la Festa Major? Hi participava molta gent? Es feien molts balls?<\/strong><\/p>\n<p>Era molt important la Festa Major, sempre ha sigut molt important per a Les Roquetes. Hi participava molta gent sobre tot nens. Es feien m\u00e9s o menys els mateixos balls que ara.<\/p>\n<p><strong>\u00a0<\/strong><\/p>\n<p><strong style=\"font-family: inherit; font-size: 1em;\">David Sebasti\u00e1n Tomal\u00e1<\/strong><\/p>\n<p><em>Hola, em dic David Sebasti\u00e1n i avui entrevistar\u00e9 a Isaac. Ell t\u00e9 20 anys, li agrada molt\u00edssim el B\u00e0squet i porta el dorsal n\u00famero 13. Tamb\u00e9 \u00e9s entrenador del mini negre del Club B\u00e0squet Roquetes. A continuaci\u00f3 les preguntes :<\/em><\/p>\n<p><strong>A quina escola anaves abans? I com la recordes?<\/strong><\/p>\n<p>Ja fa 9 anys que vaig superar l\u2019etapa escolar de prim\u00e0ria i anava a l\u2019escola Santa Eul\u00e0lia de les Roquetes del Garraf. Recordo la meva escola com un palau gegant i pel que m\u2019arriba, continua sent igual; on hi havien grans professors i unes molt bones instal\u00b7lacions.<\/p>\n<p><strong>Quina era la teva assignatura preferida a l\u2019escola?<\/strong><\/p>\n<p>La veritat \u00e9s que m\u2019agradava molt l\u2019escola i se\u2019m donaven b\u00e9 gaireb\u00e9 totes les assignatures, per\u00f2 escolliria Educaci\u00f3 F\u00edsica.<\/p>\n<p><strong>Quin era el teu lloc preferit a les Roquetes abans i ara?<\/strong><\/p>\n<p>Quan anava a l\u2019escola, el meu lloc preferit diria que era la rambleta de sorra que hi ha al costat del Pirul\u00ed, ja que all\u00e0 pod\u00edem jugar tranquil\u00b7lament. Mentre que ara diria que el el Pavell\u00f3, ja que all\u00e0 \u00e9s on s\u00f3c entrenador i jugador del meu esport preferit, el B\u00e0squet.<\/p>\n<p><strong>Com era abans la Festa Major?\u00a0\u00a0<\/strong><\/p>\n<p>Recordo les meves primeres Festes Majors amb molta il\u00b7lusi\u00f3 i des de que em vaig apuntar a una colla de timbals de diables, la gaudeixo molt .Aix\u00f2 era i \u00e9s perqu\u00e8 veus a tot el poble reunit celebrant un mateix esdeveniment que a tothom ens alegra.<\/p>\n<p><strong>Com era el poble de les Roquetes del Garraf?<\/strong><\/p>\n<p>Jo tinc 20 anys i tampoc \u00e9s que hagi canviat molt el poble en la meva curta vida; per\u00f2 han millorat certes instal\u00b7lacions d\u2019oci per a joves com el que ara abans els Galliners.<\/p>\n<p><strong>\u00a0<\/strong><\/p>\n<p><strong>Berta Dur\u00e1n<\/strong><\/p>\n<p><em>Avui entrevistarem a una persona d\u2019aqu\u00ed de tota la vida, M\u00f2nica Fern\u00e1ndez Linares, a la seva perruqueria. T\u00e9 dos fills, el gran que es diu Rub\u00e9n i t\u00e9 20 anys i el petit qu\u00e8 es diu Eloi i t\u00e9 15 anys.<\/em><\/p>\n<p><strong>Quants anys portes vivint a les Roquetes?<\/strong><\/p>\n<p>Porto 46 anys, des de que vaig n\u00e9ixer.<\/p>\n<p><strong>Com eren les Roquetes abans?<\/strong><\/p>\n<p>Els carrers estaven sense asfaltar, hi havia molt camp. Estaven els blocs de l\u2019Avinguda Catalunya i no hi havien tants edificis.<\/p>\n<p><strong>Quan eres petita ja estava constru\u00efda l\u2019escola Mediterr\u00e0nia?<\/strong><\/p>\n<p>No, eren vinyes. Nom\u00e9s estaven constru\u00efdes les escoles Roquetes i Santa Eul\u00e0lia.<\/p>\n<p>L\u2019escola bressol Tres Pins estava sota l&#8217;esgl\u00e9sia actual.<\/p>\n<p>On ara est\u00e0 la tres pins estava el col\u00b7legi San Agust\u00edn, aqu\u00ed \u00e9s on vaig comen\u00e7ar a estudiar jo el parvulari (educaci\u00f3 infantil).<\/p>\n<p>Prim\u00e0ria la vaig comen\u00e7ar al Roquetes (que va ser la primera escola que es va fer).L&#8217;escola Santa Eul\u00e0lia va ser la segona.<\/p>\n<p>Instituts no hi havien, s\u2019havia d\u2019anar a Can Puig (Ribes) o al Mir (Vilanova). El Gal\u00ed primer estava al centre c\u00edvic.<\/p>\n<p><strong>Ha hagut algun canvi important que hagi afectat bastant al barri, i en el cas de que no, quin ha sigut el canvi m\u00e9s important per a tu?<\/strong><\/p>\n<p>Quan van posar el primer ambulatori, estava a on ara est\u00e0 la Caixa.<\/p>\n<p>Tamb\u00e9 em va semblar molt important que asfaltessin els carrers.<\/p>\n<p>I un altre canvi molt important va ser quan van fer b\u00e9 l\u2019entrada a les Roquetes perqu\u00e8 s\u2019inundava.<\/p>\n<p><em>Fins aqu\u00ed l&#8217;entrevista!<\/em><\/p>\n<p><strong>\u00a0<\/strong><\/p>\n","protected":false},"excerpt":{"rendered":"<p>Els nens i nenes de 6\u00e8A vam fer una s\u00e8rie d&#8217;entrevistes a diferents persones que porten molts anys a Les [&hellip;]<\/p>\n","protected":false},"author":1,"featured_media":0,"comment_status":"open","ping_status":"closed","sticky":false,"template":"","format":"standard","meta":{"_bbp_topic_count":0,"_bbp_reply_count":0,"_bbp_total_topic_count":0,"_bbp_total_reply_count":0,"_bbp_voice_count":0,"_bbp_anonymous_reply_count":0,"_bbp_topic_count_hidden":0,"_bbp_reply_count_hidden":0,"_bbp_forum_subforum_count":0,"site-sidebar-layout":"default","site-content-layout":"","ast-site-content-layout":"","site-content-style":"default","site-sidebar-style":"default","ast-global-header-display":"","ast-banner-title-visibility":"","ast-main-header-display":"","ast-hfb-above-header-display":"","ast-hfb-below-header-display":"","ast-hfb-mobile-header-display":"","site-post-title":"","ast-breadcrumbs-content":"","ast-featured-img":"","footer-sml-layout":"","theme-transparent-header-meta":"","adv-header-id-meta":"","stick-header-meta":"","header-above-stick-meta":"","header-main-stick-meta":"","header-below-stick-meta":"","astra-migrate-meta-layouts":"default","ast-page-background-enabled":"default","ast-page-background-meta":{"desktop":{"background-color":"var(--ast-global-color-4)","background-image":"","background-repeat":"repeat","background-position":"center center","background-size":"auto","background-attachment":"scroll","background-type":"","background-media":"","overlay-type":"","overlay-color":"","overlay-opacity":"","overlay-gradient":""},"tablet":{"background-color":"","background-image":"","background-repeat":"repeat","background-position":"center center","background-size":"auto","background-attachment":"scroll","background-type":"","background-media":"","overlay-type":"","overlay-color":"","overlay-opacity":"","overlay-gradient":""},"mobile":{"background-color":"","background-image":"","background-repeat":"repeat","background-position":"center center","background-size":"auto","background-attachment":"scroll","background-type":"","background-media":"","overlay-type":"","overlay-color":"","overlay-opacity":"","overlay-gradient":""}},"ast-content-background-meta":{"desktop":{"background-color":"var(--ast-global-color-5)","background-image":"","background-repeat":"repeat","background-position":"center center","background-size":"auto","background-attachment":"scroll","background-type":"","background-media":"","overlay-type":"","overlay-color":"","overlay-opacity":"","overlay-gradient":""},"tablet":{"background-color":"var(--ast-global-color-5)","background-image":"","background-repeat":"repeat","background-position":"center center","background-size":"auto","background-attachment":"scroll","background-type":"","background-media":"","overlay-type":"","overlay-color":"","overlay-opacity":"","overlay-gradient":""},"mobile":{"background-color":"var(--ast-global-color-5)","background-image":"","background-repeat":"repeat","background-position":"center center","background-size":"auto","background-attachment":"scroll","background-type":"","background-media":"","overlay-type":"","overlay-color":"","overlay-opacity":"","overlay-gradient":""}},"footnotes":""},"categories":[79,84,1],"tags":[],"class_list":["post-2912","post","type-post","status-publish","format-standard","hentry","category-cicle-superior","category-educacio-primaria-23","category-general"],"post_mailing_queue_ids":[],"_links":{"self":[{"href":"https:\/\/agora.xtec.cat\/ceipmediterrania\/wp-json\/wp\/v2\/posts\/2912","targetHints":{"allow":["GET"]}}],"collection":[{"href":"https:\/\/agora.xtec.cat\/ceipmediterrania\/wp-json\/wp\/v2\/posts"}],"about":[{"href":"https:\/\/agora.xtec.cat\/ceipmediterrania\/wp-json\/wp\/v2\/types\/post"}],"author":[{"embeddable":true,"href":"https:\/\/agora.xtec.cat\/ceipmediterrania\/wp-json\/wp\/v2\/users\/1"}],"replies":[{"embeddable":true,"href":"https:\/\/agora.xtec.cat\/ceipmediterrania\/wp-json\/wp\/v2\/comments?post=2912"}],"version-history":[{"count":2,"href":"https:\/\/agora.xtec.cat\/ceipmediterrania\/wp-json\/wp\/v2\/posts\/2912\/revisions"}],"predecessor-version":[{"id":2915,"href":"https:\/\/agora.xtec.cat\/ceipmediterrania\/wp-json\/wp\/v2\/posts\/2912\/revisions\/2915"}],"wp:attachment":[{"href":"https:\/\/agora.xtec.cat\/ceipmediterrania\/wp-json\/wp\/v2\/media?parent=2912"}],"wp:term":[{"taxonomy":"category","embeddable":true,"href":"https:\/\/agora.xtec.cat\/ceipmediterrania\/wp-json\/wp\/v2\/categories?post=2912"},{"taxonomy":"post_tag","embeddable":true,"href":"https:\/\/agora.xtec.cat\/ceipmediterrania\/wp-json\/wp\/v2\/tags?post=2912"}],"curies":[{"name":"wp","href":"https:\/\/api.w.org\/{rel}","templated":true}]}}