{"id":2892,"date":"2023-04-18T09:00:46","date_gmt":"2023-04-18T07:00:46","guid":{"rendered":"https:\/\/agora.xtec.cat\/ceipmediterrania\/?p=2892"},"modified":"2023-05-10T13:24:20","modified_gmt":"2023-05-10T11:24:20","slug":"sant-jordi-2023","status":"publish","type":"post","link":"https:\/\/agora.xtec.cat\/ceipmediterrania\/general\/sant-jordi-2023\/","title":{"rendered":"Sant Jordi 2023"},"content":{"rendered":"<table style=\"border-collapse: collapse; width: 100%;\">\n<tbody>\n<tr>\n<td style=\"width: 50%;\">\n<h4 style=\"text-align: center;\"><span style=\"color: #2795b6;\"><a style=\"color: #2795b6;\" href=\"https:\/\/photos.app.goo.gl\/91fQXzyfbnYrbPAHA\" rel=\"attachment wp-att-2902\"><img loading=\"lazy\" decoding=\"async\" class=\"aligncenter wp-image-2902 size-medium\" src=\"https:\/\/agora.xtec.cat\/ceipmediterrania\/wp-content\/uploads\/usu1771\/2023\/03\/Post-Facebook-Diada-de-Sant-Jordi-Libro-Rojo-Verde-1-300x251.jpg\" alt=\"\" width=\"300\" height=\"251\" srcset=\"https:\/\/agora.xtec.cat\/ceipmediterrania\/wp-content\/uploads\/usu1771\/2023\/03\/Post-Facebook-Diada-de-Sant-Jordi-Libro-Rojo-Verde-1-300x250.jpg 300w, https:\/\/agora.xtec.cat\/ceipmediterrania\/wp-content\/uploads\/usu1771\/2023\/03\/Post-Facebook-Diada-de-Sant-Jordi-Libro-Rojo-Verde-1-768x644.jpg 768w, https:\/\/agora.xtec.cat\/ceipmediterrania\/wp-content\/uploads\/usu1771\/2023\/03\/Post-Facebook-Diada-de-Sant-Jordi-Libro-Rojo-Verde-1.jpg 940w\" sizes=\"auto, (max-width: 300px) 100vw, 300px\" \/><\/a><\/span><\/h4>\n<\/td>\n<td style=\"width: 50%;\">\n<h4 style=\"text-align: center;\"><a style=\"color: #2795b6;\" href=\"https:\/\/xtec.gencat.cat\/ca\/recursos\/el-taller-de-ledu365\/sant-jordi\/\"><img loading=\"lazy\" decoding=\"async\" class=\"aligncenter wp-image-2893 size-medium\" src=\"https:\/\/agora.xtec.cat\/ceipmediterrania\/wp-content\/uploads\/usu1771\/2023\/03\/Captura-de-pantalla-2023-03-22-125201-300x163.png\" alt=\"\" width=\"300\" height=\"163\" srcset=\"https:\/\/agora.xtec.cat\/ceipmediterrania\/wp-content\/uploads\/usu1771\/2023\/03\/Captura-de-pantalla-2023-03-22-125201-300x163.png 300w, https:\/\/agora.xtec.cat\/ceipmediterrania\/wp-content\/uploads\/usu1771\/2023\/03\/Captura-de-pantalla-2023-03-22-125201-1024x558.png 1024w, https:\/\/agora.xtec.cat\/ceipmediterrania\/wp-content\/uploads\/usu1771\/2023\/03\/Captura-de-pantalla-2023-03-22-125201-768x418.png 768w, https:\/\/agora.xtec.cat\/ceipmediterrania\/wp-content\/uploads\/usu1771\/2023\/03\/Captura-de-pantalla-2023-03-22-125201.png 1120w\" sizes=\"auto, (max-width: 300px) 100vw, 300px\" \/><\/a><\/h4>\n<h4 style=\"text-align: center;\"><a href=\"https:\/\/xtec.gencat.cat\/ca\/recursos\/el-taller-de-ledu365\/sant-jordi\/\">Propostes per a celebrar Sant Jordi<\/a> a <a href=\"https:\/\/xtec.gencat.cat\/ca\/recursos\/el-taller-de-ledu365\/sant-jordi\/\">edu.365<\/a><\/h4>\n<\/td>\n<\/tr>\n<\/tbody>\n<\/table>\n<h4><\/h4>\n<h4><\/h4>\n<p>La setmana del\u00a0<strong>17 al 24 d\u2019abril\u00a0<\/strong>a l\u2019escola se celebrar\u00e0 la Setmana Cultural aprofitant la diada de Sant Jordi.<\/p>\n<p>Durant les tardes d\u2019aquesta setmana s&#8217;organitzaran diferents tallers on els infants estaran barrejats per cicles educatius (infantil, inicial, mitj\u00e0 i superior).<\/p>\n<p>Per garantir la bona organitzaci\u00f3 de l\u2019escola, cada cicle realitzar\u00e0 el taller una tarda a la setmana:<\/p>\n<p><strong>Educaci\u00f3 infantil<\/strong> far\u00e0 el taller dilluns 17 d\u2019abril a les 15h , <strong>Cicle inicial<\/strong> far\u00e0 el taller dimarts 18 d\u2019abril a les 15h. <strong>Cicle Mitj\u00e0<\/strong> far\u00e0 el taller dimecres 19 d\u2019abril a les 15h. <strong>Cicle Superior<\/strong> far\u00e0 el taller a les 20 d\u2019abril a\u00a0 les 15h<\/p>\n<p>Els infants escolliran segons els seus interessos el taller al qual volen participar visualitzant una mostra de cada activitat. D\u2019aquesta manera els infants estaran barrejats amb les diferents classes que conformen el cicle educatiu al qual pertanyen.<\/p>\n<p>En la realitzaci\u00f3 d&#8217;aquets tallers es compta amb la col\u00b7laboraci\u00f3 de les fam\u00edlies interessades (teniu tota la informaci\u00f3 al Dinantia enviat per direcci\u00f3 en data 27\/03).<\/p>\n<p>Properament seguirem informant a la web de l&#8217;organitzaci\u00f3 d&#8217;aquests tallers, Setmana Cultural i diada de Sant Jordi.<\/p>\n<h4><\/h4>\n<h4 style=\"text-align: center;\"><a href=\"https:\/\/xtec.gencat.cat\/ca\/recursos\/el-taller-de-ledu365\/sant-jordi\/\">\u00a0<\/a><\/h4>\n","protected":false},"excerpt":{"rendered":"<p>Propostes per a celebrar Sant Jordi a edu.365 La setmana del\u00a017 al 24 d\u2019abril\u00a0a l\u2019escola se celebrar\u00e0 la Setmana Cultural [&hellip;]<\/p>\n","protected":false},"author":1,"featured_media":0,"comment_status":"open","ping_status":"closed","sticky":false,"template":"","format":"standard","meta":{"_bbp_topic_count":0,"_bbp_reply_count":0,"_bbp_total_topic_count":0,"_bbp_total_reply_count":0,"_bbp_voice_count":0,"_bbp_anonymous_reply_count":0,"_bbp_topic_count_hidden":0,"_bbp_reply_count_hidden":0,"_bbp_forum_subforum_count":0,"site-sidebar-layout":"default","site-content-layout":"","ast-site-content-layout":"","site-content-style":"default","site-sidebar-style":"default","ast-global-header-display":"","ast-banner-title-visibility":"","ast-main-header-display":"","ast-hfb-above-header-display":"","ast-hfb-below-header-display":"","ast-hfb-mobile-header-display":"","site-post-title":"","ast-breadcrumbs-content":"","ast-featured-img":"","footer-sml-layout":"","theme-transparent-header-meta":"","adv-header-id-meta":"","stick-header-meta":"","header-above-stick-meta":"","header-main-stick-meta":"","header-below-stick-meta":"","astra-migrate-meta-layouts":"default","ast-page-background-enabled":"default","ast-page-background-meta":{"desktop":{"background-color":"var(--ast-global-color-4)","background-image":"","background-repeat":"repeat","background-position":"center center","background-size":"auto","background-attachment":"scroll","background-type":"","background-media":"","overlay-type":"","overlay-color":"","overlay-opacity":"","overlay-gradient":""},"tablet":{"background-color":"","background-image":"","background-repeat":"repeat","background-position":"center center","background-size":"auto","background-attachment":"scroll","background-type":"","background-media":"","overlay-type":"","overlay-color":"","overlay-opacity":"","overlay-gradient":""},"mobile":{"background-color":"","background-image":"","background-repeat":"repeat","background-position":"center center","background-size":"auto","background-attachment":"scroll","background-type":"","background-media":"","overlay-type":"","overlay-color":"","overlay-opacity":"","overlay-gradient":""}},"ast-content-background-meta":{"desktop":{"background-color":"var(--ast-global-color-5)","background-image":"","background-repeat":"repeat","background-position":"center center","background-size":"auto","background-attachment":"scroll","background-type":"","background-media":"","overlay-type":"","overlay-color":"","overlay-opacity":"","overlay-gradient":""},"tablet":{"background-color":"var(--ast-global-color-5)","background-image":"","background-repeat":"repeat","background-position":"center center","background-size":"auto","background-attachment":"scroll","background-type":"","background-media":"","overlay-type":"","overlay-color":"","overlay-opacity":"","overlay-gradient":""},"mobile":{"background-color":"var(--ast-global-color-5)","background-image":"","background-repeat":"repeat","background-position":"center center","background-size":"auto","background-attachment":"scroll","background-type":"","background-media":"","overlay-type":"","overlay-color":"","overlay-opacity":"","overlay-gradient":""}},"footnotes":""},"categories":[83,84,1],"tags":[],"class_list":["post-2892","post","type-post","status-publish","format-standard","hentry","category-educacio-infantil-23","category-educacio-primaria-23","category-general"],"post_mailing_queue_ids":[],"_links":{"self":[{"href":"https:\/\/agora.xtec.cat\/ceipmediterrania\/wp-json\/wp\/v2\/posts\/2892","targetHints":{"allow":["GET"]}}],"collection":[{"href":"https:\/\/agora.xtec.cat\/ceipmediterrania\/wp-json\/wp\/v2\/posts"}],"about":[{"href":"https:\/\/agora.xtec.cat\/ceipmediterrania\/wp-json\/wp\/v2\/types\/post"}],"author":[{"embeddable":true,"href":"https:\/\/agora.xtec.cat\/ceipmediterrania\/wp-json\/wp\/v2\/users\/1"}],"replies":[{"embeddable":true,"href":"https:\/\/agora.xtec.cat\/ceipmediterrania\/wp-json\/wp\/v2\/comments?post=2892"}],"version-history":[{"count":4,"href":"https:\/\/agora.xtec.cat\/ceipmediterrania\/wp-json\/wp\/v2\/posts\/2892\/revisions"}],"predecessor-version":[{"id":2930,"href":"https:\/\/agora.xtec.cat\/ceipmediterrania\/wp-json\/wp\/v2\/posts\/2892\/revisions\/2930"}],"wp:attachment":[{"href":"https:\/\/agora.xtec.cat\/ceipmediterrania\/wp-json\/wp\/v2\/media?parent=2892"}],"wp:term":[{"taxonomy":"category","embeddable":true,"href":"https:\/\/agora.xtec.cat\/ceipmediterrania\/wp-json\/wp\/v2\/categories?post=2892"},{"taxonomy":"post_tag","embeddable":true,"href":"https:\/\/agora.xtec.cat\/ceipmediterrania\/wp-json\/wp\/v2\/tags?post=2892"}],"curies":[{"name":"wp","href":"https:\/\/api.w.org\/{rel}","templated":true}]}}