{"id":2708,"date":"2023-02-22T10:00:22","date_gmt":"2023-02-22T09:00:22","guid":{"rendered":"https:\/\/agora.xtec.cat\/ceipmediterrania\/?p=2708"},"modified":"2023-03-17T00:12:28","modified_gmt":"2023-03-16T23:12:28","slug":"racons-a-cicle-mitja","status":"publish","type":"post","link":"https:\/\/agora.xtec.cat\/ceipmediterrania\/general\/racons-a-cicle-mitja\/","title":{"rendered":"RACONS A CICLE MITJ\u00c0"},"content":{"rendered":"<p>Aquest curs hem recuperat els racons a cicle mitj\u00e0. Els fem els dimecres a la tarda i hi participen els nens i nenes de tercer i quart. S\u00f3n espais que permeten als alumnes potenciar la seva creativitat, motricitat i expressivitat i relacionar-se amb companys i companyes d\u2019altres grups en un entorn diferent.<\/p>\n<p>Els racons que es fan a cicle mitj\u00e0 aquest curs s\u00f3n:<a href=\"https:\/\/agora.xtec.cat\/ceipmediterrania\/general\/racons-a-cicle-mitja\/attachment\/racons-mitja\/\" rel=\"attachment wp-att-2738\"><img loading=\"lazy\" decoding=\"async\" class=\"wp-image-2738 alignright\" src=\"https:\/\/agora.xtec.cat\/ceipmediterrania\/wp-content\/uploads\/usu1771\/2023\/02\/Racons-mitja-1024x819.jpg\" alt=\"\" width=\"453\" height=\"363\" srcset=\"https:\/\/agora.xtec.cat\/ceipmediterrania\/wp-content\/uploads\/usu1771\/2023\/02\/Racons-mitja-1024x819.jpg 1024w, https:\/\/agora.xtec.cat\/ceipmediterrania\/wp-content\/uploads\/usu1771\/2023\/02\/Racons-mitja-300x240.jpg 300w, https:\/\/agora.xtec.cat\/ceipmediterrania\/wp-content\/uploads\/usu1771\/2023\/02\/Racons-mitja-768x614.jpg 768w, https:\/\/agora.xtec.cat\/ceipmediterrania\/wp-content\/uploads\/usu1771\/2023\/02\/Racons-mitja-1536x1229.jpg 1536w, https:\/\/agora.xtec.cat\/ceipmediterrania\/wp-content\/uploads\/usu1771\/2023\/02\/Racons-mitja.jpg 2000w\" sizes=\"auto, (max-width: 453px) 100vw, 453px\" \/><\/a><\/p>\n<ul>\n<li aria-level=\"1\">Jocs expressius<\/li>\n<li aria-level=\"1\">Fil i agulla<\/li>\n<li aria-level=\"1\">Fang<\/li>\n<li aria-level=\"1\">Dibuix del natural<\/li>\n<li aria-level=\"1\">Experimentaci\u00f3<\/li>\n<li aria-level=\"1\">Inform\u00e0tica<\/li>\n<li aria-level=\"1\">Hort<\/li>\n<li aria-level=\"1\">English games<\/li>\n<\/ul>\n<p><strong><span style=\"color: #0000ff;\">JOCS EXPRESSIUS<\/span><\/strong><\/p>\n<p>L&#8217;expressi\u00f3 corporal \u00e9s el llenguatge mitjan\u00e7ant el qual amb el nostre cos\u00a0 ens comuniquem, expressem i interactuem amb els altres i l&#8217;entorn. El rac\u00f3 Inclou totes les formes de moviment realitzades amb el propi cos, jocs d\u2019imitaci\u00f3, de riure, de representar accions, hist\u00f2ries curtes, creaci\u00f3 de moviments i figures, jocs amb m\u00e0scares i reproducci\u00f3 de moviments i coreografies.<\/p>\n<p><strong><span style=\"color: #0000ff;\">FIL I AGULLA<\/span><\/strong><\/p>\n<p>En aquest rac\u00f3 exerciten la motricitat fina: elaboren una carpeta cosint les vores amb llana, li posen nanses amb \u201ctrapillo\u201d, faran polseres amb el\u00e0stic i peces petites per insertar.<\/p>\n<p><strong><span style=\"color: #0000ff;\">FANG<\/span><\/strong><\/p>\n<p>En aquest rac\u00f3 d\u2019art, els nens i nenes fan les seves pr\u00f2pies creacions a partir del fang. La finalitat \u00e9s potenciar la seva imaginaci\u00f3, alhora que desenvolupen les seves habilitats motrius. Treballen\u00a0 l\u2019expressi\u00f3 i\u00a0 la comunicaci\u00f3 art\u00edstica d\u2019una manera m\u00e9s l\u00fadica.<\/p>\n<p><strong><span style=\"color: #0000ff;\">DIBUIX DEL NATURAL<\/span><\/strong><\/p>\n<p>L&#8217; eix d\u2019aquest rac\u00f3 \u00e9s la creativitat a trav\u00e9s del dibuix lliure. L\u2019objectiu final \u00e9s crear una obra a partir de l\u2019observaci\u00f3, que posteriorment pintaran amb pintura acr\u00edlica, aquarel\u00b7les o llapis de colors. Aquestes dues activitats les realitzen de manera individual en grups de 12-13 alumnes.<\/p>\n<p><strong><span style=\"color: #0000ff;\">EXPERIMENTACI\u00d3<\/span><\/strong><\/p>\n<p>A experimentaci\u00f3 treballem de manera l\u00fadica i vivencial alguns conceptes cient\u00edfics senzills, exposant\u00a0 els coneixements previs, plantejant hip\u00f2tesis i comprovant-les. L\u2019objectiu \u00e9s aprendre divertint-se i poder comprovar la utilitat i aplicaci\u00f3 dels coneixements te\u00f2rics. D\u2019aquesta manera l\u2019aprenentatge es converteix en una experi\u00e8ncia m\u00e9s motivadora.<\/p>\n<p><strong><span style=\"color: #0000ff;\">INFORM\u00c0TICA<\/span><\/strong><\/p>\n<p>Al rac\u00f3 d\u2019inform\u00e0tica els infants de cicle mitj\u00e0 milloren la seva compet\u00e8ncia digital mitjan\u00e7ant l\u2019\u00fas del chromebook. En aquestes primeres sessions aprenen a fer \u00fas de l\u2019entorn virtual de Google: Drive, creaci\u00f3 i compartici\u00f3 de documents&#8230;<\/p>\n<p>D\u2019una manera m\u00e9s concreta, aprenen a fer \u00fas del processador de textos del Google, creant un document que es titula: \u201c10 coses sobre mi\u201d. Aprenen a canviar el tipus de lletra, la mida, fer \u00fas del corrector, penjar imatges, etc. D\u2019aquesta manera, a m\u00e9s de desenvolupar la compet\u00e8ncia digital, fem un treball de llengua catalana on es desenvolupa l\u2019expressi\u00f3 escrita.<\/p>\n<p><strong><span style=\"color: #0000ff;\">HORT<\/span><\/strong><\/p>\n<p>El rac\u00f3 de l&#8217;hort ens d\u00f3na l&#8217;oportunitat d&#8217;apropar-nos als continguts i conceptes treballats a l&#8217;\u00e0rea de coneixement del medi de manera vivencial. Observar, tocar i incl\u00fas tastar el que plantem d\u00f3na una visi\u00f3 diferent als infants de l&#8217;entorn que ens envolta.<\/p>\n<p><strong><span style=\"color: #0000ff;\">ENGLISH GAMES<\/span><\/strong><\/p>\n<p>En aquest rac\u00f3 els nens i nenes repassen\u00a0 vocabulari que han treballat a la classe de manera l\u00fadica i tamb\u00e9 utilitzen expressions relacionades amb el joc\u00a0 que es faci en aquell moment (your\/my turn, next number is, I got it..).<\/p>\n<p>Si voleu veure m\u00e9s fotografies feu clic <a href=\"https:\/\/photos.app.goo.gl\/2tpe682oBBufs2hJ8\">aqu\u00ed<\/a> i accedireu a la galeria.<\/p>\n<p>&nbsp;<\/p>\n<p>&nbsp;<\/p>\n<p>&nbsp;<\/p>\n<p>&nbsp;<\/p>\n<p>&nbsp;<\/p>\n","protected":false},"excerpt":{"rendered":"<p>Aquest curs hem recuperat els racons a cicle mitj\u00e0. Els fem els dimecres a la tarda i hi participen els [&hellip;]<\/p>\n","protected":false},"author":1,"featured_media":0,"comment_status":"open","ping_status":"closed","sticky":false,"template":"","format":"standard","meta":{"_bbp_topic_count":0,"_bbp_reply_count":0,"_bbp_total_topic_count":0,"_bbp_total_reply_count":0,"_bbp_voice_count":0,"_bbp_anonymous_reply_count":0,"_bbp_topic_count_hidden":0,"_bbp_reply_count_hidden":0,"_bbp_forum_subforum_count":0,"site-sidebar-layout":"default","site-content-layout":"","ast-site-content-layout":"","site-content-style":"default","site-sidebar-style":"default","ast-global-header-display":"","ast-banner-title-visibility":"","ast-main-header-display":"","ast-hfb-above-header-display":"","ast-hfb-below-header-display":"","ast-hfb-mobile-header-display":"","site-post-title":"","ast-breadcrumbs-content":"","ast-featured-img":"","footer-sml-layout":"","theme-transparent-header-meta":"","adv-header-id-meta":"","stick-header-meta":"","header-above-stick-meta":"","header-main-stick-meta":"","header-below-stick-meta":"","astra-migrate-meta-layouts":"default","ast-page-background-enabled":"default","ast-page-background-meta":{"desktop":{"background-color":"var(--ast-global-color-4)","background-image":"","background-repeat":"repeat","background-position":"center center","background-size":"auto","background-attachment":"scroll","background-type":"","background-media":"","overlay-type":"","overlay-color":"","overlay-opacity":"","overlay-gradient":""},"tablet":{"background-color":"","background-image":"","background-repeat":"repeat","background-position":"center center","background-size":"auto","background-attachment":"scroll","background-type":"","background-media":"","overlay-type":"","overlay-color":"","overlay-opacity":"","overlay-gradient":""},"mobile":{"background-color":"","background-image":"","background-repeat":"repeat","background-position":"center center","background-size":"auto","background-attachment":"scroll","background-type":"","background-media":"","overlay-type":"","overlay-color":"","overlay-opacity":"","overlay-gradient":""}},"ast-content-background-meta":{"desktop":{"background-color":"var(--ast-global-color-5)","background-image":"","background-repeat":"repeat","background-position":"center center","background-size":"auto","background-attachment":"scroll","background-type":"","background-media":"","overlay-type":"","overlay-color":"","overlay-opacity":"","overlay-gradient":""},"tablet":{"background-color":"var(--ast-global-color-5)","background-image":"","background-repeat":"repeat","background-position":"center center","background-size":"auto","background-attachment":"scroll","background-type":"","background-media":"","overlay-type":"","overlay-color":"","overlay-opacity":"","overlay-gradient":""},"mobile":{"background-color":"var(--ast-global-color-5)","background-image":"","background-repeat":"repeat","background-position":"center center","background-size":"auto","background-attachment":"scroll","background-type":"","background-media":"","overlay-type":"","overlay-color":"","overlay-opacity":"","overlay-gradient":""}},"footnotes":""},"categories":[78,1],"tags":[],"class_list":["post-2708","post","type-post","status-publish","format-standard","hentry","category-cicle-mitja","category-general"],"post_mailing_queue_ids":[],"_links":{"self":[{"href":"https:\/\/agora.xtec.cat\/ceipmediterrania\/wp-json\/wp\/v2\/posts\/2708","targetHints":{"allow":["GET"]}}],"collection":[{"href":"https:\/\/agora.xtec.cat\/ceipmediterrania\/wp-json\/wp\/v2\/posts"}],"about":[{"href":"https:\/\/agora.xtec.cat\/ceipmediterrania\/wp-json\/wp\/v2\/types\/post"}],"author":[{"embeddable":true,"href":"https:\/\/agora.xtec.cat\/ceipmediterrania\/wp-json\/wp\/v2\/users\/1"}],"replies":[{"embeddable":true,"href":"https:\/\/agora.xtec.cat\/ceipmediterrania\/wp-json\/wp\/v2\/comments?post=2708"}],"version-history":[{"count":3,"href":"https:\/\/agora.xtec.cat\/ceipmediterrania\/wp-json\/wp\/v2\/posts\/2708\/revisions"}],"predecessor-version":[{"id":2886,"href":"https:\/\/agora.xtec.cat\/ceipmediterrania\/wp-json\/wp\/v2\/posts\/2708\/revisions\/2886"}],"wp:attachment":[{"href":"https:\/\/agora.xtec.cat\/ceipmediterrania\/wp-json\/wp\/v2\/media?parent=2708"}],"wp:term":[{"taxonomy":"category","embeddable":true,"href":"https:\/\/agora.xtec.cat\/ceipmediterrania\/wp-json\/wp\/v2\/categories?post=2708"},{"taxonomy":"post_tag","embeddable":true,"href":"https:\/\/agora.xtec.cat\/ceipmediterrania\/wp-json\/wp\/v2\/tags?post=2708"}],"curies":[{"name":"wp","href":"https:\/\/api.w.org\/{rel}","templated":true}]}}