{"id":2610,"date":"2023-02-08T12:27:52","date_gmt":"2023-02-08T11:27:52","guid":{"rendered":"https:\/\/agora.xtec.cat\/ceipmediterrania\/?p=2610"},"modified":"2023-02-15T09:58:27","modified_gmt":"2023-02-15T08:58:27","slug":"carnaval-2023","status":"publish","type":"post","link":"https:\/\/agora.xtec.cat\/ceipmediterrania\/general\/carnaval-2023\/","title":{"rendered":"Carnaval 2023"},"content":{"rendered":"<pre><\/pre>\n<table style=\"border-collapse: collapse; width: 100%; height: 400px;\">\n<tbody>\n<tr style=\"height: 336px;\">\n<td style=\"width: 50.1724%; height: 336px;\"><a href=\"https:\/\/photos.app.goo.gl\/cJBK9AZqeHpkEVzg7\" rel=\"attachment wp-att-2611\"><img loading=\"lazy\" decoding=\"async\" class=\"aligncenter wp-image-2611\" src=\"https:\/\/agora.xtec.cat\/ceipmediterrania\/wp-content\/uploads\/usu1771\/2023\/01\/Fiesta-de-Carnaval-animacion-cartel-publicacion-historia-instagram-azul-fuegos-artificiales-1.jpg\" alt=\"\" width=\"298\" height=\"303\" srcset=\"https:\/\/agora.xtec.cat\/ceipmediterrania\/wp-content\/uploads\/usu1771\/2023\/01\/Fiesta-de-Carnaval-animacion-cartel-publicacion-historia-instagram-azul-fuegos-artificiales-1.jpg 534w, https:\/\/agora.xtec.cat\/ceipmediterrania\/wp-content\/uploads\/usu1771\/2023\/01\/Fiesta-de-Carnaval-animacion-cartel-publicacion-historia-instagram-azul-fuegos-artificiales-1-296x300.jpg 296w\" sizes=\"auto, (max-width: 298px) 100vw, 298px\" \/><\/a><\/td>\n<td style=\"width: 49.8276%; height: 336px;\"><a href=\"https:\/\/photos.app.goo.gl\/N53wiBkjZDSJcvvQ8\" rel=\"attachment wp-att-2721\"><img loading=\"lazy\" decoding=\"async\" class=\"aligncenter wp-image-2721\" src=\"https:\/\/agora.xtec.cat\/ceipmediterrania\/wp-content\/uploads\/usu1771\/2023\/02\/Carnival-Mardi-Gras-festival-Purim-colorful-design-Instagram-Post.jpg\" alt=\"\" width=\"320\" height=\"320\" srcset=\"https:\/\/agora.xtec.cat\/ceipmediterrania\/wp-content\/uploads\/usu1771\/2023\/02\/Carnival-Mardi-Gras-festival-Purim-colorful-design-Instagram-Post.jpg 810w, https:\/\/agora.xtec.cat\/ceipmediterrania\/wp-content\/uploads\/usu1771\/2023\/02\/Carnival-Mardi-Gras-festival-Purim-colorful-design-Instagram-Post-300x300.jpg 300w, https:\/\/agora.xtec.cat\/ceipmediterrania\/wp-content\/uploads\/usu1771\/2023\/02\/Carnival-Mardi-Gras-festival-Purim-colorful-design-Instagram-Post-150x150.jpg 150w, https:\/\/agora.xtec.cat\/ceipmediterrania\/wp-content\/uploads\/usu1771\/2023\/02\/Carnival-Mardi-Gras-festival-Purim-colorful-design-Instagram-Post-768x768.jpg 768w\" sizes=\"auto, (max-width: 320px) 100vw, 320px\" \/><\/a><\/td>\n<\/tr>\n<tr style=\"height: 32px;\">\n<td style=\"width: 50.1724%; text-align: center; height: 64px;\" rowspan=\"2\">\n<h3><a href=\"https:\/\/photos.app.goo.gl\/cJBK9AZqeHpkEVzg7\">Enlla\u00e7 a la galeria de les consignes de Carnaval<\/a><\/h3>\n<\/td>\n<td style=\"width: 49.8276%; text-align: center; height: 32px;\" rowspan=\"2\">\n<h3><a href=\"https:\/\/photos.app.goo.gl\/N53wiBkjZDSJcvvQ8\">Enlla\u00e7 a la galeria de divendres 17<\/a><\/h3>\n<\/td>\n<\/tr>\n<\/tbody>\n<\/table>\n<h3 style=\"text-align: center;\"><a href=\"https:\/\/xtec.gencat.cat\/ca\/recursos\/el-taller-de-ledu365\/carnestoltes\/\" rel=\"attachment wp-att-2660\"><img loading=\"lazy\" decoding=\"async\" class=\"aligncenter wp-image-2660\" src=\"https:\/\/agora.xtec.cat\/ceipmediterrania\/wp-content\/uploads\/usu1771\/2023\/01\/Captura-de-pantalla-2023-02-07-124046-1024x551.png\" alt=\"\" width=\"524\" height=\"282\" srcset=\"https:\/\/agora.xtec.cat\/ceipmediterrania\/wp-content\/uploads\/usu1771\/2023\/01\/Captura-de-pantalla-2023-02-07-124046-1024x551.png 1024w, https:\/\/agora.xtec.cat\/ceipmediterrania\/wp-content\/uploads\/usu1771\/2023\/01\/Captura-de-pantalla-2023-02-07-124046-300x161.png 300w, https:\/\/agora.xtec.cat\/ceipmediterrania\/wp-content\/uploads\/usu1771\/2023\/01\/Captura-de-pantalla-2023-02-07-124046-768x413.png 768w, https:\/\/agora.xtec.cat\/ceipmediterrania\/wp-content\/uploads\/usu1771\/2023\/01\/Captura-de-pantalla-2023-02-07-124046.png 1123w\" sizes=\"auto, (max-width: 524px) 100vw, 524px\" \/><\/a><a href=\"https:\/\/xtec.gencat.cat\/ca\/recursos\/el-taller-de-ledu365\/carnestoltes\/\">Enlla\u00e7 jocs i activitats de Carnaval<\/a><\/h3>\n","protected":false},"excerpt":{"rendered":"<p>Enlla\u00e7 a la galeria de les consignes de Carnaval Enlla\u00e7 a la galeria de divendres 17 Enlla\u00e7 jocs i activitats [&hellip;]<\/p>\n","protected":false},"author":1,"featured_media":0,"comment_status":"open","ping_status":"closed","sticky":false,"template":"","format":"standard","meta":{"_bbp_topic_count":0,"_bbp_reply_count":0,"_bbp_total_topic_count":0,"_bbp_total_reply_count":0,"_bbp_voice_count":0,"_bbp_anonymous_reply_count":0,"_bbp_topic_count_hidden":0,"_bbp_reply_count_hidden":0,"_bbp_forum_subforum_count":0,"site-sidebar-layout":"default","site-content-layout":"","ast-site-content-layout":"","site-content-style":"default","site-sidebar-style":"default","ast-global-header-display":"","ast-banner-title-visibility":"","ast-main-header-display":"","ast-hfb-above-header-display":"","ast-hfb-below-header-display":"","ast-hfb-mobile-header-display":"","site-post-title":"","ast-breadcrumbs-content":"","ast-featured-img":"","footer-sml-layout":"","theme-transparent-header-meta":"","adv-header-id-meta":"","stick-header-meta":"","header-above-stick-meta":"","header-main-stick-meta":"","header-below-stick-meta":"","astra-migrate-meta-layouts":"default","ast-page-background-enabled":"default","ast-page-background-meta":{"desktop":{"background-color":"var(--ast-global-color-4)","background-image":"","background-repeat":"repeat","background-position":"center center","background-size":"auto","background-attachment":"scroll","background-type":"","background-media":"","overlay-type":"","overlay-color":"","overlay-opacity":"","overlay-gradient":""},"tablet":{"background-color":"","background-image":"","background-repeat":"repeat","background-position":"center center","background-size":"auto","background-attachment":"scroll","background-type":"","background-media":"","overlay-type":"","overlay-color":"","overlay-opacity":"","overlay-gradient":""},"mobile":{"background-color":"","background-image":"","background-repeat":"repeat","background-position":"center center","background-size":"auto","background-attachment":"scroll","background-type":"","background-media":"","overlay-type":"","overlay-color":"","overlay-opacity":"","overlay-gradient":""}},"ast-content-background-meta":{"desktop":{"background-color":"var(--ast-global-color-5)","background-image":"","background-repeat":"repeat","background-position":"center center","background-size":"auto","background-attachment":"scroll","background-type":"","background-media":"","overlay-type":"","overlay-color":"","overlay-opacity":"","overlay-gradient":""},"tablet":{"background-color":"var(--ast-global-color-5)","background-image":"","background-repeat":"repeat","background-position":"center center","background-size":"auto","background-attachment":"scroll","background-type":"","background-media":"","overlay-type":"","overlay-color":"","overlay-opacity":"","overlay-gradient":""},"mobile":{"background-color":"var(--ast-global-color-5)","background-image":"","background-repeat":"repeat","background-position":"center center","background-size":"auto","background-attachment":"scroll","background-type":"","background-media":"","overlay-type":"","overlay-color":"","overlay-opacity":"","overlay-gradient":""}},"footnotes":""},"categories":[1],"tags":[],"class_list":["post-2610","post","type-post","status-publish","format-standard","hentry","category-general"],"post_mailing_queue_ids":[],"_links":{"self":[{"href":"https:\/\/agora.xtec.cat\/ceipmediterrania\/wp-json\/wp\/v2\/posts\/2610","targetHints":{"allow":["GET"]}}],"collection":[{"href":"https:\/\/agora.xtec.cat\/ceipmediterrania\/wp-json\/wp\/v2\/posts"}],"about":[{"href":"https:\/\/agora.xtec.cat\/ceipmediterrania\/wp-json\/wp\/v2\/types\/post"}],"author":[{"embeddable":true,"href":"https:\/\/agora.xtec.cat\/ceipmediterrania\/wp-json\/wp\/v2\/users\/1"}],"replies":[{"embeddable":true,"href":"https:\/\/agora.xtec.cat\/ceipmediterrania\/wp-json\/wp\/v2\/comments?post=2610"}],"version-history":[{"count":4,"href":"https:\/\/agora.xtec.cat\/ceipmediterrania\/wp-json\/wp\/v2\/posts\/2610\/revisions"}],"predecessor-version":[{"id":2723,"href":"https:\/\/agora.xtec.cat\/ceipmediterrania\/wp-json\/wp\/v2\/posts\/2610\/revisions\/2723"}],"wp:attachment":[{"href":"https:\/\/agora.xtec.cat\/ceipmediterrania\/wp-json\/wp\/v2\/media?parent=2610"}],"wp:term":[{"taxonomy":"category","embeddable":true,"href":"https:\/\/agora.xtec.cat\/ceipmediterrania\/wp-json\/wp\/v2\/categories?post=2610"},{"taxonomy":"post_tag","embeddable":true,"href":"https:\/\/agora.xtec.cat\/ceipmediterrania\/wp-json\/wp\/v2\/tags?post=2610"}],"curies":[{"name":"wp","href":"https:\/\/api.w.org\/{rel}","templated":true}]}}