{"id":2606,"date":"2023-02-08T12:23:24","date_gmt":"2023-02-08T11:23:24","guid":{"rendered":"https:\/\/agora.xtec.cat\/ceipmediterrania\/?p=2606"},"modified":"2023-02-14T12:18:43","modified_gmt":"2023-02-14T11:18:43","slug":"festa-major-2023","status":"publish","type":"post","link":"https:\/\/agora.xtec.cat\/ceipmediterrania\/general\/festa-major-2023\/","title":{"rendered":"Festa Major 2023"},"content":{"rendered":"<table style=\"border-collapse: collapse; width: 100%;\">\n<tbody>\n<tr>\n<td style=\"width: 50%;\"><a href=\"https:\/\/photos.app.goo.gl\/jnyUaFAAZKdPUd6g8\" rel=\"attachment wp-att-2604\"><img loading=\"lazy\" decoding=\"async\" class=\"aligncenter wp-image-2604\" src=\"https:\/\/agora.xtec.cat\/ceipmediterrania\/wp-content\/uploads\/usu1771\/2023\/01\/Poster-Fiesta-Luces-y-Fuego-Llamativa-Alegre-Rojo-Beige.png\" alt=\"\" width=\"401\" height=\"375\" srcset=\"https:\/\/agora.xtec.cat\/ceipmediterrania\/wp-content\/uploads\/usu1771\/2023\/01\/Poster-Fiesta-Luces-y-Fuego-Llamativa-Alegre-Rojo-Beige.png 787w, https:\/\/agora.xtec.cat\/ceipmediterrania\/wp-content\/uploads\/usu1771\/2023\/01\/Poster-Fiesta-Luces-y-Fuego-Llamativa-Alegre-Rojo-Beige-300x281.png 300w, https:\/\/agora.xtec.cat\/ceipmediterrania\/wp-content\/uploads\/usu1771\/2023\/01\/Poster-Fiesta-Luces-y-Fuego-Llamativa-Alegre-Rojo-Beige-768x718.png 768w\" sizes=\"auto, (max-width: 401px) 100vw, 401px\" \/><\/a><\/td>\n<td style=\"width: 50%;\"><a href=\"https:\/\/www.santperederibes.cat\/documents\/10180\/1524430\/PROGRAMA+FM+SANTA+EUL%C3%80LIA_2023_.pdf\/bc611fc9-1c15-4941-ac09-299ed349e044\" rel=\"attachment wp-att-2685\"><img loading=\"lazy\" decoding=\"async\" class=\"aligncenter wp-image-2685\" src=\"https:\/\/agora.xtec.cat\/ceipmediterrania\/wp-content\/uploads\/usu1771\/2023\/02\/Captura-de-pantalla-2023-02-08-131949.png\" alt=\"\" width=\"368\" height=\"369\" srcset=\"https:\/\/agora.xtec.cat\/ceipmediterrania\/wp-content\/uploads\/usu1771\/2023\/02\/Captura-de-pantalla-2023-02-08-131949.png 378w, https:\/\/agora.xtec.cat\/ceipmediterrania\/wp-content\/uploads\/usu1771\/2023\/02\/Captura-de-pantalla-2023-02-08-131949-300x300.png 300w, https:\/\/agora.xtec.cat\/ceipmediterrania\/wp-content\/uploads\/usu1771\/2023\/02\/Captura-de-pantalla-2023-02-08-131949-150x150.png 150w\" sizes=\"auto, (max-width: 368px) 100vw, 368px\" \/><\/a><\/td>\n<\/tr>\n<tr>\n<td style=\"width: 50%;\"><a href=\"https:\/\/photos.app.goo.gl\/jnyUaFAAZKdPUd6g8\">Enlla\u00e7 a la galeria de imatges de la Festa Major 2023 a l&#8217;escola<\/a><\/td>\n<td style=\"width: 50%; text-align: center;\"><a href=\"https:\/\/www.santperederibes.cat\/documents\/10180\/1524430\/PROGRAMA+FM+SANTA+EUL%C3%80LIA_2023_.pdf\/bc611fc9-1c15-4941-ac09-299ed349e044\">Enlla\u00e7 programa de festes Santa Eul\u00e0lia 2023<\/a><\/td>\n<\/tr>\n<\/tbody>\n<\/table>\n<table style=\"border-collapse: collapse; width: 100%;\">\n<tbody>\n<tr>\n<td style=\"width: 100%;\"><a href=\"https:\/\/agora.xtec.cat\/ceipmediterrania\/general\/festa-major-2023\/attachment\/portada\/\" rel=\"attachment wp-att-2691\"><img loading=\"lazy\" decoding=\"async\" class=\"aligncenter wp-image-2691 \" src=\"https:\/\/agora.xtec.cat\/ceipmediterrania\/wp-content\/uploads\/usu1771\/2023\/02\/portada-scaled.jpg\" alt=\"\" width=\"387\" height=\"578\" srcset=\"https:\/\/agora.xtec.cat\/ceipmediterrania\/wp-content\/uploads\/usu1771\/2023\/02\/portada-scaled.jpg 1713w, https:\/\/agora.xtec.cat\/ceipmediterrania\/wp-content\/uploads\/usu1771\/2023\/02\/portada-201x300.jpg 201w, https:\/\/agora.xtec.cat\/ceipmediterrania\/wp-content\/uploads\/usu1771\/2023\/02\/portada-685x1024.jpg 685w, https:\/\/agora.xtec.cat\/ceipmediterrania\/wp-content\/uploads\/usu1771\/2023\/02\/portada-768x1148.jpg 768w, https:\/\/agora.xtec.cat\/ceipmediterrania\/wp-content\/uploads\/usu1771\/2023\/02\/portada-1028x1536.jpg 1028w, https:\/\/agora.xtec.cat\/ceipmediterrania\/wp-content\/uploads\/usu1771\/2023\/02\/portada-1370x2048.jpg 1370w\" sizes=\"auto, (max-width: 387px) 100vw, 387px\" \/><\/a><\/td>\n<\/tr>\n<tr>\n<td style=\"width: 100%; text-align: center;\"><a href=\"https:\/\/drive.google.com\/drive\/folders\/1RQ2CLdWElySWcLGpdgU_tbVwKjYHrn9T?usp=share_link\">Enlla\u00e7 a la galeria d&#8217;imatges de la sortida Duc, Dragona i Gegants.<\/a><\/td>\n<\/tr>\n<\/tbody>\n<\/table>\n<h3 style=\"text-align: center;\"><\/h3>\n","protected":false},"excerpt":{"rendered":"<p>Enlla\u00e7 a la galeria de imatges de la Festa Major 2023 a l&#8217;escola Enlla\u00e7 programa de festes Santa Eul\u00e0lia 2023 [&hellip;]<\/p>\n","protected":false},"author":1,"featured_media":0,"comment_status":"open","ping_status":"closed","sticky":false,"template":"","format":"standard","meta":{"_bbp_topic_count":0,"_bbp_reply_count":0,"_bbp_total_topic_count":0,"_bbp_total_reply_count":0,"_bbp_voice_count":0,"_bbp_anonymous_reply_count":0,"_bbp_topic_count_hidden":0,"_bbp_reply_count_hidden":0,"_bbp_forum_subforum_count":0,"site-sidebar-layout":"default","site-content-layout":"","ast-site-content-layout":"","site-content-style":"default","site-sidebar-style":"default","ast-global-header-display":"","ast-banner-title-visibility":"","ast-main-header-display":"","ast-hfb-above-header-display":"","ast-hfb-below-header-display":"","ast-hfb-mobile-header-display":"","site-post-title":"","ast-breadcrumbs-content":"","ast-featured-img":"","footer-sml-layout":"","theme-transparent-header-meta":"","adv-header-id-meta":"","stick-header-meta":"","header-above-stick-meta":"","header-main-stick-meta":"","header-below-stick-meta":"","astra-migrate-meta-layouts":"default","ast-page-background-enabled":"default","ast-page-background-meta":{"desktop":{"background-color":"var(--ast-global-color-4)","background-image":"","background-repeat":"repeat","background-position":"center center","background-size":"auto","background-attachment":"scroll","background-type":"","background-media":"","overlay-type":"","overlay-color":"","overlay-opacity":"","overlay-gradient":""},"tablet":{"background-color":"","background-image":"","background-repeat":"repeat","background-position":"center center","background-size":"auto","background-attachment":"scroll","background-type":"","background-media":"","overlay-type":"","overlay-color":"","overlay-opacity":"","overlay-gradient":""},"mobile":{"background-color":"","background-image":"","background-repeat":"repeat","background-position":"center center","background-size":"auto","background-attachment":"scroll","background-type":"","background-media":"","overlay-type":"","overlay-color":"","overlay-opacity":"","overlay-gradient":""}},"ast-content-background-meta":{"desktop":{"background-color":"var(--ast-global-color-5)","background-image":"","background-repeat":"repeat","background-position":"center center","background-size":"auto","background-attachment":"scroll","background-type":"","background-media":"","overlay-type":"","overlay-color":"","overlay-opacity":"","overlay-gradient":""},"tablet":{"background-color":"var(--ast-global-color-5)","background-image":"","background-repeat":"repeat","background-position":"center center","background-size":"auto","background-attachment":"scroll","background-type":"","background-media":"","overlay-type":"","overlay-color":"","overlay-opacity":"","overlay-gradient":""},"mobile":{"background-color":"var(--ast-global-color-5)","background-image":"","background-repeat":"repeat","background-position":"center center","background-size":"auto","background-attachment":"scroll","background-type":"","background-media":"","overlay-type":"","overlay-color":"","overlay-opacity":"","overlay-gradient":""}},"footnotes":""},"categories":[1],"tags":[],"class_list":["post-2606","post","type-post","status-publish","format-standard","hentry","category-general"],"post_mailing_queue_ids":[],"_links":{"self":[{"href":"https:\/\/agora.xtec.cat\/ceipmediterrania\/wp-json\/wp\/v2\/posts\/2606","targetHints":{"allow":["GET"]}}],"collection":[{"href":"https:\/\/agora.xtec.cat\/ceipmediterrania\/wp-json\/wp\/v2\/posts"}],"about":[{"href":"https:\/\/agora.xtec.cat\/ceipmediterrania\/wp-json\/wp\/v2\/types\/post"}],"author":[{"embeddable":true,"href":"https:\/\/agora.xtec.cat\/ceipmediterrania\/wp-json\/wp\/v2\/users\/1"}],"replies":[{"embeddable":true,"href":"https:\/\/agora.xtec.cat\/ceipmediterrania\/wp-json\/wp\/v2\/comments?post=2606"}],"version-history":[{"count":3,"href":"https:\/\/agora.xtec.cat\/ceipmediterrania\/wp-json\/wp\/v2\/posts\/2606\/revisions"}],"predecessor-version":[{"id":2695,"href":"https:\/\/agora.xtec.cat\/ceipmediterrania\/wp-json\/wp\/v2\/posts\/2606\/revisions\/2695"}],"wp:attachment":[{"href":"https:\/\/agora.xtec.cat\/ceipmediterrania\/wp-json\/wp\/v2\/media?parent=2606"}],"wp:term":[{"taxonomy":"category","embeddable":true,"href":"https:\/\/agora.xtec.cat\/ceipmediterrania\/wp-json\/wp\/v2\/categories?post=2606"},{"taxonomy":"post_tag","embeddable":true,"href":"https:\/\/agora.xtec.cat\/ceipmediterrania\/wp-json\/wp\/v2\/tags?post=2606"}],"curies":[{"name":"wp","href":"https:\/\/api.w.org\/{rel}","templated":true}]}}