{"id":2175,"date":"2022-04-08T15:14:00","date_gmt":"2022-04-08T13:14:00","guid":{"rendered":"https:\/\/agora.xtec.cat\/ceipmediterrania\/?p=2175"},"modified":"2022-09-14T12:48:54","modified_gmt":"2022-09-14T10:48:54","slug":"sant-jordi-2022","status":"publish","type":"post","link":"https:\/\/agora.xtec.cat\/ceipmediterrania\/general\/sant-jordi-2022\/","title":{"rendered":"Sant Jordi 2022"},"content":{"rendered":"<p>Activitats programades per a la setmana de Sant Jordi<\/p>\n<ul>\n<li>Educaci\u00f3 infantil i Cicle Inicial faran una activitat de <u><strong>contacontes<\/strong>.<\/u><\/li>\n<li>Cicle mitj\u00e0 i superior far\u00e0 un <u><strong>taller d&#8217;arterapia<\/strong>.<\/u><\/li>\n<li><strong>Dimecres 20<\/strong> tarda hi haur\u00e0 una <u><strong>obra de teatre<\/strong>\u00a0<\/u>que podr\u00e0 gaudir tot l&#8217;alumnat. Agra\u00efm a l&#8217;AMPA la seva col\u00b7laboraci\u00f3.<\/li>\n<li><strong>Dijous 21<\/strong> a les 16:30h., organitzem la <strong><u>XOCOLATADA SOLID\u00c0RIA<\/u><\/strong>\u00a0que tamb\u00e9 s&#8217;havia organitzat en cursos anteriors a la pand\u00e8mia. Els beneficis d&#8217;aquesta activitat van \u00edntegrament a l&#8217;Hospital Sant Joan de D\u00e9u a la investigaci\u00f3 del c\u00e0ncer infantil. Agra\u00efm la col\u00b7laboraci\u00f3 de CASERCO, l&#8217;AMPA del nostre centre i a tots vosaltres per l&#8217;\u00e8xit de les anteriors convocat\u00f2ries.<\/li>\n<li><strong>Divendres 22<\/strong> al mat\u00ed farem <strong><u>lectura de grans a petits<\/u><\/strong>, on l&#8217;alumnat m\u00e9s gran es prepara un conte i l&#8217;explica als m\u00e9s menuts. A la tarda farem l&#8217;entrega de premis del <strong><u>1r Concurs Literari . <\/u><\/strong>Tot seguit podeu consultar les bases del concurs.<\/li>\n<\/ul>\n<h4 style=\"text-align: center;\">EL DIVENDRES 22 L&#8217;ALUMNAT DE SIS\u00c8 VENDR\u00c0 ROSES<\/h4>\n<h4 style=\"text-align: center;\">A LES HORES D&#8217;ENTRADA I SORTIDES DE L&#8217;ESCOLA.<\/h4>\n<table style=\"border-collapse: collapse; width: 100%; height: 823px;\">\n<tbody>\n<tr style=\"height: 353px;\">\n<td style=\"width: 45.071%; height: 823px;\" rowspan=\"3\">\n<h2 style=\"text-align: center;\"><\/h2>\n<h2 style=\"text-align: center;\">I CONCURS LITERARI<\/h2>\n<p style=\"text-align: center;\">Es tracta d\u2019un projecte d\u2019escola, l\u2019objectiu del qual \u00e9s fomentar<br \/>\nla creativitat liter\u00e0ria i art\u00edstica entre els nostres infants.<\/p>\n<h4 style=\"text-align: center;\"><em><strong>El tema \u00e9s:\u00a0<\/strong> <\/em><strong><em>EL MAR\u00a0 \u00a0<\/em> <\/strong><\/h4>\n<p style=\"text-align: center;\"><em><span style=\"text-decoration: underline;\"><strong>\u00a0<\/strong>Entrega m\u00e0xim <strong>19 d\u2019Abril de 2022<\/strong><\/span><\/em><\/p>\n<p style=\"text-align: justify;\"><strong>1)<\/strong> Els textos que es presentin al Certamen podran ser escrits en catal\u00e0 i en la modalitat de prosa o vers.<\/p>\n<p style=\"text-align: justify;\"><strong>2)<\/strong> Els treballs presentats es classificaran en nou categories, segons l&#8217;edat dels seus autors:<\/p>\n<p style=\"text-align: justify;\">&#8211; P3: categoria \u00fanica DIBUIX INFANTIL.<br \/>\n&#8211; P4: categoria \u00fanica DIBUIX INFANTIL.<br \/>\n&#8211; P5: categoria \u00fanica DIBUIX INFANTIL.<br \/>\n&#8211; 1r de Prim\u00e0ria: categoria \u00fanica DIBUIX PRIM\u00c0RIA.<br \/>\n&#8211; 2n de Prim\u00e0ria: categoria \u00fanica DIBUIX PRIM\u00c0RIA.<br \/>\n&#8211; 3r de Prim\u00e0ria : LITERARI MITJ\u00c0.<br \/>\n&#8211; 4t de Prim\u00e0ria : LITERARI MITJ\u00c0.<br \/>\n&#8211; 5\u00e8 de Prim\u00e0ria: LITERARI SUPERIOR.<br \/>\n&#8211; 6\u00e8 de Prim\u00e0ria: LITERARI SUPERIOR.<\/p>\n<p style=\"text-align: center;\"><strong>3)<\/strong> Els escrits en prosa no hauran de superar els 2 folis per una sola cara, el tipus de lletra haur\u00e0 de ser Arial, mida 11, i l\u2019interlineat d\u20191,5 (o una extensi\u00f3 equivalent si estan escrits a m\u00e0, en aquest cas la lletra haur\u00e0 de ser suficientment gran i clara), i tampoc podran tenir una extensi\u00f3 inferior a 1 foli amb les caracter\u00edstiques esmentades. Els escrits en vers podran contenir un o diversos poemes, que en conjunt hauran de comptar amb un m\u00ednim de 14 versos i un m\u00e0xim de 100. Tots els escrits podran anar acompanyats d&#8217;il\u00b7lustracions.<\/p>\n<p style=\"text-align: justify;\"><strong>4)<\/strong> Els dibuixos s\u2019hauran de fer en un \u00fanic full de grand\u00e0ria Din A4, i utilitzant qualsevol t\u00e8cnica,(colors, retoladors, pintures, etc).<\/p>\n<p style=\"text-align: justify;\"><strong>5)<\/strong> Els mateixos alumnes faran un primer cribratge per veure si les obres es troben correctament presentades, i els docents del nivell posteriorment faran una selecci\u00f3 de les millors obres.<\/p>\n<p style=\"text-align: justify;\"><strong>6)<\/strong> PREMIS.<br \/>\nHi haur\u00e0 dos premis per categoria:<br \/>\n1 GUANYADOR I 1 FINALISTA<\/p>\n<\/td>\n<td style=\"width: 54.929%; text-align: justify; height: 353px;\"><a href=\"https:\/\/agora.xtec.cat\/ceipmediterrania\/general\/sant-jordi-2022\/attachment\/portada-concurs-literari_pages-to-jpg-0001\/\" rel=\"attachment wp-att-2176\"><img loading=\"lazy\" decoding=\"async\" class=\"aligncenter wp-image-2176 \" src=\"https:\/\/agora.xtec.cat\/ceipmediterrania\/wp-content\/uploads\/usu1771\/2022\/04\/portada-concurs-literari_pages-to-jpg-0001-212x300.jpg\" alt=\"\" width=\"225\" height=\"318\" srcset=\"https:\/\/agora.xtec.cat\/ceipmediterrania\/wp-content\/uploads\/usu1771\/2022\/04\/portada-concurs-literari_pages-to-jpg-0001-212x300.jpg 212w, https:\/\/agora.xtec.cat\/ceipmediterrania\/wp-content\/uploads\/usu1771\/2022\/04\/portada-concurs-literari_pages-to-jpg-0001-724x1024.jpg 724w, https:\/\/agora.xtec.cat\/ceipmediterrania\/wp-content\/uploads\/usu1771\/2022\/04\/portada-concurs-literari_pages-to-jpg-0001-768x1086.jpg 768w, https:\/\/agora.xtec.cat\/ceipmediterrania\/wp-content\/uploads\/usu1771\/2022\/04\/portada-concurs-literari_pages-to-jpg-0001-1086x1536.jpg 1086w, https:\/\/agora.xtec.cat\/ceipmediterrania\/wp-content\/uploads\/usu1771\/2022\/04\/portada-concurs-literari_pages-to-jpg-0001.jpg 1241w\" sizes=\"auto, (max-width: 225px) 100vw, 225px\" \/><\/a><\/td>\n<\/tr>\n<tr style=\"height: 390px;\">\n<td style=\"width: 54.929%; text-align: justify; height: 390px;\"><a href=\"https:\/\/www.edu365.cat\/workshop\/joc\/santjordi\/index.html\" rel=\"attachment wp-att-2186\"><img loading=\"lazy\" decoding=\"async\" class=\"aligncenter wp-image-2186 \" src=\"https:\/\/agora.xtec.cat\/ceipmediterrania\/wp-content\/uploads\/usu1771\/2022\/04\/joc-sant-jordi-300x225.jpg\" alt=\"\" width=\"385\" height=\"289\" srcset=\"https:\/\/agora.xtec.cat\/ceipmediterrania\/wp-content\/uploads\/usu1771\/2022\/04\/joc-sant-jordi-300x225.jpg 300w, https:\/\/agora.xtec.cat\/ceipmediterrania\/wp-content\/uploads\/usu1771\/2022\/04\/joc-sant-jordi-768x576.jpg 768w, https:\/\/agora.xtec.cat\/ceipmediterrania\/wp-content\/uploads\/usu1771\/2022\/04\/joc-sant-jordi-200x150.jpg 200w, https:\/\/agora.xtec.cat\/ceipmediterrania\/wp-content\/uploads\/usu1771\/2022\/04\/joc-sant-jordi.jpg 960w\" sizes=\"auto, (max-width: 385px) 100vw, 385px\" \/><\/a><\/td>\n<\/tr>\n<tr style=\"height: 80px;\">\n<td style=\"width: 54.929%; text-align: justify; height: 80px;\"><a href=\"https:\/\/agora.xtec.cat\/ceipmediterrania\/wp-content\/uploads\/usu1771\/2022\/04\/1-PORTADA_merged_compressed.pdf\"><img loading=\"lazy\" decoding=\"async\" class=\"aligncenter wp-image-2213 size-medium\" src=\"https:\/\/agora.xtec.cat\/ceipmediterrania\/wp-content\/uploads\/usu1771\/2022\/04\/portada-revista-213x300.jpg\" alt=\"\" width=\"213\" height=\"300\" srcset=\"https:\/\/agora.xtec.cat\/ceipmediterrania\/wp-content\/uploads\/usu1771\/2022\/04\/portada-revista-213x300.jpg 213w, https:\/\/agora.xtec.cat\/ceipmediterrania\/wp-content\/uploads\/usu1771\/2022\/04\/portada-revista.jpg 399w\" sizes=\"auto, (max-width: 213px) 100vw, 213px\" \/><\/a><\/td>\n<\/tr>\n<\/tbody>\n<\/table>\n<h3 style=\"text-align: center;\"><iframe loading=\"lazy\" src=\"https:\/\/www.slideshare.net\/slideshow\/embed_code\/key\/2EJOmAYJhN0kb?hostedIn=slideshare&amp;page=upload\" width=\"476\" height=\"400\" frameborder=\"0\" marginwidth=\"0\" marginheight=\"0\" scrolling=\"no\"><\/iframe><\/h3>\n","protected":false},"excerpt":{"rendered":"<p>Activitats programades per a la setmana de Sant Jordi Educaci\u00f3 infantil i Cicle Inicial faran una activitat de contacontes. Cicle [&hellip;]<\/p>\n","protected":false},"author":1,"featured_media":0,"comment_status":"open","ping_status":"closed","sticky":false,"template":"","format":"standard","meta":{"_bbp_topic_count":0,"_bbp_reply_count":0,"_bbp_total_topic_count":0,"_bbp_total_reply_count":0,"_bbp_voice_count":0,"_bbp_anonymous_reply_count":0,"_bbp_topic_count_hidden":0,"_bbp_reply_count_hidden":0,"_bbp_forum_subforum_count":0,"site-sidebar-layout":"default","site-content-layout":"","ast-site-content-layout":"","site-content-style":"default","site-sidebar-style":"default","ast-global-header-display":"","ast-banner-title-visibility":"","ast-main-header-display":"","ast-hfb-above-header-display":"","ast-hfb-below-header-display":"","ast-hfb-mobile-header-display":"","site-post-title":"","ast-breadcrumbs-content":"","ast-featured-img":"","footer-sml-layout":"","theme-transparent-header-meta":"","adv-header-id-meta":"","stick-header-meta":"","header-above-stick-meta":"","header-main-stick-meta":"","header-below-stick-meta":"","astra-migrate-meta-layouts":"default","ast-page-background-enabled":"default","ast-page-background-meta":{"desktop":{"background-color":"var(--ast-global-color-4)","background-image":"","background-repeat":"repeat","background-position":"center center","background-size":"auto","background-attachment":"scroll","background-type":"","background-media":"","overlay-type":"","overlay-color":"","overlay-opacity":"","overlay-gradient":""},"tablet":{"background-color":"","background-image":"","background-repeat":"repeat","background-position":"center center","background-size":"auto","background-attachment":"scroll","background-type":"","background-media":"","overlay-type":"","overlay-color":"","overlay-opacity":"","overlay-gradient":""},"mobile":{"background-color":"","background-image":"","background-repeat":"repeat","background-position":"center center","background-size":"auto","background-attachment":"scroll","background-type":"","background-media":"","overlay-type":"","overlay-color":"","overlay-opacity":"","overlay-gradient":""}},"ast-content-background-meta":{"desktop":{"background-color":"var(--ast-global-color-5)","background-image":"","background-repeat":"repeat","background-position":"center center","background-size":"auto","background-attachment":"scroll","background-type":"","background-media":"","overlay-type":"","overlay-color":"","overlay-opacity":"","overlay-gradient":""},"tablet":{"background-color":"var(--ast-global-color-5)","background-image":"","background-repeat":"repeat","background-position":"center center","background-size":"auto","background-attachment":"scroll","background-type":"","background-media":"","overlay-type":"","overlay-color":"","overlay-opacity":"","overlay-gradient":""},"mobile":{"background-color":"var(--ast-global-color-5)","background-image":"","background-repeat":"repeat","background-position":"center center","background-size":"auto","background-attachment":"scroll","background-type":"","background-media":"","overlay-type":"","overlay-color":"","overlay-opacity":"","overlay-gradient":""}},"footnotes":""},"categories":[1],"tags":[],"class_list":["post-2175","post","type-post","status-publish","format-standard","hentry","category-general"],"post_mailing_queue_ids":[],"_links":{"self":[{"href":"https:\/\/agora.xtec.cat\/ceipmediterrania\/wp-json\/wp\/v2\/posts\/2175","targetHints":{"allow":["GET"]}}],"collection":[{"href":"https:\/\/agora.xtec.cat\/ceipmediterrania\/wp-json\/wp\/v2\/posts"}],"about":[{"href":"https:\/\/agora.xtec.cat\/ceipmediterrania\/wp-json\/wp\/v2\/types\/post"}],"author":[{"embeddable":true,"href":"https:\/\/agora.xtec.cat\/ceipmediterrania\/wp-json\/wp\/v2\/users\/1"}],"replies":[{"embeddable":true,"href":"https:\/\/agora.xtec.cat\/ceipmediterrania\/wp-json\/wp\/v2\/comments?post=2175"}],"version-history":[{"count":4,"href":"https:\/\/agora.xtec.cat\/ceipmediterrania\/wp-json\/wp\/v2\/posts\/2175\/revisions"}],"predecessor-version":[{"id":2226,"href":"https:\/\/agora.xtec.cat\/ceipmediterrania\/wp-json\/wp\/v2\/posts\/2175\/revisions\/2226"}],"wp:attachment":[{"href":"https:\/\/agora.xtec.cat\/ceipmediterrania\/wp-json\/wp\/v2\/media?parent=2175"}],"wp:term":[{"taxonomy":"category","embeddable":true,"href":"https:\/\/agora.xtec.cat\/ceipmediterrania\/wp-json\/wp\/v2\/categories?post=2175"},{"taxonomy":"post_tag","embeddable":true,"href":"https:\/\/agora.xtec.cat\/ceipmediterrania\/wp-json\/wp\/v2\/tags?post=2175"}],"curies":[{"name":"wp","href":"https:\/\/api.w.org\/{rel}","templated":true}]}}