{"id":2055,"date":"2024-02-19T10:15:16","date_gmt":"2024-02-19T09:15:16","guid":{"rendered":"https:\/\/agora.xtec.cat\/ceipmediterrania\/?p=2055"},"modified":"2024-06-12T13:34:38","modified_gmt":"2024-06-12T11:34:38","slug":"preinscripcio-curs-2022-2023","status":"publish","type":"post","link":"https:\/\/agora.xtec.cat\/ceipmediterrania\/general\/preinscripcio-curs-2022-2023\/","title":{"rendered":"Preinscripci\u00f3 curs 2024-2025"},"content":{"rendered":"<p><a href=\"https:\/\/agora.xtec.cat\/ceipmedit errania\/general\/preinscripcio-curs-2022-2023\/attachment\/preinscripcoo-banner\/\" rel=\"attachment wp-att-2672\"><img loading=\"lazy\" decoding=\"async\" class=\"aligncenter wp-image-2672\" src=\"https:\/\/agora.xtec.cat\/ceipmediterrania\/wp-content\/uploads\/usu1771\/2022\/03\/preinscripcoo-banner.jpg\" alt=\"\" width=\"906\" height=\"238\" srcset=\"https:\/\/agora.xtec.cat\/ceipmediterrania\/wp-content\/uploads\/usu1771\/2022\/03\/preinscripcoo-banner.jpg 960w, https:\/\/agora.xtec.cat\/ceipmediterrania\/wp-content\/uploads\/usu1771\/2022\/03\/preinscripcoo-banner-300x79.jpg 300w, https:\/\/agora.xtec.cat\/ceipmediterrania\/wp-content\/uploads\/usu1771\/2022\/03\/preinscripcoo-banner-768x202.jpg 768w\" sizes=\"auto, (max-width: 906px) 100vw, 906px\" \/><\/a><\/p>\n<table style=\"border-collapse: collapse; width: 95.258%; height: 138px;\">\n<tbody>\n<tr style=\"height: 135px;\">\n<td style=\"width: 50%; height: 135px;\">\n<h4 style=\"text-align: center;\"><a href=\"https:\/\/preinscripcio.gencat.cat\/ca\/detalls\/noticia\/dates-preinscripcio-2024-2025\"><span style=\"color: #ff9900;\">ACC\u00c9S WEB PREINSCRIPCI\u00d3<\/span><\/a><a href=\"https:\/\/preinscripcio.gencat.cat\/ca\/detalls\/noticia\/dates-preinscripcio-2024-2025\"><img loading=\"lazy\" decoding=\"async\" class=\"wp-image-2051 aligncenter\" src=\"https:\/\/agora.xtec.cat\/ceipmediterrania\/wp-content\/uploads\/usu1771\/2021\/02\/20200406dept._educacio.jpg\" alt=\"\" width=\"491\" height=\"83\" srcset=\"https:\/\/agora.xtec.cat\/ceipmediterrania\/wp-content\/uploads\/usu1771\/2021\/02\/20200406dept._educacio.jpg 754w, https:\/\/agora.xtec.cat\/ceipmediterrania\/wp-content\/uploads\/usu1771\/2021\/02\/20200406dept._educacio-300x51.jpg 300w\" sizes=\"auto, (max-width: 491px) 100vw, 491px\" \/><\/a><\/h4>\n<\/td>\n<\/tr>\n<\/tbody>\n<\/table>\n<h4><\/h4>\n<h4 style=\"text-align: center;\"><span style=\"color: #3366ff;\"><strong><a style=\"color: #3366ff;\" href=\"https:\/\/preinscripcio.gencat.cat\/ca\/estudis\/primaria\/informat\/calendari\/\">CALENDARI I TERMINIS DEL PROC\u00c9S DE PREINSCRIPCI\u00d3<\/a><\/strong><\/span><\/h4>\n<table style=\"width: 94.288%; height: 357px;\">\n<tbody>\n<tr style=\"height: 50px;\">\n<td style=\"width: 18.8602%; text-align: center; background-color: #eb8f8f; height: 50px;\">\n<h5><strong>DATA<\/strong><\/h5>\n<\/td>\n<td style=\"width: 54.169%; background-color: #eb8f8f; text-align: center; height: 50px;\">\n<h5><strong>TR\u00c0MIT<\/strong><\/h5>\n<\/td>\n<td style=\"width: 26.2481%; text-align: center; background-color: #eb8f8f; height: 50px;\"><\/td>\n<\/tr>\n<tr style=\"height: 33px;\">\n<td style=\"width: 18.8602%; height: 33px; text-align: center;\"><strong><span class=\"gmail_default\" style=\"color: #ff0000;\">4 de mar\u00e7<\/span><\/strong><\/td>\n<td style=\"width: 54.169%; height: 33px;\">informe oferta inicial de places<\/td>\n<td style=\"width: 26.2481%; height: 33px;\"><a href=\"https:\/\/agora.xtec.cat\/ceipmediterrania\/wp-content\/uploads\/usu1771\/2024\/02\/INFORME_OFERTA_OME_INFORME_OFERTA.pdf\">INFORME_OFERTA_OME_INFORME_OFERTA<\/a><\/td>\n<\/tr>\n<tr style=\"height: 33px;\">\n<td style=\"width: 18.8602%; height: 33px; text-align: center;\" width=\"209\"><strong><span class=\"gmail_default\" style=\"color: #ff0000;\">6-20 mar\u00e7<\/span><\/strong><\/td>\n<td style=\"height: 33px; width: 54.169%;\" width=\"655\">presentaci\u00f3 de sol\u00b7licituds<\/td>\n<td style=\"width: 26.2481%; height: 33px;\"><\/td>\n<\/tr>\n<tr style=\"height: 33px;\">\n<td style=\"width: 18.8602%; height: 33px; text-align: center;\" width=\"209\"><span style=\"color: #ff0000;\"><strong><span class=\"gmail_default\">17 d&#8217;abril<\/span><\/strong><\/span><\/td>\n<td style=\"height: 33px; width: 54.169%;\" width=\"655\">llista de sol\u00b7licituds amb puntuaci\u00f3 provisional<\/td>\n<td style=\"width: 26.2481%; height: 33px;\"><a href=\"https:\/\/agora.xtec.cat\/ceipmediterrania\/wp-content\/uploads\/usu1771\/2024\/02\/INFORME_BAREM_PROVISIONAL_BAREM.pdf\">INFORME_BAREM_PROVISIONAL_BAREM<\/a><\/td>\n<\/tr>\n<tr style=\"height: 33px;\">\n<td style=\"width: 18.8602%; height: 33px; text-align: center;\" width=\"209\"><strong><span class=\"gmail_default\" style=\"color: #ff0000;\">17 al 22 d&#8217;abril<\/span><\/strong><\/td>\n<td style=\"height: 33px; width: 80.4171%;\" colspan=\"2\" width=\"655\">presentaci\u00f3 de reclamacions<\/td>\n<\/tr>\n<tr style=\"height: 33px;\">\n<td style=\"width: 18.8602%; height: 33px; text-align: center;\" width=\"209\"><span style=\"color: #ff0000;\"><strong><span class=\"gmail_default\">25 d&#8217;abril<\/span><\/strong><\/span><\/td>\n<td style=\"height: 33px; width: 54.169%;\" width=\"655\">llista de sol\u00b7licituds amb la puntuaci\u00f3 un cop resoltes les reclamacions<\/td>\n<td style=\"width: 26.2481%; height: 33px;\"><\/td>\n<\/tr>\n<tr style=\"height: 33px;\">\n<td style=\"width: 18.8602%; height: 33px; text-align: center;\" width=\"209\"><strong><span class=\"gmail_default\" style=\"color: #ff0000;\">30 d&#8217;abril\u00a0<\/span><\/strong><\/td>\n<td style=\"height: 33px; width: 54.169%;\" width=\"655\">sorteig per resoldre les sol\u00b7licituds de preinscripci\u00f3 empatades en punts<\/td>\n<td style=\"width: 26.2481%; height: 33px;\">n\u00famero <a href=\"https:\/\/preinscripcio.gencat.cat\/ca\/detalls\/noticia\/20240430-sorteig-desempat-obligatoris\">81801<\/a><\/td>\n<\/tr>\n<tr style=\"height: 33px;\">\n<td style=\"width: 18.8602%; height: 33px; text-align: center;\" width=\"209\"><span style=\"color: #ff0000;\"><strong><span class=\"gmail_default\">2 de maig<\/span><\/strong><\/span><\/td>\n<td style=\"height: 33px; width: 54.169%;\" width=\"655\">llista ordenada<\/td>\n<td style=\"width: 26.2481%; height: 33px;\"><a href=\"https:\/\/agora.xtec.cat\/ceipmediterrania\/wp-content\/uploads\/usu1771\/2024\/02\/INFORME_BAREM_DEFINITIU_BAREM.pdf\">INFORME_BAREM_DEFINITIU_BAREM<\/a><\/td>\n<\/tr>\n<tr style=\"height: 33px;\">\n<td style=\"width: 18.8602%; height: 33px; text-align: center;\" width=\"209\"><strong><span class=\"gmail_default\" style=\"color: #ff0000;\">29 al 31 de maig\u00a0<\/span><\/strong><\/td>\n<td style=\"height: 33px; width: 80.4171%;\" colspan=\"2\" width=\"655\">ampliaci\u00f3 de peticions de preinscripci\u00f3 per a alumnes sense pla\u00e7a assignada a cap centre<\/td>\n<\/tr>\n<tr style=\"height: 33px;\">\n<td style=\"width: 18.8602%; height: 33px; text-align: center;\" width=\"209\"><span style=\"color: #ff0000;\"><strong><span class=\"gmail_default\">7 de juny<\/span><\/strong><\/span><\/td>\n<td style=\"height: 33px; width: 54.169%;\" width=\"655\">oferta final de places escolars<\/td>\n<td style=\"width: 26.2481%; height: 33px;\"><a href=\"https:\/\/agora.xtec.cat\/ceipmediterrania\/wp-content\/uploads\/usu1771\/2024\/04\/INFORME_OFERTA_OME_INFORME_OFERTA.pdf\">INFORME_OFERTA_OME_INFORME_OFERTA<\/a><\/td>\n<\/tr>\n<tr style=\"height: 10px;\">\n<td style=\"width: 18.8602%; height: 10px; text-align: center;\" width=\"209\"><strong><span class=\"gmail_default\" style=\"color: #00ff00;\">10 de juny\u00a0<\/span><\/strong><\/td>\n<td style=\"width: 54.169%; height: 10px;\" width=\"655\">1.\u201cAlumnes assignats al centre amb indicaci\u00f3 de la primera petici\u00f3.2.\u201cLlista d\u2019espera\u201d<\/td>\n<td style=\"width: 26.2481%; height: 10px;\"><a href=\"https:\/\/agora.xtec.cat\/ceipmediterrania\/wp-content\/uploads\/usu1771\/2024\/04\/INFORME_LLISTA_ESPERA_OME_LLISTA_ESPERA.pdf\">INFORME_LLISTA_ESPERA_OME_LLISTA_ESPERA<\/a> <a href=\"https:\/\/agora.xtec.cat\/ceipmediterrania\/wp-content\/uploads\/usu1771\/2024\/04\/INFORME_PREINSCRITES_OME_INFORME_PREINSCRITES_OME.pdf\">INFORME_PREINSCRITES_OME_INFORME_PREINSCRITES_OME<\/a><\/td>\n<\/tr>\n<\/tbody>\n<\/table>\n<h4 style=\"text-align: center;\"><a href=\"https:\/\/preinscripcio.gencat.cat\/ca\/estudis\/primaria\/matriculat\/formalitzacio\/index.html\"><span style=\"color: #3366ff; font-size: 1.4375em;\">FORMALITZA LA MATRICULACI\u00d3<\/span><\/a><\/h4>\n<h4 style=\"text-align: center;\"><span style=\"color: #000000;\"><em>Del <span style=\"color: #ff0000;\">18 <\/span>al <span style=\"color: #ff0000;\">26<\/span>de juny de 2024: matriculaci\u00f3<\/em><\/span><\/h4>\n<table style=\"border-collapse: collapse; width: 100%; height: 183px;\">\n<tbody>\n<tr style=\"height: 183px;\">\n<td style=\"width: 22.0455%; height: 183px; text-align: left; background-color: #eb8f8f;\"><a href=\"https:\/\/preinscripcio.gencat.cat\/ca\/estudis\/primaria\/matriculat\/formalitzacio\/index.html\"><img loading=\"lazy\" decoding=\"async\" class=\"aligncenter\" src=\"https:\/\/cdn-icons-png.flaticon.com\/512\/2422\/2422601.png\" alt=\"Registrarse - Iconos gratis de educaci\u00f3n\" width=\"178\" height=\"178\" \/><\/a><\/td>\n<td style=\"width: 56.0227%; height: 183px; background-color: #eb8f8f;\">\n<h3 style=\"text-align: center;\"><a href=\"https:\/\/preinscripcio.gencat.cat\/ca\/estudis\/primaria\/matriculat\/formalitzacio\/index.html\"><span style=\"color: #3366ff;\">\u21d2 FORMALITZA LA MATRICULACI\u00d3 \u21d0<\/span><\/a><\/h3>\n<h4 style=\"text-align: center;\"><span style=\"color: #000000;\"><em>Del <span style=\"color: #ff0000;\">18 <\/span>al <span style=\"color: #ff0000;\">26<\/span>\u00a0de juny de 2023<\/em><\/span><\/h4>\n<ul>\n<li style=\"text-align: left;\"><em><strong>On es fa la matr\u00edcula?<\/strong><\/em>: Al centre escolar assignat.<\/li>\n<li style=\"text-align: left;\"><em><strong>Quina documentaci\u00f3 necessito?<\/strong><\/em> Consulta <strong><a href=\"https:\/\/preinscripcio.gencat.cat\/ca\/estudis\/primaria\/matriculat\/formalitzacio\/index.html\">l&#8217;enlla\u00e7<\/a> <\/strong>per poder preparar-ho tot.<\/li>\n<\/ul>\n<h3 style=\"text-align: center;\"><strong><span style=\"color: #3366ff;\"><a style=\"color: #3366ff;\" href=\"https:\/\/agora.xtec.cat\/ceipmediterrania\/general\/preinscripcio-curs-2022-2023\/\">\u21d2ENLLA\u00c7 A TOTA LA INFORMACI\u00d3 SOBRE EL PROC\u00c9S DE PREINSCRIPCI\u00d3 \u21d0<\/a><\/span><\/strong><\/h3>\n<\/td>\n<td style=\"width: 21.9317%; height: 183px; background-color: #eb8f8f;\"><a href=\"https:\/\/agora.xtec.cat\/ceipmediterrania\/lescola\/attachment\/4207253\/\" rel=\"attachment wp-att-3049\"><img loading=\"lazy\" decoding=\"async\" class=\"aligncenter wp-image-3049\" src=\"https:\/\/agora.xtec.cat\/ceipmediterrania\/wp-content\/uploads\/usu1771\/2023\/06\/4207253.png\" alt=\"\" width=\"174\" height=\"174\" srcset=\"https:\/\/agora.xtec.cat\/ceipmediterrania\/wp-content\/uploads\/usu1771\/2023\/06\/4207253.png 512w, https:\/\/agora.xtec.cat\/ceipmediterrania\/wp-content\/uploads\/usu1771\/2023\/06\/4207253-300x300.png 300w, https:\/\/agora.xtec.cat\/ceipmediterrania\/wp-content\/uploads\/usu1771\/2023\/06\/4207253-150x150.png 150w\" sizes=\"auto, (max-width: 174px) 100vw, 174px\" \/><\/a><\/td>\n<\/tr>\n<\/tbody>\n<\/table>\n<h4><a href=\"https:\/\/preinscripcio.gencat.cat\/ca\/detalls\/noticia\/dates-preinscripcio-2024-2025\"><img loading=\"lazy\" decoding=\"async\" class=\"aligncenter wp-image-3772\" src=\"https:\/\/agora.xtec.cat\/ceipmediterrania\/wp-content\/uploads\/usu1771\/2023\/03\/Captura-de-pantalla-2024-02-19-095556.png\" alt=\"\" width=\"787\" height=\"448\" srcset=\"https:\/\/agora.xtec.cat\/ceipmediterrania\/wp-content\/uploads\/usu1771\/2023\/03\/Captura-de-pantalla-2024-02-19-095556.png 843w, https:\/\/agora.xtec.cat\/ceipmediterrania\/wp-content\/uploads\/usu1771\/2023\/03\/Captura-de-pantalla-2024-02-19-095556-300x171.png 300w, https:\/\/agora.xtec.cat\/ceipmediterrania\/wp-content\/uploads\/usu1771\/2023\/03\/Captura-de-pantalla-2024-02-19-095556-768x437.png 768w\" sizes=\"auto, (max-width: 787px) 100vw, 787px\" \/><\/a><\/h4>\n","protected":false},"excerpt":{"rendered":"<p>ACC\u00c9S WEB PREINSCRIPCI\u00d3 CALENDARI I TERMINIS DEL PROC\u00c9S DE PREINSCRIPCI\u00d3 DATA TR\u00c0MIT 4 de mar\u00e7 informe oferta inicial de places [&hellip;]<\/p>\n","protected":false},"author":1,"featured_media":0,"comment_status":"open","ping_status":"closed","sticky":false,"template":"","format":"standard","meta":{"_bbp_topic_count":0,"_bbp_reply_count":0,"_bbp_total_topic_count":0,"_bbp_total_reply_count":0,"_bbp_voice_count":0,"_bbp_anonymous_reply_count":0,"_bbp_topic_count_hidden":0,"_bbp_reply_count_hidden":0,"_bbp_forum_subforum_count":0,"site-sidebar-layout":"default","site-content-layout":"","ast-site-content-layout":"","site-content-style":"default","site-sidebar-style":"default","ast-global-header-display":"","ast-banner-title-visibility":"","ast-main-header-display":"","ast-hfb-above-header-display":"","ast-hfb-below-header-display":"","ast-hfb-mobile-header-display":"","site-post-title":"","ast-breadcrumbs-content":"","ast-featured-img":"","footer-sml-layout":"","theme-transparent-header-meta":"","adv-header-id-meta":"","stick-header-meta":"","header-above-stick-meta":"","header-main-stick-meta":"","header-below-stick-meta":"","astra-migrate-meta-layouts":"default","ast-page-background-enabled":"default","ast-page-background-meta":{"desktop":{"background-color":"var(--ast-global-color-4)","background-image":"","background-repeat":"repeat","background-position":"center center","background-size":"auto","background-attachment":"scroll","background-type":"","background-media":"","overlay-type":"","overlay-color":"","overlay-opacity":"","overlay-gradient":""},"tablet":{"background-color":"","background-image":"","background-repeat":"repeat","background-position":"center center","background-size":"auto","background-attachment":"scroll","background-type":"","background-media":"","overlay-type":"","overlay-color":"","overlay-opacity":"","overlay-gradient":""},"mobile":{"background-color":"","background-image":"","background-repeat":"repeat","background-position":"center center","background-size":"auto","background-attachment":"scroll","background-type":"","background-media":"","overlay-type":"","overlay-color":"","overlay-opacity":"","overlay-gradient":""}},"ast-content-background-meta":{"desktop":{"background-color":"var(--ast-global-color-5)","background-image":"","background-repeat":"repeat","background-position":"center center","background-size":"auto","background-attachment":"scroll","background-type":"","background-media":"","overlay-type":"","overlay-color":"","overlay-opacity":"","overlay-gradient":""},"tablet":{"background-color":"var(--ast-global-color-5)","background-image":"","background-repeat":"repeat","background-position":"center center","background-size":"auto","background-attachment":"scroll","background-type":"","background-media":"","overlay-type":"","overlay-color":"","overlay-opacity":"","overlay-gradient":""},"mobile":{"background-color":"var(--ast-global-color-5)","background-image":"","background-repeat":"repeat","background-position":"center center","background-size":"auto","background-attachment":"scroll","background-type":"","background-media":"","overlay-type":"","overlay-color":"","overlay-opacity":"","overlay-gradient":""}},"footnotes":""},"categories":[1],"tags":[],"class_list":["post-2055","post","type-post","status-publish","format-standard","hentry","category-general"],"post_mailing_queue_ids":[],"_links":{"self":[{"href":"https:\/\/agora.xtec.cat\/ceipmediterrania\/wp-json\/wp\/v2\/posts\/2055","targetHints":{"allow":["GET"]}}],"collection":[{"href":"https:\/\/agora.xtec.cat\/ceipmediterrania\/wp-json\/wp\/v2\/posts"}],"about":[{"href":"https:\/\/agora.xtec.cat\/ceipmediterrania\/wp-json\/wp\/v2\/types\/post"}],"author":[{"embeddable":true,"href":"https:\/\/agora.xtec.cat\/ceipmediterrania\/wp-json\/wp\/v2\/users\/1"}],"replies":[{"embeddable":true,"href":"https:\/\/agora.xtec.cat\/ceipmediterrania\/wp-json\/wp\/v2\/comments?post=2055"}],"version-history":[{"count":7,"href":"https:\/\/agora.xtec.cat\/ceipmediterrania\/wp-json\/wp\/v2\/posts\/2055\/revisions"}],"predecessor-version":[{"id":4905,"href":"https:\/\/agora.xtec.cat\/ceipmediterrania\/wp-json\/wp\/v2\/posts\/2055\/revisions\/4905"}],"wp:attachment":[{"href":"https:\/\/agora.xtec.cat\/ceipmediterrania\/wp-json\/wp\/v2\/media?parent=2055"}],"wp:term":[{"taxonomy":"category","embeddable":true,"href":"https:\/\/agora.xtec.cat\/ceipmediterrania\/wp-json\/wp\/v2\/categories?post=2055"},{"taxonomy":"post_tag","embeddable":true,"href":"https:\/\/agora.xtec.cat\/ceipmediterrania\/wp-json\/wp\/v2\/tags?post=2055"}],"curies":[{"name":"wp","href":"https:\/\/api.w.org\/{rel}","templated":true}]}}