{"id":1461,"date":"2020-05-29T18:25:37","date_gmt":"2020-05-29T16:25:37","guid":{"rendered":"http:\/\/agora.xtec.cat\/ceipmediterrania\/?p=1461"},"modified":"2020-06-02T19:02:30","modified_gmt":"2020-06-02T17:02:30","slug":"preinscripcio-llista-provisional","status":"publish","type":"post","link":"https:\/\/agora.xtec.cat\/ceipmediterrania\/general\/preinscripcio-llista-provisional\/","title":{"rendered":"Preinscripci\u00f3 llista provisional"},"content":{"rendered":"<p>Benvolgudes fam\u00edlies.<\/p>\n<p>Adjuntem la publicaci\u00f3 de la llista de sol\u00b7licituds que han demanat el centre i l&#8217;ensenyament en primera<br \/>\npetici\u00f3 amb el barem provisional a 29\/05\/2020.<\/p>\n<table style=\"width: 395px;\">\n<tbody>\n<tr>\n<td style=\"width: 47.047px;\"><img loading=\"lazy\" decoding=\"async\" class=\"wp-image-996 aligncenter\" src=\"https:\/\/agora.xtec.cat\/ceipmediterrania\/wp-content\/uploads\/usu1771\/2019\/09\/unnamed.png\" alt=\"\" width=\"31\" height=\"31\" srcset=\"https:\/\/agora.xtec.cat\/ceipmediterrania\/wp-content\/uploads\/usu1771\/2019\/09\/unnamed.png 512w, https:\/\/agora.xtec.cat\/ceipmediterrania\/wp-content\/uploads\/usu1771\/2019\/09\/unnamed-150x150.png 150w, https:\/\/agora.xtec.cat\/ceipmediterrania\/wp-content\/uploads\/usu1771\/2019\/09\/unnamed-300x300.png 300w\" sizes=\"auto, (max-width: 31px) 100vw, 31px\" \/><\/td>\n<td style=\"width: 339.339px; text-align: center;\"><a href=\"https:\/\/agora.xtec.cat\/ceipmediterrania\/wp-content\/uploads\/usu1771\/2020\/05\/INFORME_BAREM_PROVISIONAL_BAREM-1.pdf\">INFORME_BAREM_PROVISIONAL_BAREM (1)<\/a><\/td>\n<\/tr>\n<\/tbody>\n<\/table>\n<p style=\"text-align: center;\"><a href=\"https:\/\/agora.xtec.cat\/ceipmediterrania\/wp-content\/uploads\/usu1771\/2020\/05\/INFORME_BAREM_PROVISIONAL_BAREM-1.pdf\"><img loading=\"lazy\" decoding=\"async\" class=\"aligncenter size-large wp-image-1462\" src=\"https:\/\/agora.xtec.cat\/ceipmediterrania\/wp-content\/uploads\/usu1771\/2020\/05\/2020-05-29-18_11_54-Window-1024x262.png\" alt=\"\" width=\"1024\" height=\"262\" srcset=\"https:\/\/agora.xtec.cat\/ceipmediterrania\/wp-content\/uploads\/usu1771\/2020\/05\/2020-05-29-18_11_54-Window-1024x262.png 1024w, https:\/\/agora.xtec.cat\/ceipmediterrania\/wp-content\/uploads\/usu1771\/2020\/05\/2020-05-29-18_11_54-Window-300x77.png 300w, https:\/\/agora.xtec.cat\/ceipmediterrania\/wp-content\/uploads\/usu1771\/2020\/05\/2020-05-29-18_11_54-Window-768x196.png 768w, https:\/\/agora.xtec.cat\/ceipmediterrania\/wp-content\/uploads\/usu1771\/2020\/05\/2020-05-29-18_11_54-Window.png 1158w\" sizes=\"auto, (max-width: 1024px) 100vw, 1024px\" \/><\/a><\/p>\n<p>Tanmateix us recordem les dates del proc\u00e9s de preinscripci\u00f3 i matr\u00edcula.\u00a0 Les dates proposades del mes de juny i posteriors s\u00f3n provisionals i poden variar en funci\u00f3 de l&#8217;evoluci\u00f3 de la pand\u00e8mia.<\/p>\n<p><strong>Preinscripci\u00f3<\/strong><\/p>\n<ul>\n<li>Llista de sol\u00b7licituds amb la puntuaci\u00f3 provisional: 29 de maig de 2020<\/li>\n<li>Presentaci\u00f3 de reclamacions: del 2 al 5 de juny de 2020<\/li>\n<li>Llista de sol\u00b7licituds amb la puntuaci\u00f3 un cop resoltes les reclamacions: 9 de juny de 2020<\/li>\n<li>Sorteig del n\u00famero de desempat: 9 de juny de 2020, a les 11 h<\/li>\n<li>Llista ordenada definitiva: 11 de juny de 2020<\/li>\n<li>Ampliaci\u00f3 de petici\u00f3 de centres per a les sol\u00b7licituds que no han obtingut cap assignaci\u00f3 (assignaci\u00f3 d&#8217;ofici): del del 26 al 29 de juny de 2020<\/li>\n<li>Oferta final de places escolars: 6 de juliol de 2020<\/li>\n<li>Llista d&#8217;alumnes admesos i llista d&#8217;espera: 7 de juliol de 2020<\/li>\n<\/ul>\n<p><strong>M<span style=\"font-family: inherit; font-size: 1em;\">atr\u00edcula<\/span><\/strong><\/p>\n<ul>\n<li>Alumnes preinscrits amb pla\u00e7a assignada a segon cicle d&#8217;educaci\u00f3 infantil, educaci\u00f3 prim\u00e0ria i ESO: del 13 al 17 de juliol de 2020<\/li>\n<\/ul>\n<h6 style=\"text-align: center;\">Trobareu tota la informaci\u00f3 ampliada al web del Departament d&#8217;Ensenyament <a href=\"http:\/\/queestudiar.gencat.cat\/ca\/preinscripcio\/\">http:\/\/queestudiar.gencat.cat\/ca\/preinscripcio\/<\/a><\/h6>\n","protected":false},"excerpt":{"rendered":"<p>Benvolgudes fam\u00edlies. Adjuntem la publicaci\u00f3 de la llista de sol\u00b7licituds que han demanat el centre i l&#8217;ensenyament en primera petici\u00f3 [&hellip;]<\/p>\n","protected":false},"author":1,"featured_media":0,"comment_status":"open","ping_status":"closed","sticky":false,"template":"","format":"standard","meta":{"_bbp_topic_count":0,"_bbp_reply_count":0,"_bbp_total_topic_count":0,"_bbp_total_reply_count":0,"_bbp_voice_count":0,"_bbp_anonymous_reply_count":0,"_bbp_topic_count_hidden":0,"_bbp_reply_count_hidden":0,"_bbp_forum_subforum_count":0,"site-sidebar-layout":"default","site-content-layout":"","ast-site-content-layout":"","site-content-style":"default","site-sidebar-style":"default","ast-global-header-display":"","ast-banner-title-visibility":"","ast-main-header-display":"","ast-hfb-above-header-display":"","ast-hfb-below-header-display":"","ast-hfb-mobile-header-display":"","site-post-title":"","ast-breadcrumbs-content":"","ast-featured-img":"","footer-sml-layout":"","theme-transparent-header-meta":"","adv-header-id-meta":"","stick-header-meta":"","header-above-stick-meta":"","header-main-stick-meta":"","header-below-stick-meta":"","astra-migrate-meta-layouts":"default","ast-page-background-enabled":"default","ast-page-background-meta":{"desktop":{"background-color":"var(--ast-global-color-4)","background-image":"","background-repeat":"repeat","background-position":"center center","background-size":"auto","background-attachment":"scroll","background-type":"","background-media":"","overlay-type":"","overlay-color":"","overlay-opacity":"","overlay-gradient":""},"tablet":{"background-color":"","background-image":"","background-repeat":"repeat","background-position":"center center","background-size":"auto","background-attachment":"scroll","background-type":"","background-media":"","overlay-type":"","overlay-color":"","overlay-opacity":"","overlay-gradient":""},"mobile":{"background-color":"","background-image":"","background-repeat":"repeat","background-position":"center center","background-size":"auto","background-attachment":"scroll","background-type":"","background-media":"","overlay-type":"","overlay-color":"","overlay-opacity":"","overlay-gradient":""}},"ast-content-background-meta":{"desktop":{"background-color":"var(--ast-global-color-5)","background-image":"","background-repeat":"repeat","background-position":"center center","background-size":"auto","background-attachment":"scroll","background-type":"","background-media":"","overlay-type":"","overlay-color":"","overlay-opacity":"","overlay-gradient":""},"tablet":{"background-color":"var(--ast-global-color-5)","background-image":"","background-repeat":"repeat","background-position":"center center","background-size":"auto","background-attachment":"scroll","background-type":"","background-media":"","overlay-type":"","overlay-color":"","overlay-opacity":"","overlay-gradient":""},"mobile":{"background-color":"var(--ast-global-color-5)","background-image":"","background-repeat":"repeat","background-position":"center center","background-size":"auto","background-attachment":"scroll","background-type":"","background-media":"","overlay-type":"","overlay-color":"","overlay-opacity":"","overlay-gradient":""}},"footnotes":""},"categories":[1],"tags":[],"class_list":["post-1461","post","type-post","status-publish","format-standard","hentry","category-general"],"post_mailing_queue_ids":[],"_links":{"self":[{"href":"https:\/\/agora.xtec.cat\/ceipmediterrania\/wp-json\/wp\/v2\/posts\/1461","targetHints":{"allow":["GET"]}}],"collection":[{"href":"https:\/\/agora.xtec.cat\/ceipmediterrania\/wp-json\/wp\/v2\/posts"}],"about":[{"href":"https:\/\/agora.xtec.cat\/ceipmediterrania\/wp-json\/wp\/v2\/types\/post"}],"author":[{"embeddable":true,"href":"https:\/\/agora.xtec.cat\/ceipmediterrania\/wp-json\/wp\/v2\/users\/1"}],"replies":[{"embeddable":true,"href":"https:\/\/agora.xtec.cat\/ceipmediterrania\/wp-json\/wp\/v2\/comments?post=1461"}],"version-history":[{"count":3,"href":"https:\/\/agora.xtec.cat\/ceipmediterrania\/wp-json\/wp\/v2\/posts\/1461\/revisions"}],"predecessor-version":[{"id":1472,"href":"https:\/\/agora.xtec.cat\/ceipmediterrania\/wp-json\/wp\/v2\/posts\/1461\/revisions\/1472"}],"wp:attachment":[{"href":"https:\/\/agora.xtec.cat\/ceipmediterrania\/wp-json\/wp\/v2\/media?parent=1461"}],"wp:term":[{"taxonomy":"category","embeddable":true,"href":"https:\/\/agora.xtec.cat\/ceipmediterrania\/wp-json\/wp\/v2\/categories?post=1461"},{"taxonomy":"post_tag","embeddable":true,"href":"https:\/\/agora.xtec.cat\/ceipmediterrania\/wp-json\/wp\/v2\/tags?post=1461"}],"curies":[{"name":"wp","href":"https:\/\/api.w.org\/{rel}","templated":true}]}}