{"id":1415,"date":"2020-05-07T13:18:35","date_gmt":"2020-05-07T11:18:35","guid":{"rendered":"http:\/\/agora.xtec.cat\/ceipmediterrania\/?p=1415"},"modified":"2020-05-13T16:54:05","modified_gmt":"2020-05-13T14:54:05","slug":"preinscripcio-2020-2021","status":"publish","type":"post","link":"https:\/\/agora.xtec.cat\/ceipmediterrania\/general\/preinscripcio-2020-2021\/","title":{"rendered":"Preinscripci\u00f3 2020-2021"},"content":{"rendered":"<p><img loading=\"lazy\" decoding=\"async\" class=\"aligncenter size-full wp-image-1449\" src=\"https:\/\/agora.xtec.cat\/ceipmediterrania\/wp-content\/uploads\/usu1771\/2020\/05\/preinscripci\u00f3-MED.png\" alt=\"\" width=\"655\" height=\"435\" srcset=\"https:\/\/agora.xtec.cat\/ceipmediterrania\/wp-content\/uploads\/usu1771\/2020\/05\/preinscripci\u00f3-MED.png 655w, https:\/\/agora.xtec.cat\/ceipmediterrania\/wp-content\/uploads\/usu1771\/2020\/05\/preinscripci\u00f3-MED-300x199.png 300w\" sizes=\"auto, (max-width: 655px) 100vw, 655px\" \/><\/p>\n<p><img loading=\"lazy\" decoding=\"async\" class=\"aligncenter wp-image-1416\" src=\"https:\/\/agora.xtec.cat\/ceipmediterrania\/wp-content\/uploads\/usu1771\/2020\/05\/89122278_2801358333417074_7962969638728187702_n.jpg\" alt=\"\" width=\"310\" height=\"310\" srcset=\"https:\/\/agora.xtec.cat\/ceipmediterrania\/wp-content\/uploads\/usu1771\/2020\/05\/89122278_2801358333417074_7962969638728187702_n.jpg 640w, https:\/\/agora.xtec.cat\/ceipmediterrania\/wp-content\/uploads\/usu1771\/2020\/05\/89122278_2801358333417074_7962969638728187702_n-150x150.jpg 150w, https:\/\/agora.xtec.cat\/ceipmediterrania\/wp-content\/uploads\/usu1771\/2020\/05\/89122278_2801358333417074_7962969638728187702_n-300x300.jpg 300w\" sizes=\"auto, (max-width: 310px) 100vw, 310px\" \/><\/p>\n<p>Benvolgudes fam\u00edlies.<\/p>\n<p>El per\u00edode de preinscripci\u00f3 comen\u00e7ar\u00e0 el proper <strong>dimecres 13 de maig<\/strong> <strong>de forma telem\u00e0tica<\/strong>. Per aquells que no pugueu fer-ho telem\u00e0ticament <strong>\u00a0es podr\u00e0 fer de forma presencial del dimarts 19\/05 fins al divendres 22\/5.<\/strong><\/p>\n<h4 style=\"text-align: center;\"><span style=\"color: #f24646;\"><strong>US RECOMANEM <\/strong><\/span><\/h4>\n<h4 style=\"text-align: center;\"><span style=\"color: #f24646;\"><strong>PREFERIBLEMENT FER LA PREINSCRIPCI\u00d3 ON-LINE\u00a0<\/strong><\/span><\/h4>\n<ul>\n<li><strong>OFERTA DE PLACES<\/strong>:\u00a0 informe d&#8217;oferta inicial de places per al curs 2020-2021<\/li>\n<\/ul>\n<p><img loading=\"lazy\" decoding=\"async\" class=\"aligncenter size-full wp-image-1451\" src=\"https:\/\/agora.xtec.cat\/ceipmediterrania\/wp-content\/uploads\/usu1771\/2020\/05\/oferta-places.png\" alt=\"\" width=\"437\" height=\"394\" srcset=\"https:\/\/agora.xtec.cat\/ceipmediterrania\/wp-content\/uploads\/usu1771\/2020\/05\/oferta-places.png 437w, https:\/\/agora.xtec.cat\/ceipmediterrania\/wp-content\/uploads\/usu1771\/2020\/05\/oferta-places-300x270.png 300w\" sizes=\"auto, (max-width: 437px) 100vw, 437px\" \/><\/p>\n<ul>\n<li style=\"text-align: left;\"><strong><span style=\"color: #ff0000;\">INFORMACI\u00d3 IMPORTANT<\/span> <\/strong>:com ser\u00e0 el proc\u00e9s de preinscripci\u00f3 telem\u00e0tica i presencial.<\/li>\n<\/ul>\n<p><a href=\"https:\/\/agora.xtec.cat\/ceipmediterrania\/wp-content\/uploads\/usu1771\/2020\/05\/1588954827010_Opcci\u00f3-telem\u00e0tica-3.pdf\">1588954827010_Opcci\u00f3 telem\u00e0tica (3)<\/a><\/p>\n<p><img loading=\"lazy\" decoding=\"async\" class=\"aligncenter wp-image-1427\" src=\"https:\/\/agora.xtec.cat\/ceipmediterrania\/wp-content\/uploads\/usu1771\/2020\/05\/2020-05-08-18_27_48-Window.png\" alt=\"\" width=\"502\" height=\"691\" srcset=\"https:\/\/agora.xtec.cat\/ceipmediterrania\/wp-content\/uploads\/usu1771\/2020\/05\/2020-05-08-18_27_48-Window.png 434w, https:\/\/agora.xtec.cat\/ceipmediterrania\/wp-content\/uploads\/usu1771\/2020\/05\/2020-05-08-18_27_48-Window-218x300.png 218w\" sizes=\"auto, (max-width: 502px) 100vw, 502px\" \/><\/p>\n<h3 style=\"text-align: center;\"><span style=\"color: #0000ff;\">CONTACTE : a8062781@xtec.cat &#8211;\u00a0 938148411<\/span><\/h3>\n","protected":false},"excerpt":{"rendered":"<p>Benvolgudes fam\u00edlies. El per\u00edode de preinscripci\u00f3 comen\u00e7ar\u00e0 el proper dimecres 13 de maig de forma telem\u00e0tica. Per aquells que no [&hellip;]<\/p>\n","protected":false},"author":1,"featured_media":0,"comment_status":"open","ping_status":"closed","sticky":false,"template":"","format":"standard","meta":{"_bbp_topic_count":0,"_bbp_reply_count":0,"_bbp_total_topic_count":0,"_bbp_total_reply_count":0,"_bbp_voice_count":0,"_bbp_anonymous_reply_count":0,"_bbp_topic_count_hidden":0,"_bbp_reply_count_hidden":0,"_bbp_forum_subforum_count":0,"site-sidebar-layout":"default","site-content-layout":"","ast-site-content-layout":"","site-content-style":"default","site-sidebar-style":"default","ast-global-header-display":"","ast-banner-title-visibility":"","ast-main-header-display":"","ast-hfb-above-header-display":"","ast-hfb-below-header-display":"","ast-hfb-mobile-header-display":"","site-post-title":"","ast-breadcrumbs-content":"","ast-featured-img":"","footer-sml-layout":"","theme-transparent-header-meta":"","adv-header-id-meta":"","stick-header-meta":"","header-above-stick-meta":"","header-main-stick-meta":"","header-below-stick-meta":"","astra-migrate-meta-layouts":"default","ast-page-background-enabled":"default","ast-page-background-meta":{"desktop":{"background-color":"var(--ast-global-color-4)","background-image":"","background-repeat":"repeat","background-position":"center center","background-size":"auto","background-attachment":"scroll","background-type":"","background-media":"","overlay-type":"","overlay-color":"","overlay-opacity":"","overlay-gradient":""},"tablet":{"background-color":"","background-image":"","background-repeat":"repeat","background-position":"center center","background-size":"auto","background-attachment":"scroll","background-type":"","background-media":"","overlay-type":"","overlay-color":"","overlay-opacity":"","overlay-gradient":""},"mobile":{"background-color":"","background-image":"","background-repeat":"repeat","background-position":"center center","background-size":"auto","background-attachment":"scroll","background-type":"","background-media":"","overlay-type":"","overlay-color":"","overlay-opacity":"","overlay-gradient":""}},"ast-content-background-meta":{"desktop":{"background-color":"var(--ast-global-color-5)","background-image":"","background-repeat":"repeat","background-position":"center center","background-size":"auto","background-attachment":"scroll","background-type":"","background-media":"","overlay-type":"","overlay-color":"","overlay-opacity":"","overlay-gradient":""},"tablet":{"background-color":"var(--ast-global-color-5)","background-image":"","background-repeat":"repeat","background-position":"center center","background-size":"auto","background-attachment":"scroll","background-type":"","background-media":"","overlay-type":"","overlay-color":"","overlay-opacity":"","overlay-gradient":""},"mobile":{"background-color":"var(--ast-global-color-5)","background-image":"","background-repeat":"repeat","background-position":"center center","background-size":"auto","background-attachment":"scroll","background-type":"","background-media":"","overlay-type":"","overlay-color":"","overlay-opacity":"","overlay-gradient":""}},"footnotes":""},"categories":[1],"tags":[],"class_list":["post-1415","post","type-post","status-publish","format-standard","hentry","category-general"],"post_mailing_queue_ids":[],"_links":{"self":[{"href":"https:\/\/agora.xtec.cat\/ceipmediterrania\/wp-json\/wp\/v2\/posts\/1415","targetHints":{"allow":["GET"]}}],"collection":[{"href":"https:\/\/agora.xtec.cat\/ceipmediterrania\/wp-json\/wp\/v2\/posts"}],"about":[{"href":"https:\/\/agora.xtec.cat\/ceipmediterrania\/wp-json\/wp\/v2\/types\/post"}],"author":[{"embeddable":true,"href":"https:\/\/agora.xtec.cat\/ceipmediterrania\/wp-json\/wp\/v2\/users\/1"}],"replies":[{"embeddable":true,"href":"https:\/\/agora.xtec.cat\/ceipmediterrania\/wp-json\/wp\/v2\/comments?post=1415"}],"version-history":[{"count":4,"href":"https:\/\/agora.xtec.cat\/ceipmediterrania\/wp-json\/wp\/v2\/posts\/1415\/revisions"}],"predecessor-version":[{"id":1452,"href":"https:\/\/agora.xtec.cat\/ceipmediterrania\/wp-json\/wp\/v2\/posts\/1415\/revisions\/1452"}],"wp:attachment":[{"href":"https:\/\/agora.xtec.cat\/ceipmediterrania\/wp-json\/wp\/v2\/media?parent=1415"}],"wp:term":[{"taxonomy":"category","embeddable":true,"href":"https:\/\/agora.xtec.cat\/ceipmediterrania\/wp-json\/wp\/v2\/categories?post=1415"},{"taxonomy":"post_tag","embeddable":true,"href":"https:\/\/agora.xtec.cat\/ceipmediterrania\/wp-json\/wp\/v2\/tags?post=1415"}],"curies":[{"name":"wp","href":"https:\/\/api.w.org\/{rel}","templated":true}]}}