{"id":1360,"date":"2020-02-13T13:40:29","date_gmt":"2020-02-13T12:40:29","guid":{"rendered":"http:\/\/agora.xtec.cat\/ceipmediterrania\/?p=1360"},"modified":"2020-02-26T12:42:07","modified_gmt":"2020-02-26T11:42:07","slug":"carnaval-a-lescola-2020","status":"publish","type":"post","link":"https:\/\/agora.xtec.cat\/ceipmediterrania\/general\/carnaval-a-lescola-2020\/","title":{"rendered":"Carnaval a l&#8217;escola 2020"},"content":{"rendered":"<table style=\"width: 782px;\">\n<tbody>\n<tr>\n<td style=\"width: 776px;\" colspan=\"2\"><img loading=\"lazy\" decoding=\"async\" class=\"aligncenter size-full wp-image-1361\" src=\"https:\/\/agora.xtec.cat\/ceipmediterrania\/wp-content\/uploads\/usu1771\/2020\/02\/Diapositiva2.jpg\" alt=\"\" width=\"960\" height=\"436\" srcset=\"https:\/\/agora.xtec.cat\/ceipmediterrania\/wp-content\/uploads\/usu1771\/2020\/02\/Diapositiva2.jpg 960w, https:\/\/agora.xtec.cat\/ceipmediterrania\/wp-content\/uploads\/usu1771\/2020\/02\/Diapositiva2-300x136.jpg 300w, https:\/\/agora.xtec.cat\/ceipmediterrania\/wp-content\/uploads\/usu1771\/2020\/02\/Diapositiva2-768x349.jpg 768w\" sizes=\"auto, (max-width: 960px) 100vw, 960px\" \/><\/td>\n<\/tr>\n<tr>\n<td style=\"width: 383px; text-align: center;\" colspan=\"2\">\n<h1><a href=\"https:\/\/photos.app.goo.gl\/GdsEcraBjkTkpVg19\"><span style=\"color: #ff00ff;\">GALERIA D&#8217;IMATGES CARNAVAL &#8217;20<\/span><\/a><\/h1>\n<\/td>\n<\/tr>\n<tr>\n<td style=\"text-align: center;\" colspan=\"2\">\n<h4><img loading=\"lazy\" decoding=\"async\" class=\"aligncenter wp-image-1366\" src=\"https:\/\/agora.xtec.cat\/ceipmediterrania\/wp-content\/uploads\/usu1771\/2020\/02\/Diapositiva1-2.jpg\" alt=\"\" width=\"664\" height=\"497\" srcset=\"https:\/\/agora.xtec.cat\/ceipmediterrania\/wp-content\/uploads\/usu1771\/2020\/02\/Diapositiva1-2.jpg 960w, https:\/\/agora.xtec.cat\/ceipmediterrania\/wp-content\/uploads\/usu1771\/2020\/02\/Diapositiva1-2-300x225.jpg 300w, https:\/\/agora.xtec.cat\/ceipmediterrania\/wp-content\/uploads\/usu1771\/2020\/02\/Diapositiva1-2-768x576.jpg 768w, https:\/\/agora.xtec.cat\/ceipmediterrania\/wp-content\/uploads\/usu1771\/2020\/02\/Diapositiva1-2-200x150.jpg 200w\" sizes=\"auto, (max-width: 664px) 100vw, 664px\" \/><\/h4>\n<p style=\"text-align: left;\"><span style=\"color: #000000;\">Ja arriba el Carnaval i amb ell Sa Majestat Carnestoltes, Rei dels pocasoltes! Per l&#8217;escola ha passat i unes consignes ens ha donat:<\/span><\/p>\n<ul style=\"list-style-type: circle;\">\n<li style=\"text-align: left;\"><span style=\"color: #000000;\"><strong>Dilluns 17:<\/strong>Has de portar\u00a0sabates diferents, o si no se\u2019t cauran les dents, tan r\u00e0pid com el vent al mes de febrer.<\/span><\/li>\n<\/ul>\n<ul>\n<li style=\"text-align: left;\"><span style=\"color: #000000;\"><strong>Dimarts 18: <\/strong>Si el dimarts pels de sis\u00e8 no vols anar marcat, amb unes\u00a0ulleres divertides\u00a0haur\u00e0s d\u2019anar conjuntat.<\/span><\/li>\n<li style=\"text-align: left;\"><span style=\"color: #000000;\"><strong>Dimecres 19:<\/strong>Avui \u00e9s Carnaval i tot si val i com la Rosalia, les ungles portarem, postisses o ben pintades i for\u00e7a admiraci\u00f3 causarem.<\/span><\/li>\n<li style=\"text-align: left;\"><span style=\"color: #000000;\"><strong>Dijous 20<\/strong>:Pentinat divertit haur\u00e0s de portar perruca, metxes o te\u2019ls pots pintar de color verd o vermell haur\u00e0s de dur el cabell si no ho fas el dia pactat tot el dia anir\u00e0s marcat.<\/span><\/li>\n<li style=\"text-align: left;\"><span style=\"color: #000000;\"><b>Divendres 21:<\/b>D&#8217;esportista\u00a0t&#8217;has de disfressar i totes les consignes de la setmana tamb\u00e9 dur\u00e0s!<\/span><\/li>\n<\/ul>\n<p>(No cal comprar cap tipus de disfressa, amb el que tinguin a casa i amb imaginaci\u00f3).<\/p>\n<h4 style=\"text-align: right;\">Rei Carnestoltes de l&#8217;Escola Mediterr\u00e0nia<\/h4>\n<\/td>\n<\/tr>\n<\/tbody>\n<\/table>\n","protected":false},"excerpt":{"rendered":"<p>GALERIA D&#8217;IMATGES CARNAVAL &#8217;20 Ja arriba el Carnaval i amb ell Sa Majestat Carnestoltes, Rei dels pocasoltes! Per l&#8217;escola ha [&hellip;]<\/p>\n","protected":false},"author":1,"featured_media":0,"comment_status":"open","ping_status":"closed","sticky":false,"template":"","format":"standard","meta":{"_bbp_topic_count":0,"_bbp_reply_count":0,"_bbp_total_topic_count":0,"_bbp_total_reply_count":0,"_bbp_voice_count":0,"_bbp_anonymous_reply_count":0,"_bbp_topic_count_hidden":0,"_bbp_reply_count_hidden":0,"_bbp_forum_subforum_count":0,"site-sidebar-layout":"default","site-content-layout":"","ast-site-content-layout":"","site-content-style":"default","site-sidebar-style":"default","ast-global-header-display":"","ast-banner-title-visibility":"","ast-main-header-display":"","ast-hfb-above-header-display":"","ast-hfb-below-header-display":"","ast-hfb-mobile-header-display":"","site-post-title":"","ast-breadcrumbs-content":"","ast-featured-img":"","footer-sml-layout":"","theme-transparent-header-meta":"","adv-header-id-meta":"","stick-header-meta":"","header-above-stick-meta":"","header-main-stick-meta":"","header-below-stick-meta":"","astra-migrate-meta-layouts":"default","ast-page-background-enabled":"default","ast-page-background-meta":{"desktop":{"background-color":"var(--ast-global-color-4)","background-image":"","background-repeat":"repeat","background-position":"center center","background-size":"auto","background-attachment":"scroll","background-type":"","background-media":"","overlay-type":"","overlay-color":"","overlay-opacity":"","overlay-gradient":""},"tablet":{"background-color":"","background-image":"","background-repeat":"repeat","background-position":"center center","background-size":"auto","background-attachment":"scroll","background-type":"","background-media":"","overlay-type":"","overlay-color":"","overlay-opacity":"","overlay-gradient":""},"mobile":{"background-color":"","background-image":"","background-repeat":"repeat","background-position":"center center","background-size":"auto","background-attachment":"scroll","background-type":"","background-media":"","overlay-type":"","overlay-color":"","overlay-opacity":"","overlay-gradient":""}},"ast-content-background-meta":{"desktop":{"background-color":"var(--ast-global-color-5)","background-image":"","background-repeat":"repeat","background-position":"center center","background-size":"auto","background-attachment":"scroll","background-type":"","background-media":"","overlay-type":"","overlay-color":"","overlay-opacity":"","overlay-gradient":""},"tablet":{"background-color":"var(--ast-global-color-5)","background-image":"","background-repeat":"repeat","background-position":"center center","background-size":"auto","background-attachment":"scroll","background-type":"","background-media":"","overlay-type":"","overlay-color":"","overlay-opacity":"","overlay-gradient":""},"mobile":{"background-color":"var(--ast-global-color-5)","background-image":"","background-repeat":"repeat","background-position":"center center","background-size":"auto","background-attachment":"scroll","background-type":"","background-media":"","overlay-type":"","overlay-color":"","overlay-opacity":"","overlay-gradient":""}},"footnotes":""},"categories":[1],"tags":[],"class_list":["post-1360","post","type-post","status-publish","format-standard","hentry","category-general"],"post_mailing_queue_ids":[],"_links":{"self":[{"href":"https:\/\/agora.xtec.cat\/ceipmediterrania\/wp-json\/wp\/v2\/posts\/1360","targetHints":{"allow":["GET"]}}],"collection":[{"href":"https:\/\/agora.xtec.cat\/ceipmediterrania\/wp-json\/wp\/v2\/posts"}],"about":[{"href":"https:\/\/agora.xtec.cat\/ceipmediterrania\/wp-json\/wp\/v2\/types\/post"}],"author":[{"embeddable":true,"href":"https:\/\/agora.xtec.cat\/ceipmediterrania\/wp-json\/wp\/v2\/users\/1"}],"replies":[{"embeddable":true,"href":"https:\/\/agora.xtec.cat\/ceipmediterrania\/wp-json\/wp\/v2\/comments?post=1360"}],"version-history":[{"count":3,"href":"https:\/\/agora.xtec.cat\/ceipmediterrania\/wp-json\/wp\/v2\/posts\/1360\/revisions"}],"predecessor-version":[{"id":1373,"href":"https:\/\/agora.xtec.cat\/ceipmediterrania\/wp-json\/wp\/v2\/posts\/1360\/revisions\/1373"}],"wp:attachment":[{"href":"https:\/\/agora.xtec.cat\/ceipmediterrania\/wp-json\/wp\/v2\/media?parent=1360"}],"wp:term":[{"taxonomy":"category","embeddable":true,"href":"https:\/\/agora.xtec.cat\/ceipmediterrania\/wp-json\/wp\/v2\/categories?post=1360"},{"taxonomy":"post_tag","embeddable":true,"href":"https:\/\/agora.xtec.cat\/ceipmediterrania\/wp-json\/wp\/v2\/tags?post=1360"}],"curies":[{"name":"wp","href":"https:\/\/api.w.org\/{rel}","templated":true}]}}