{"id":990,"date":"2023-11-30T15:29:17","date_gmt":"2023-11-30T14:29:17","guid":{"rendered":"https:\/\/agora.xtec.cat\/ceipmdsoldelpont\/?p=990"},"modified":"2023-12-29T17:10:53","modified_gmt":"2023-12-29T16:10:53","slug":"no-violencia","status":"publish","type":"post","link":"https:\/\/agora.xtec.cat\/ceipmdsoldelpont\/primaria\/tercer\/no-violencia\/","title":{"rendered":"NO VIOL\u00c8NCIA"},"content":{"rendered":"<p>En motiu del <strong>Dia Internacional per l\u2019Erradicaci\u00f3 de la Viol\u00e8ncia vers les Dones <\/strong>(25 de novembre), l&#8217;alumnat de cicle mitj\u00e0 vam estar fent aquest mural, pintant i retallant dues plomes per representar el lema<strong> QUE NING\u00da EM TALLI LES ALES!<\/strong><\/p>\n<p><a href=\"https:\/\/agora.xtec.cat\/ceipmdsoldelpont\/general\/no-violencia-2\/\"><img loading=\"lazy\" decoding=\"async\" class=\"wp-image-994 alignleft\" src=\"https:\/\/agora.xtec.cat\/ceipmdsoldelpont\/wp-content\/uploads\/usu2326\/2023\/11\/titol-4-300x214.png\" alt=\"\" width=\"271\" height=\"194\" srcset=\"https:\/\/agora.xtec.cat\/ceipmdsoldelpont\/wp-content\/uploads\/usu2326\/2023\/11\/titol-4-300x214.png 300w, https:\/\/agora.xtec.cat\/ceipmdsoldelpont\/wp-content\/uploads\/usu2326\/2023\/11\/titol-4-1024x731.png 1024w, https:\/\/agora.xtec.cat\/ceipmdsoldelpont\/wp-content\/uploads\/usu2326\/2023\/11\/titol-4-768x548.png 768w, https:\/\/agora.xtec.cat\/ceipmdsoldelpont\/wp-content\/uploads\/usu2326\/2023\/11\/titol-4.png 1216w\" sizes=\"auto, (max-width: 271px) 100vw, 271px\" \/><\/a> \u00a0\u00a0<a href=\"https:\/\/agora.xtec.cat\/ceipmdsoldelpont\/general\/no-violencia-2\/\" target=\"_blank\" rel=\"noopener\"><img loading=\"lazy\" decoding=\"async\" class=\"wp-image-992 alignleft\" src=\"https:\/\/agora.xtec.cat\/ceipmdsoldelpont\/wp-content\/uploads\/usu2326\/2023\/11\/Sense-titol-2-300x207.jpg\" alt=\"\" width=\"282\" height=\"195\" srcset=\"https:\/\/agora.xtec.cat\/ceipmdsoldelpont\/wp-content\/uploads\/usu2326\/2023\/11\/Sense-titol-2-300x207.jpg 300w, https:\/\/agora.xtec.cat\/ceipmdsoldelpont\/wp-content\/uploads\/usu2326\/2023\/11\/Sense-titol-2-1024x706.jpg 1024w, https:\/\/agora.xtec.cat\/ceipmdsoldelpont\/wp-content\/uploads\/usu2326\/2023\/11\/Sense-titol-2-768x530.jpg 768w, https:\/\/agora.xtec.cat\/ceipmdsoldelpont\/wp-content\/uploads\/usu2326\/2023\/11\/Sense-titol-2.jpg 1206w\" sizes=\"auto, (max-width: 282px) 100vw, 282px\" \/><\/a><\/p>\n<p>&nbsp;<\/p>\n<p>&nbsp;<\/p>\n<p>&nbsp;<\/p>\n<p>&nbsp;<\/p>\n<p>&nbsp;<\/p>\n<p>&nbsp;<\/p>\n","protected":false},"excerpt":{"rendered":"<p>En motiu del Dia Internacional per l\u2019Erradicaci\u00f3 de la Viol\u00e8ncia vers les Dones (25 de novembre), l&#8217;alumnat de cicle mitj\u00e0 [&hellip;]<\/p>\n","protected":false},"author":3,"featured_media":0,"comment_status":"open","ping_status":"closed","sticky":false,"template":"","format":"standard","meta":{"_bbp_topic_count":0,"_bbp_reply_count":0,"_bbp_total_topic_count":0,"_bbp_total_reply_count":0,"_bbp_voice_count":0,"_bbp_anonymous_reply_count":0,"_bbp_topic_count_hidden":0,"_bbp_reply_count_hidden":0,"_bbp_forum_subforum_count":0,"site-sidebar-layout":"default","site-content-layout":"","ast-site-content-layout":"","site-content-style":"default","site-sidebar-style":"default","ast-global-header-display":"","ast-banner-title-visibility":"","ast-main-header-display":"","ast-hfb-above-header-display":"","ast-hfb-below-header-display":"","ast-hfb-mobile-header-display":"","site-post-title":"","ast-breadcrumbs-content":"","ast-featured-img":"","footer-sml-layout":"","theme-transparent-header-meta":"","adv-header-id-meta":"","stick-header-meta":"","header-above-stick-meta":"","header-main-stick-meta":"","header-below-stick-meta":"","astra-migrate-meta-layouts":"default","ast-page-background-enabled":"default","ast-page-background-meta":{"desktop":{"background-color":"var(--ast-global-color-4)","background-image":"","background-repeat":"repeat","background-position":"center center","background-size":"auto","background-attachment":"scroll","background-type":"","background-media":"","overlay-type":"","overlay-color":"","overlay-opacity":"","overlay-gradient":""},"tablet":{"background-color":"","background-image":"","background-repeat":"repeat","background-position":"center center","background-size":"auto","background-attachment":"scroll","background-type":"","background-media":"","overlay-type":"","overlay-color":"","overlay-opacity":"","overlay-gradient":""},"mobile":{"background-color":"","background-image":"","background-repeat":"repeat","background-position":"center center","background-size":"auto","background-attachment":"scroll","background-type":"","background-media":"","overlay-type":"","overlay-color":"","overlay-opacity":"","overlay-gradient":""}},"ast-content-background-meta":{"desktop":{"background-color":"var(--ast-global-color-5)","background-image":"","background-repeat":"repeat","background-position":"center center","background-size":"auto","background-attachment":"scroll","background-type":"","background-media":"","overlay-type":"","overlay-color":"","overlay-opacity":"","overlay-gradient":""},"tablet":{"background-color":"var(--ast-global-color-5)","background-image":"","background-repeat":"repeat","background-position":"center center","background-size":"auto","background-attachment":"scroll","background-type":"","background-media":"","overlay-type":"","overlay-color":"","overlay-opacity":"","overlay-gradient":""},"mobile":{"background-color":"var(--ast-global-color-5)","background-image":"","background-repeat":"repeat","background-position":"center center","background-size":"auto","background-attachment":"scroll","background-type":"","background-media":"","overlay-type":"","overlay-color":"","overlay-opacity":"","overlay-gradient":""}},"footnotes":""},"categories":[87],"tags":[129],"class_list":["post-990","post","type-post","status-publish","format-standard","hentry","category-tercer","tag-no-violencia"],"post_mailing_queue_ids":[],"_links":{"self":[{"href":"https:\/\/agora.xtec.cat\/ceipmdsoldelpont\/wp-json\/wp\/v2\/posts\/990","targetHints":{"allow":["GET"]}}],"collection":[{"href":"https:\/\/agora.xtec.cat\/ceipmdsoldelpont\/wp-json\/wp\/v2\/posts"}],"about":[{"href":"https:\/\/agora.xtec.cat\/ceipmdsoldelpont\/wp-json\/wp\/v2\/types\/post"}],"author":[{"embeddable":true,"href":"https:\/\/agora.xtec.cat\/ceipmdsoldelpont\/wp-json\/wp\/v2\/users\/3"}],"replies":[{"embeddable":true,"href":"https:\/\/agora.xtec.cat\/ceipmdsoldelpont\/wp-json\/wp\/v2\/comments?post=990"}],"version-history":[{"count":6,"href":"https:\/\/agora.xtec.cat\/ceipmdsoldelpont\/wp-json\/wp\/v2\/posts\/990\/revisions"}],"predecessor-version":[{"id":1383,"href":"https:\/\/agora.xtec.cat\/ceipmdsoldelpont\/wp-json\/wp\/v2\/posts\/990\/revisions\/1383"}],"wp:attachment":[{"href":"https:\/\/agora.xtec.cat\/ceipmdsoldelpont\/wp-json\/wp\/v2\/media?parent=990"}],"wp:term":[{"taxonomy":"category","embeddable":true,"href":"https:\/\/agora.xtec.cat\/ceipmdsoldelpont\/wp-json\/wp\/v2\/categories?post=990"},{"taxonomy":"post_tag","embeddable":true,"href":"https:\/\/agora.xtec.cat\/ceipmdsoldelpont\/wp-json\/wp\/v2\/tags?post=990"}],"curies":[{"name":"wp","href":"https:\/\/api.w.org\/{rel}","templated":true}]}}