{"id":3715,"date":"2025-11-21T12:59:35","date_gmt":"2025-11-21T11:59:35","guid":{"rendered":"https:\/\/agora.xtec.cat\/ceipmdsoldelpont\/?p=3715"},"modified":"2025-11-21T12:59:36","modified_gmt":"2025-11-21T11:59:36","slug":"drets-dels-infants","status":"publish","type":"post","link":"https:\/\/agora.xtec.cat\/ceipmdsoldelpont\/general\/drets-dels-infants\/","title":{"rendered":"Drets dels infants"},"content":{"rendered":"\n<p>A l\u2019escola hem celebrat el <strong>Dia Internacional dels Drets dels Infants<\/strong>, una data molt important que ens recorda que tots els nens i nenes del m\u00f3n tenen dret a cr\u00e9ixer feli\u00e7os, protegits i escoltats.<\/p>\n\n\n\n<p>Durant tota la setmana, a l\u2019entrada de l\u2019escola han sonat can\u00e7ons relacionades amb aquesta tem\u00e0tica, ajudant-nos a reflexionar sobre els valors de respecte, igualtat i conviv\u00e8ncia. Podeu escoltar la selecci\u00f3 musical que hem fet servir en aquest enlla\u00e7:<\/p>\n\n\n\n<p><a href=\"https:\/\/sites.google.com\/mdsoldelpont.cat\/musiques-entrada\/09-els-drets-dels-infants?authuser=0\" target=\"_blank\" rel=\"noreferrer noopener\"><em>Can\u00e7ons sobre els drets dels infants<\/em>: <\/a><\/p>\n\n\n\n<p><strong>Dijous a la tarda<\/strong>, tota l\u2019escola vam sortir a la pista per participar d\u2019un acte conjunt molt especial. Ens vam situar formant el dibuix d\u2019un <strong>colom<\/strong>, s\u00edmbol de pau i llibertat. Un cop preparat el mural hum\u00e0, vam llegir un <strong>manifest<\/strong> que recollia els drets fonamentals dels infants i la import\u00e0ncia de respectar-los en el dia a dia.<\/p>\n\n\n\n<p>Per acabar, vam cantar tots plegats la can\u00e7\u00f3 <strong>\u201cEls drets dels infants\u201d<\/strong> del grup <em>Xiula<\/em>, un tema que transmet energia, alegria i un missatge potent sobre la defensa de la inf\u00e0ncia.<\/p>\n\n\n\n<p>Un dron va enregistrar el moment des del cel i ja disposem d\u2019un <strong>v\u00eddeo i una fotografia espectaculars<\/strong> que mostren tota la comunitat educativa unida per una causa compartida.<\/p>\n\n\n\n<figure class=\"wp-block-embed is-type-video is-provider-youtube wp-block-embed-youtube wp-embed-aspect-16-9 wp-has-aspect-ratio\"><div class=\"wp-block-embed__wrapper\">\n<div class=\"ast-oembed-container \" style=\"height: 100%;\"><iframe loading=\"lazy\" title=\"Drets dels infants 2025 - Escola Mare de D\u00e9u del S\u00f2l del Pont\" width=\"500\" height=\"281\" src=\"https:\/\/www.youtube.com\/embed\/AWqFAsXyLWc?feature=oembed\" frameborder=\"0\" allow=\"accelerometer; autoplay; clipboard-write; encrypted-media; gyroscope; picture-in-picture; web-share\" referrerpolicy=\"strict-origin-when-cross-origin\" allowfullscreen><\/iframe><\/div>\n<\/div><\/figure>\n\n\n\n<p>Ha estat una celebraci\u00f3 plena de significat que ens recorda que, com a escola, tenim el comprom\u00eds de vetllar pel benestar, la protecci\u00f3 i la felicitat de tots els nostres infants.<\/p>\n\n\n\n<p><\/p>\n","protected":false},"excerpt":{"rendered":"<p>A l\u2019escola hem celebrat el Dia Internacional dels Drets dels Infants, una data molt important que ens recorda que tots [&hellip;]<\/p>\n","protected":false},"author":9,"featured_media":3719,"comment_status":"closed","ping_status":"open","sticky":false,"template":"","format":"standard","meta":{"_bbp_topic_count":0,"_bbp_reply_count":0,"_bbp_total_topic_count":0,"_bbp_total_reply_count":0,"_bbp_voice_count":0,"_bbp_anonymous_reply_count":0,"_bbp_topic_count_hidden":0,"_bbp_reply_count_hidden":0,"_bbp_forum_subforum_count":0,"site-sidebar-layout":"default","site-content-layout":"","ast-site-content-layout":"default","site-content-style":"default","site-sidebar-style":"default","ast-global-header-display":"","ast-banner-title-visibility":"","ast-main-header-display":"","ast-hfb-above-header-display":"","ast-hfb-below-header-display":"","ast-hfb-mobile-header-display":"","site-post-title":"","ast-breadcrumbs-content":"","ast-featured-img":"","footer-sml-layout":"","theme-transparent-header-meta":"","adv-header-id-meta":"","stick-header-meta":"","header-above-stick-meta":"","header-main-stick-meta":"","header-below-stick-meta":"","astra-migrate-meta-layouts":"set","ast-page-background-enabled":"default","ast-page-background-meta":{"desktop":{"background-color":"var(--ast-global-color-4)","background-image":"","background-repeat":"repeat","background-position":"center center","background-size":"auto","background-attachment":"scroll","background-type":"","background-media":"","overlay-type":"","overlay-color":"","overlay-opacity":"","overlay-gradient":""},"tablet":{"background-color":"","background-image":"","background-repeat":"repeat","background-position":"center center","background-size":"auto","background-attachment":"scroll","background-type":"","background-media":"","overlay-type":"","overlay-color":"","overlay-opacity":"","overlay-gradient":""},"mobile":{"background-color":"","background-image":"","background-repeat":"repeat","background-position":"center center","background-size":"auto","background-attachment":"scroll","background-type":"","background-media":"","overlay-type":"","overlay-color":"","overlay-opacity":"","overlay-gradient":""}},"ast-content-background-meta":{"desktop":{"background-color":"var(--ast-global-color-5)","background-image":"","background-repeat":"repeat","background-position":"center center","background-size":"auto","background-attachment":"scroll","background-type":"","background-media":"","overlay-type":"","overlay-color":"","overlay-opacity":"","overlay-gradient":""},"tablet":{"background-color":"var(--ast-global-color-5)","background-image":"","background-repeat":"repeat","background-position":"center center","background-size":"auto","background-attachment":"scroll","background-type":"","background-media":"","overlay-type":"","overlay-color":"","overlay-opacity":"","overlay-gradient":""},"mobile":{"background-color":"var(--ast-global-color-5)","background-image":"","background-repeat":"repeat","background-position":"center center","background-size":"auto","background-attachment":"scroll","background-type":"","background-media":"","overlay-type":"","overlay-color":"","overlay-opacity":"","overlay-gradient":""}},"footnotes":""},"categories":[1],"tags":[],"class_list":["post-3715","post","type-post","status-publish","format-standard","has-post-thumbnail","hentry","category-general"],"post_mailing_queue_ids":[],"_links":{"self":[{"href":"https:\/\/agora.xtec.cat\/ceipmdsoldelpont\/wp-json\/wp\/v2\/posts\/3715","targetHints":{"allow":["GET"]}}],"collection":[{"href":"https:\/\/agora.xtec.cat\/ceipmdsoldelpont\/wp-json\/wp\/v2\/posts"}],"about":[{"href":"https:\/\/agora.xtec.cat\/ceipmdsoldelpont\/wp-json\/wp\/v2\/types\/post"}],"author":[{"embeddable":true,"href":"https:\/\/agora.xtec.cat\/ceipmdsoldelpont\/wp-json\/wp\/v2\/users\/9"}],"replies":[{"embeddable":true,"href":"https:\/\/agora.xtec.cat\/ceipmdsoldelpont\/wp-json\/wp\/v2\/comments?post=3715"}],"version-history":[{"count":2,"href":"https:\/\/agora.xtec.cat\/ceipmdsoldelpont\/wp-json\/wp\/v2\/posts\/3715\/revisions"}],"predecessor-version":[{"id":3718,"href":"https:\/\/agora.xtec.cat\/ceipmdsoldelpont\/wp-json\/wp\/v2\/posts\/3715\/revisions\/3718"}],"wp:featuredmedia":[{"embeddable":true,"href":"https:\/\/agora.xtec.cat\/ceipmdsoldelpont\/wp-json\/wp\/v2\/media\/3719"}],"wp:attachment":[{"href":"https:\/\/agora.xtec.cat\/ceipmdsoldelpont\/wp-json\/wp\/v2\/media?parent=3715"}],"wp:term":[{"taxonomy":"category","embeddable":true,"href":"https:\/\/agora.xtec.cat\/ceipmdsoldelpont\/wp-json\/wp\/v2\/categories?post=3715"},{"taxonomy":"post_tag","embeddable":true,"href":"https:\/\/agora.xtec.cat\/ceipmdsoldelpont\/wp-json\/wp\/v2\/tags?post=3715"}],"curies":[{"name":"wp","href":"https:\/\/api.w.org\/{rel}","templated":true}]}}