{"id":3331,"date":"2025-06-02T08:59:16","date_gmt":"2025-06-02T06:59:16","guid":{"rendered":"https:\/\/agora.xtec.cat\/ceipmdsoldelpont\/?p=3331"},"modified":"2025-06-02T08:59:17","modified_gmt":"2025-06-02T06:59:17","slug":"concert-de-la-clika-a-torello","status":"publish","type":"post","link":"https:\/\/agora.xtec.cat\/ceipmdsoldelpont\/general\/concert-de-la-clika-a-torello\/","title":{"rendered":"Concert de la Clika a Torell\u00f3!"},"content":{"rendered":"\n<p>Ahir, diumenge 1 de juny, els alumnes de segon de prim\u00e0ria de la nostra escola van protagonitzar una actuaci\u00f3 memorable al Teatre Cirvianum de Torell\u00f3, interpretant la cantata <em>La Clika<\/em>.<\/p>\n\n\n\n<p>Aquest espectacle musical, impulsat per les Cases de la M\u00fasica, forma part d&#8217;un projecte educatiu que combina m\u00fasica i valors. Durant tot el curs, els nostres alumnes han treballat amb entusiasme les onze can\u00e7ons de la cantata, que promouen l&#8217;autoestima, l&#8217;amistat, la diversitat, l&#8217;ecologisme i la igualtat de g\u00e8nere. Les can\u00e7ons han estat compostes per membres dels grups Xiula, Gertrudis etc&#8230;<\/p>\n\n\n\n<p>L&#8217;actuaci\u00f3 al Teatre Cirvianum va ser el colof\u00f3 d&#8217;aquest treball, on els infants van interpretar les can\u00e7ons acompanyats per una banda de m\u00fasics professionals. L&#8217;energia i la il\u00b7lusi\u00f3 dels alumnes van contagiar el p\u00fablic assistent, que va gaudir d&#8217;un espectacle ple de m\u00fasica, dansa i valors.<\/p>\n\n\n\n<p>Agra\u00efm a tots els mestres, fam\u00edlies i col\u00b7laboradors que han fet possible aquesta experi\u00e8ncia enriquidora per als nostres alumnes. La participaci\u00f3 en <em>La Clika<\/em> ha estat una oportunitat \u00fanica per cr\u00e9ixer personalment i art\u00edsticament, i per compartir amb la comunitat educativa els fruits d&#8217;un curs ple d&#8217;aprenentatges.<\/p>\n\n\n\n<p>Podeu veure&#8217;n les fotos <a href=\"https:\/\/agora.xtec.cat\/ceipmdsoldelpont\/fotografies\/concert-de-la-clika-a-torello-fotos\/\">AQU\u00cd<\/a><\/p>\n\n\n\n<p><\/p>\n","protected":false},"excerpt":{"rendered":"<p>Ahir, diumenge 1 de juny, els alumnes de segon de prim\u00e0ria de la nostra escola van protagonitzar una actuaci\u00f3 memorable [&hellip;]<\/p>\n","protected":false},"author":1,"featured_media":3332,"comment_status":"closed","ping_status":"open","sticky":false,"template":"","format":"standard","meta":{"_bbp_topic_count":0,"_bbp_reply_count":0,"_bbp_total_topic_count":0,"_bbp_total_reply_count":0,"_bbp_voice_count":0,"_bbp_anonymous_reply_count":0,"_bbp_topic_count_hidden":0,"_bbp_reply_count_hidden":0,"_bbp_forum_subforum_count":0,"site-sidebar-layout":"default","site-content-layout":"","ast-site-content-layout":"default","site-content-style":"default","site-sidebar-style":"default","ast-global-header-display":"","ast-banner-title-visibility":"","ast-main-header-display":"","ast-hfb-above-header-display":"","ast-hfb-below-header-display":"","ast-hfb-mobile-header-display":"","site-post-title":"","ast-breadcrumbs-content":"","ast-featured-img":"","footer-sml-layout":"","theme-transparent-header-meta":"","adv-header-id-meta":"","stick-header-meta":"","header-above-stick-meta":"","header-main-stick-meta":"","header-below-stick-meta":"","astra-migrate-meta-layouts":"set","ast-page-background-enabled":"default","ast-page-background-meta":{"desktop":{"background-color":"var(--ast-global-color-4)","background-image":"","background-repeat":"repeat","background-position":"center center","background-size":"auto","background-attachment":"scroll","background-type":"","background-media":"","overlay-type":"","overlay-color":"","overlay-opacity":"","overlay-gradient":""},"tablet":{"background-color":"","background-image":"","background-repeat":"repeat","background-position":"center center","background-size":"auto","background-attachment":"scroll","background-type":"","background-media":"","overlay-type":"","overlay-color":"","overlay-opacity":"","overlay-gradient":""},"mobile":{"background-color":"","background-image":"","background-repeat":"repeat","background-position":"center center","background-size":"auto","background-attachment":"scroll","background-type":"","background-media":"","overlay-type":"","overlay-color":"","overlay-opacity":"","overlay-gradient":""}},"ast-content-background-meta":{"desktop":{"background-color":"var(--ast-global-color-5)","background-image":"","background-repeat":"repeat","background-position":"center center","background-size":"auto","background-attachment":"scroll","background-type":"","background-media":"","overlay-type":"","overlay-color":"","overlay-opacity":"","overlay-gradient":""},"tablet":{"background-color":"var(--ast-global-color-5)","background-image":"","background-repeat":"repeat","background-position":"center center","background-size":"auto","background-attachment":"scroll","background-type":"","background-media":"","overlay-type":"","overlay-color":"","overlay-opacity":"","overlay-gradient":""},"mobile":{"background-color":"var(--ast-global-color-5)","background-image":"","background-repeat":"repeat","background-position":"center center","background-size":"auto","background-attachment":"scroll","background-type":"","background-media":"","overlay-type":"","overlay-color":"","overlay-opacity":"","overlay-gradient":""}},"footnotes":""},"categories":[1,86,4],"tags":[],"class_list":["post-3331","post","type-post","status-publish","format-standard","has-post-thumbnail","hentry","category-general","category-segon","category-portada"],"post_mailing_queue_ids":[],"_links":{"self":[{"href":"https:\/\/agora.xtec.cat\/ceipmdsoldelpont\/wp-json\/wp\/v2\/posts\/3331","targetHints":{"allow":["GET"]}}],"collection":[{"href":"https:\/\/agora.xtec.cat\/ceipmdsoldelpont\/wp-json\/wp\/v2\/posts"}],"about":[{"href":"https:\/\/agora.xtec.cat\/ceipmdsoldelpont\/wp-json\/wp\/v2\/types\/post"}],"author":[{"embeddable":true,"href":"https:\/\/agora.xtec.cat\/ceipmdsoldelpont\/wp-json\/wp\/v2\/users\/1"}],"replies":[{"embeddable":true,"href":"https:\/\/agora.xtec.cat\/ceipmdsoldelpont\/wp-json\/wp\/v2\/comments?post=3331"}],"version-history":[{"count":1,"href":"https:\/\/agora.xtec.cat\/ceipmdsoldelpont\/wp-json\/wp\/v2\/posts\/3331\/revisions"}],"predecessor-version":[{"id":3333,"href":"https:\/\/agora.xtec.cat\/ceipmdsoldelpont\/wp-json\/wp\/v2\/posts\/3331\/revisions\/3333"}],"wp:featuredmedia":[{"embeddable":true,"href":"https:\/\/agora.xtec.cat\/ceipmdsoldelpont\/wp-json\/wp\/v2\/media\/3332"}],"wp:attachment":[{"href":"https:\/\/agora.xtec.cat\/ceipmdsoldelpont\/wp-json\/wp\/v2\/media?parent=3331"}],"wp:term":[{"taxonomy":"category","embeddable":true,"href":"https:\/\/agora.xtec.cat\/ceipmdsoldelpont\/wp-json\/wp\/v2\/categories?post=3331"},{"taxonomy":"post_tag","embeddable":true,"href":"https:\/\/agora.xtec.cat\/ceipmdsoldelpont\/wp-json\/wp\/v2\/tags?post=3331"}],"curies":[{"name":"wp","href":"https:\/\/api.w.org\/{rel}","templated":true}]}}