{"id":3022,"date":"2025-03-04T13:09:38","date_gmt":"2025-03-04T12:09:38","guid":{"rendered":"https:\/\/agora.xtec.cat\/ceipmdsoldelpont\/?p=3022"},"modified":"2025-03-04T13:13:29","modified_gmt":"2025-03-04T12:13:29","slug":"dijous-llarder-al-parc-de-la-font-de-la-teula","status":"publish","type":"post","link":"https:\/\/agora.xtec.cat\/ceipmdsoldelpont\/general\/dijous-llarder-al-parc-de-la-font-de-la-teula\/","title":{"rendered":"Dijous Llarder al Parc de la Font de la Teula"},"content":{"rendered":"\n<p>Els alumnes de cicle inicial han gaudit d\u2019una sortida especial per celebrar el Dijous Llarder al parc de la Font de la Teula de Roda de Ter. Hem jugat, explorat la natura i compartit un bon esmorzar tots junts. Ha estat una jornada plena de diversi\u00f3, conviv\u00e8ncia i tradici\u00f3. Els nens i nenes han pogut c\u00f3rrer, riure i descobrir l\u2019entorn mentre gaudien d\u2019un mat\u00ed diferent.<\/p>\n\n\n\n<p>\ud83d\udcf8 Les fam\u00edlies de P1 podeu veure totes les fotos de la <a href=\"https:\/\/agora.xtec.cat\/ceipmdsoldelpont\/fotografies\/dijous-llarder-fotografies-p1-2025\/\" target=\"_blank\" rel=\"noreferrer noopener\">sortida aqu\u00ed<\/a><\/p>\n\n\n\n<p>\ud83d\udcf8 Les fam\u00edlies de P2 podeu veure totes les fotos de la <a href=\"https:\/\/agora.xtec.cat\/ceipmdsoldelpont\/fotografies\/dijous-llarder-fotografies-p1-2025\/\" target=\"_blank\" rel=\"noreferrer noopener\">sortida aqu\u00ed<\/a><\/p>\n\n\n\n<figure class=\"wp-block-image aligncenter size-full\"><a href=\"https:\/\/agora.xtec.cat\/ceipmdsoldelpont\/wp-content\/uploads\/usu2326\/2025\/03\/Captura-de-pantalla-2025-03-04-130828.png\"><img loading=\"lazy\" decoding=\"async\" width=\"537\" height=\"717\" src=\"https:\/\/agora.xtec.cat\/ceipmdsoldelpont\/wp-content\/uploads\/usu2326\/2025\/03\/Captura-de-pantalla-2025-03-04-130828.png\" alt=\"\" class=\"wp-image-3027\" srcset=\"https:\/\/agora.xtec.cat\/ceipmdsoldelpont\/wp-content\/uploads\/usu2326\/2025\/03\/Captura-de-pantalla-2025-03-04-130828.png 537w, https:\/\/agora.xtec.cat\/ceipmdsoldelpont\/wp-content\/uploads\/usu2326\/2025\/03\/Captura-de-pantalla-2025-03-04-130828-225x300.png 225w\" sizes=\"auto, (max-width: 537px) 100vw, 537px\" \/><\/a><\/figure>\n","protected":false},"excerpt":{"rendered":"<p>Els alumnes de cicle inicial han gaudit d\u2019una sortida especial per celebrar el Dijous Llarder al parc de la Font [&hellip;]<\/p>\n","protected":false},"author":1,"featured_media":3027,"comment_status":"closed","ping_status":"open","sticky":false,"template":"","format":"standard","meta":{"_bbp_topic_count":0,"_bbp_reply_count":0,"_bbp_total_topic_count":0,"_bbp_total_reply_count":0,"_bbp_voice_count":0,"_bbp_anonymous_reply_count":0,"_bbp_topic_count_hidden":0,"_bbp_reply_count_hidden":0,"_bbp_forum_subforum_count":0,"site-sidebar-layout":"default","site-content-layout":"","ast-site-content-layout":"default","site-content-style":"default","site-sidebar-style":"default","ast-global-header-display":"","ast-banner-title-visibility":"","ast-main-header-display":"","ast-hfb-above-header-display":"","ast-hfb-below-header-display":"","ast-hfb-mobile-header-display":"","site-post-title":"","ast-breadcrumbs-content":"","ast-featured-img":"","footer-sml-layout":"","theme-transparent-header-meta":"","adv-header-id-meta":"","stick-header-meta":"","header-above-stick-meta":"","header-main-stick-meta":"","header-below-stick-meta":"","astra-migrate-meta-layouts":"set","ast-page-background-enabled":"default","ast-page-background-meta":{"desktop":{"background-color":"var(--ast-global-color-4)","background-image":"","background-repeat":"repeat","background-position":"center center","background-size":"auto","background-attachment":"scroll","background-type":"","background-media":"","overlay-type":"","overlay-color":"","overlay-opacity":"","overlay-gradient":""},"tablet":{"background-color":"","background-image":"","background-repeat":"repeat","background-position":"center center","background-size":"auto","background-attachment":"scroll","background-type":"","background-media":"","overlay-type":"","overlay-color":"","overlay-opacity":"","overlay-gradient":""},"mobile":{"background-color":"","background-image":"","background-repeat":"repeat","background-position":"center center","background-size":"auto","background-attachment":"scroll","background-type":"","background-media":"","overlay-type":"","overlay-color":"","overlay-opacity":"","overlay-gradient":""}},"ast-content-background-meta":{"desktop":{"background-color":"var(--ast-global-color-5)","background-image":"","background-repeat":"repeat","background-position":"center center","background-size":"auto","background-attachment":"scroll","background-type":"","background-media":"","overlay-type":"","overlay-color":"","overlay-opacity":"","overlay-gradient":""},"tablet":{"background-color":"var(--ast-global-color-5)","background-image":"","background-repeat":"repeat","background-position":"center center","background-size":"auto","background-attachment":"scroll","background-type":"","background-media":"","overlay-type":"","overlay-color":"","overlay-opacity":"","overlay-gradient":""},"mobile":{"background-color":"var(--ast-global-color-5)","background-image":"","background-repeat":"repeat","background-position":"center center","background-size":"auto","background-attachment":"scroll","background-type":"","background-media":"","overlay-type":"","overlay-color":"","overlay-opacity":"","overlay-gradient":""}},"footnotes":""},"categories":[1,80,86,4],"tags":[],"class_list":["post-3022","post","type-post","status-publish","format-standard","has-post-thumbnail","hentry","category-general","category-primer","category-segon","category-portada"],"post_mailing_queue_ids":[],"_links":{"self":[{"href":"https:\/\/agora.xtec.cat\/ceipmdsoldelpont\/wp-json\/wp\/v2\/posts\/3022","targetHints":{"allow":["GET"]}}],"collection":[{"href":"https:\/\/agora.xtec.cat\/ceipmdsoldelpont\/wp-json\/wp\/v2\/posts"}],"about":[{"href":"https:\/\/agora.xtec.cat\/ceipmdsoldelpont\/wp-json\/wp\/v2\/types\/post"}],"author":[{"embeddable":true,"href":"https:\/\/agora.xtec.cat\/ceipmdsoldelpont\/wp-json\/wp\/v2\/users\/1"}],"replies":[{"embeddable":true,"href":"https:\/\/agora.xtec.cat\/ceipmdsoldelpont\/wp-json\/wp\/v2\/comments?post=3022"}],"version-history":[{"count":2,"href":"https:\/\/agora.xtec.cat\/ceipmdsoldelpont\/wp-json\/wp\/v2\/posts\/3022\/revisions"}],"predecessor-version":[{"id":3030,"href":"https:\/\/agora.xtec.cat\/ceipmdsoldelpont\/wp-json\/wp\/v2\/posts\/3022\/revisions\/3030"}],"wp:featuredmedia":[{"embeddable":true,"href":"https:\/\/agora.xtec.cat\/ceipmdsoldelpont\/wp-json\/wp\/v2\/media\/3027"}],"wp:attachment":[{"href":"https:\/\/agora.xtec.cat\/ceipmdsoldelpont\/wp-json\/wp\/v2\/media?parent=3022"}],"wp:term":[{"taxonomy":"category","embeddable":true,"href":"https:\/\/agora.xtec.cat\/ceipmdsoldelpont\/wp-json\/wp\/v2\/categories?post=3022"},{"taxonomy":"post_tag","embeddable":true,"href":"https:\/\/agora.xtec.cat\/ceipmdsoldelpont\/wp-json\/wp\/v2\/tags?post=3022"}],"curies":[{"name":"wp","href":"https:\/\/api.w.org\/{rel}","templated":true}]}}