{"id":2972,"date":"2025-02-28T16:05:01","date_gmt":"2025-02-28T15:05:01","guid":{"rendered":"https:\/\/agora.xtec.cat\/ceipmdsoldelpont\/?p=2972"},"modified":"2025-04-28T16:09:17","modified_gmt":"2025-04-28T14:09:17","slug":"carnestoltes-2025","status":"publish","type":"post","link":"https:\/\/agora.xtec.cat\/ceipmdsoldelpont\/general\/carnestoltes-2025\/","title":{"rendered":"Carnestoltes 2025"},"content":{"rendered":"\n<figure class=\"wp-block-image aligncenter size-large is-resized\"><img loading=\"lazy\" decoding=\"async\" width=\"1024\" height=\"768\" src=\"https:\/\/agora.xtec.cat\/ceipmdsoldelpont\/wp-content\/uploads\/usu2326\/2025\/02\/IMG_7708-en-tamano-grande-1024x768.jpeg\" alt=\"Reina Carnestoltes 2025\" class=\"wp-image-2969\" style=\"width:478px;height:auto\" srcset=\"https:\/\/agora.xtec.cat\/ceipmdsoldelpont\/wp-content\/uploads\/usu2326\/2025\/02\/IMG_7708-en-tamano-grande-1024x768.jpeg 1024w, https:\/\/agora.xtec.cat\/ceipmdsoldelpont\/wp-content\/uploads\/usu2326\/2025\/02\/IMG_7708-en-tamano-grande-300x225.jpeg 300w, https:\/\/agora.xtec.cat\/ceipmdsoldelpont\/wp-content\/uploads\/usu2326\/2025\/02\/IMG_7708-en-tamano-grande-768x576.jpeg 768w, https:\/\/agora.xtec.cat\/ceipmdsoldelpont\/wp-content\/uploads\/usu2326\/2025\/02\/IMG_7708-en-tamano-grande.jpeg 1280w\" sizes=\"auto, (max-width: 1024px) 100vw, 1024px\" \/><\/figure>\n\n\n\n<p>Aquesta tarda ha vingut la Reina Carnestoltes a l&#8217;escola! Aquest ha estat el seu discurs on ens ha comunicat les consignes per la setmana vinent, del 3 al 7 de mar\u00e7.<\/p>\n\n\n\n<blockquote class=\"wp-block-quote is-layout-flow wp-block-quote-is-layout-flow\">\n<p>Nens i nenes de l&#8217;Escola Mare de D\u00e9u del S\u00f2l del Pont, ja soc aqu\u00ed! I aix\u00f2 vol dir&#8230; una festa sense fi!<\/p>\n\n\n\n<p>Perqu\u00e8 com ja sabeu, per Carnaval, jocs i rialles a bots i barrals!<\/p>\n\n\n\n<p>Feia un any que no ens v\u00e8iem, i com heu crescut! Nom\u00e9s espero i desitjo que aix\u00f2 no suposi que teniu vergonya per ballar i moure el cul!<\/p>\n\n\n\n<p>M&#8217;encanta, em fascina, m&#8217;apassiona, em flipa que aquest any el vostre tema sigui la Prehist\u00f2ria. Sabeu per qu\u00e8? Doncs perqu\u00e8 els inicis del Carnaval es remunten a llavors. Com penseu sin\u00f3 que v\u00e0rem sobreviure a aquells temps on trobaves perills a cada rac\u00f3? Doncs disfressant-nos!<\/p>\n\n\n\n<p>Quan s&#8217;acostava un animal perill\u00f3s ens cobr\u00edem amb una capa feta de fulles per amagar-nos. Quan vol\u00edem ca\u00e7ar ens pint\u00e0vem tot el cos amb fang per passar desapercebuts i atacar sense ser vistos.<\/p>\n\n\n\n<p>Ai si&#8230; quins temps aquells&#8230; B\u00e9, per\u00f2 no us penseu tampoc que tot era bo! Quan tenies un bon mal de queixal no hi havia dentistes. I quan tenies fred, vinga a picar pedres o a fregar pals&#8230; i no era pas f\u00e0cil. I tampoc hi havia cromos per jugar!<\/p>\n\n\n\n<p>Em sembla que m&#8217;estic empatollant una mica.  Anem al que us interessa de veritat:<\/p>\n\n\n\n<p>Teniu ganes de passar-ho b\u00e9? Voleu riure fins a no poder m\u00e9s? Voleu ballar fins que us facin mal tots els m\u00fasculs?<\/p>\n\n\n\n<p>Doncs aquesta \u00e9s la vostra setmana i per fer-ho haureu de complir les seg\u00fcents consignes:<\/p>\n\n\n\n<p><em>Dilluns:<\/em> Vine com si acabessis de sortir del llit! <strong>Dia del Pijama Party!<\/strong> \ud83d\udecf\ud83d\ude34<\/p>\n\n\n\n<p><em>Dimarts:<\/em> <strong>Glamur total!<\/strong> Que sembli que vas als \u00d2scars! \ud83c\udfa9\ud83d\udc57\u2728<\/p>\n\n\n\n<p><em>Dimecres: <\/em><strong>Superatletes en acci\u00f3!<\/strong> Vine vestit del teu esport preferit! \ud83c\udfc0\u26bd\ud83c\udfca\u200d\u2642\ufe0f<\/p>\n\n\n\n<p><em>Dijous: <\/em><strong>Creativitat sense l\u00edmits!<\/strong> Posa\u2019t la disfressa m\u00e9s esbojarrada o la que et vingui de gust! \ud83c\udfad\ud83e\udd29<\/p>\n\n\n\n<p><em>Divendres:<\/em> Pentinats salvatges cavern\u00edcoles! Com si no haguessis vist una pinta en 1.000 anys! \ud83e\udd81\ud83d\udca8<\/p>\n\n\n\n<p>Aix\u00ed doncs, jo, Reina Carnestoltes, declaro inaugurada la setmana m\u00e9s boja i divertida de l&#8217;any, on la gresca i xerinola no s&#8217;acaben mai!<\/p>\n\n\n\n<p><\/p>\n<\/blockquote>\n\n\n\n<div class=\"wp-block-getwid-images-slider has-arrows-inside has-dots-inside has-images-center has-cropped-images\"><div class=\"wp-block-getwid-images-slider__wrapper\" data-effect=\"slide\" data-slides-show=\"1\" data-slides-show-laptop=\"1\" data-slides-show-tablet=\"1\" data-slides-show-mobile=\"1\" data-slides-scroll=\"1\" data-autoplay=\"false\" data-pause-hover=\"false\" data-autoplay-speed=\"6000\" data-infinite=\"true\" data-animation-speed=\"800\" data-center-mode=\"false\" data-variable-width=\"false\" data-arrows=\"inside\" data-dots=\"inside\" data-spacing=\"none\"><div class=\"wp-block-getwid-images-slider__item\"><figure><img loading=\"lazy\" decoding=\"async\" width=\"1440\" height=\"1080\" src=\"https:\/\/agora.xtec.cat\/ceipmdsoldelpont\/wp-content\/uploads\/usu2326\/2025\/03\/DSC03101.jpg\" data-id=\"2982\" data-link=\"https:\/\/agora.xtec.cat\/ceipmdsoldelpont\/general\/carnestoltes-2025\/attachment\/dsc03101\/\" data-original-link=\"https:\/\/agora.xtec.cat\/ceipmdsoldelpont\/wp-content\/uploads\/usu2326\/2025\/03\/DSC03101.jpg\" class=\"wp-block-getwid-images-slider__image wp-image-2982\" srcset=\"https:\/\/agora.xtec.cat\/ceipmdsoldelpont\/wp-content\/uploads\/usu2326\/2025\/03\/DSC03101.jpg 1440w, https:\/\/agora.xtec.cat\/ceipmdsoldelpont\/wp-content\/uploads\/usu2326\/2025\/03\/DSC03101-300x225.jpg 300w, https:\/\/agora.xtec.cat\/ceipmdsoldelpont\/wp-content\/uploads\/usu2326\/2025\/03\/DSC03101-1024x768.jpg 1024w, https:\/\/agora.xtec.cat\/ceipmdsoldelpont\/wp-content\/uploads\/usu2326\/2025\/03\/DSC03101-768x576.jpg 768w\" sizes=\"auto, (max-width: 1440px) 100vw, 1440px\" \/><\/figure><\/div><div class=\"wp-block-getwid-images-slider__item\"><figure><img loading=\"lazy\" decoding=\"async\" width=\"1440\" height=\"1080\" src=\"https:\/\/agora.xtec.cat\/ceipmdsoldelpont\/wp-content\/uploads\/usu2326\/2025\/03\/DSC03104.jpg\" data-id=\"2983\" data-link=\"https:\/\/agora.xtec.cat\/ceipmdsoldelpont\/general\/carnestoltes-2025\/attachment\/dsc03104\/\" data-original-link=\"https:\/\/agora.xtec.cat\/ceipmdsoldelpont\/wp-content\/uploads\/usu2326\/2025\/03\/DSC03104.jpg\" class=\"wp-block-getwid-images-slider__image wp-image-2983\" srcset=\"https:\/\/agora.xtec.cat\/ceipmdsoldelpont\/wp-content\/uploads\/usu2326\/2025\/03\/DSC03104.jpg 1440w, https:\/\/agora.xtec.cat\/ceipmdsoldelpont\/wp-content\/uploads\/usu2326\/2025\/03\/DSC03104-300x225.jpg 300w, https:\/\/agora.xtec.cat\/ceipmdsoldelpont\/wp-content\/uploads\/usu2326\/2025\/03\/DSC03104-1024x768.jpg 1024w, https:\/\/agora.xtec.cat\/ceipmdsoldelpont\/wp-content\/uploads\/usu2326\/2025\/03\/DSC03104-768x576.jpg 768w\" sizes=\"auto, (max-width: 1440px) 100vw, 1440px\" \/><\/figure><\/div><div class=\"wp-block-getwid-images-slider__item\"><figure><img loading=\"lazy\" decoding=\"async\" width=\"1440\" height=\"1080\" src=\"https:\/\/agora.xtec.cat\/ceipmdsoldelpont\/wp-content\/uploads\/usu2326\/2025\/03\/DSC03120.jpg\" data-id=\"2985\" data-link=\"https:\/\/agora.xtec.cat\/ceipmdsoldelpont\/general\/carnestoltes-2025\/attachment\/dsc03120\/\" data-original-link=\"https:\/\/agora.xtec.cat\/ceipmdsoldelpont\/wp-content\/uploads\/usu2326\/2025\/03\/DSC03120.jpg\" class=\"wp-block-getwid-images-slider__image wp-image-2985\" srcset=\"https:\/\/agora.xtec.cat\/ceipmdsoldelpont\/wp-content\/uploads\/usu2326\/2025\/03\/DSC03120.jpg 1440w, https:\/\/agora.xtec.cat\/ceipmdsoldelpont\/wp-content\/uploads\/usu2326\/2025\/03\/DSC03120-300x225.jpg 300w, https:\/\/agora.xtec.cat\/ceipmdsoldelpont\/wp-content\/uploads\/usu2326\/2025\/03\/DSC03120-1024x768.jpg 1024w, https:\/\/agora.xtec.cat\/ceipmdsoldelpont\/wp-content\/uploads\/usu2326\/2025\/03\/DSC03120-768x576.jpg 768w\" sizes=\"auto, (max-width: 1440px) 100vw, 1440px\" \/><\/figure><\/div><div class=\"wp-block-getwid-images-slider__item\"><figure><img loading=\"lazy\" decoding=\"async\" width=\"1440\" height=\"1080\" src=\"https:\/\/agora.xtec.cat\/ceipmdsoldelpont\/wp-content\/uploads\/usu2326\/2025\/03\/DSC03122.jpg\" data-id=\"2986\" data-link=\"https:\/\/agora.xtec.cat\/ceipmdsoldelpont\/general\/carnestoltes-2025\/attachment\/dsc03122\/\" data-original-link=\"https:\/\/agora.xtec.cat\/ceipmdsoldelpont\/wp-content\/uploads\/usu2326\/2025\/03\/DSC03122.jpg\" class=\"wp-block-getwid-images-slider__image wp-image-2986\" srcset=\"https:\/\/agora.xtec.cat\/ceipmdsoldelpont\/wp-content\/uploads\/usu2326\/2025\/03\/DSC03122.jpg 1440w, https:\/\/agora.xtec.cat\/ceipmdsoldelpont\/wp-content\/uploads\/usu2326\/2025\/03\/DSC03122-300x225.jpg 300w, https:\/\/agora.xtec.cat\/ceipmdsoldelpont\/wp-content\/uploads\/usu2326\/2025\/03\/DSC03122-1024x768.jpg 1024w, https:\/\/agora.xtec.cat\/ceipmdsoldelpont\/wp-content\/uploads\/usu2326\/2025\/03\/DSC03122-768x576.jpg 768w\" sizes=\"auto, (max-width: 1440px) 100vw, 1440px\" \/><\/figure><\/div><div class=\"wp-block-getwid-images-slider__item\"><figure><img loading=\"lazy\" decoding=\"async\" width=\"1440\" height=\"1080\" src=\"https:\/\/agora.xtec.cat\/ceipmdsoldelpont\/wp-content\/uploads\/usu2326\/2025\/02\/DSC03192.jpg\" data-id=\"3139\" data-link=\"https:\/\/agora.xtec.cat\/ceipmdsoldelpont\/general\/carnestoltes-2025\/attachment\/dsc03192\/\" data-original-link=\"https:\/\/agora.xtec.cat\/ceipmdsoldelpont\/wp-content\/uploads\/usu2326\/2025\/02\/DSC03192.jpg\" class=\"wp-block-getwid-images-slider__image wp-image-3139\" srcset=\"https:\/\/agora.xtec.cat\/ceipmdsoldelpont\/wp-content\/uploads\/usu2326\/2025\/02\/DSC03192.jpg 1440w, https:\/\/agora.xtec.cat\/ceipmdsoldelpont\/wp-content\/uploads\/usu2326\/2025\/02\/DSC03192-300x225.jpg 300w, https:\/\/agora.xtec.cat\/ceipmdsoldelpont\/wp-content\/uploads\/usu2326\/2025\/02\/DSC03192-1024x768.jpg 1024w, https:\/\/agora.xtec.cat\/ceipmdsoldelpont\/wp-content\/uploads\/usu2326\/2025\/02\/DSC03192-768x576.jpg 768w\" sizes=\"auto, (max-width: 1440px) 100vw, 1440px\" \/><\/figure><\/div><\/div><\/div>\n","protected":false},"excerpt":{"rendered":"<p>Aquesta tarda ha vingut la Reina Carnestoltes a l&#8217;escola! Aquest ha estat el seu discurs on ens ha comunicat les [&hellip;]<\/p>\n","protected":false},"author":9,"featured_media":2969,"comment_status":"closed","ping_status":"open","sticky":false,"template":"","format":"standard","meta":{"_bbp_topic_count":0,"_bbp_reply_count":0,"_bbp_total_topic_count":0,"_bbp_total_reply_count":0,"_bbp_voice_count":0,"_bbp_anonymous_reply_count":0,"_bbp_topic_count_hidden":0,"_bbp_reply_count_hidden":0,"_bbp_forum_subforum_count":0,"site-sidebar-layout":"default","site-content-layout":"","ast-site-content-layout":"default","site-content-style":"default","site-sidebar-style":"default","ast-global-header-display":"","ast-banner-title-visibility":"","ast-main-header-display":"","ast-hfb-above-header-display":"","ast-hfb-below-header-display":"","ast-hfb-mobile-header-display":"","site-post-title":"","ast-breadcrumbs-content":"","ast-featured-img":"","footer-sml-layout":"","theme-transparent-header-meta":"","adv-header-id-meta":"","stick-header-meta":"","header-above-stick-meta":"","header-main-stick-meta":"","header-below-stick-meta":"","astra-migrate-meta-layouts":"set","ast-page-background-enabled":"default","ast-page-background-meta":{"desktop":{"background-color":"var(--ast-global-color-4)","background-image":"","background-repeat":"repeat","background-position":"center center","background-size":"auto","background-attachment":"scroll","background-type":"","background-media":"","overlay-type":"","overlay-color":"","overlay-opacity":"","overlay-gradient":""},"tablet":{"background-color":"","background-image":"","background-repeat":"repeat","background-position":"center center","background-size":"auto","background-attachment":"scroll","background-type":"","background-media":"","overlay-type":"","overlay-color":"","overlay-opacity":"","overlay-gradient":""},"mobile":{"background-color":"","background-image":"","background-repeat":"repeat","background-position":"center center","background-size":"auto","background-attachment":"scroll","background-type":"","background-media":"","overlay-type":"","overlay-color":"","overlay-opacity":"","overlay-gradient":""}},"ast-content-background-meta":{"desktop":{"background-color":"var(--ast-global-color-5)","background-image":"","background-repeat":"repeat","background-position":"center center","background-size":"auto","background-attachment":"scroll","background-type":"","background-media":"","overlay-type":"","overlay-color":"","overlay-opacity":"","overlay-gradient":""},"tablet":{"background-color":"var(--ast-global-color-5)","background-image":"","background-repeat":"repeat","background-position":"center center","background-size":"auto","background-attachment":"scroll","background-type":"","background-media":"","overlay-type":"","overlay-color":"","overlay-opacity":"","overlay-gradient":""},"mobile":{"background-color":"var(--ast-global-color-5)","background-image":"","background-repeat":"repeat","background-position":"center center","background-size":"auto","background-attachment":"scroll","background-type":"","background-media":"","overlay-type":"","overlay-color":"","overlay-opacity":"","overlay-gradient":""}},"footnotes":""},"categories":[1,73,75],"tags":[185,198,99,102],"class_list":["post-2972","post","type-post","status-publish","format-standard","has-post-thumbnail","hentry","category-general","category-infantil","category-primaria","tag-24-25","tag-carnaval","tag-infantil","tag-primaria"],"post_mailing_queue_ids":[],"_links":{"self":[{"href":"https:\/\/agora.xtec.cat\/ceipmdsoldelpont\/wp-json\/wp\/v2\/posts\/2972","targetHints":{"allow":["GET"]}}],"collection":[{"href":"https:\/\/agora.xtec.cat\/ceipmdsoldelpont\/wp-json\/wp\/v2\/posts"}],"about":[{"href":"https:\/\/agora.xtec.cat\/ceipmdsoldelpont\/wp-json\/wp\/v2\/types\/post"}],"author":[{"embeddable":true,"href":"https:\/\/agora.xtec.cat\/ceipmdsoldelpont\/wp-json\/wp\/v2\/users\/9"}],"replies":[{"embeddable":true,"href":"https:\/\/agora.xtec.cat\/ceipmdsoldelpont\/wp-json\/wp\/v2\/comments?post=2972"}],"version-history":[{"count":5,"href":"https:\/\/agora.xtec.cat\/ceipmdsoldelpont\/wp-json\/wp\/v2\/posts\/2972\/revisions"}],"predecessor-version":[{"id":3141,"href":"https:\/\/agora.xtec.cat\/ceipmdsoldelpont\/wp-json\/wp\/v2\/posts\/2972\/revisions\/3141"}],"wp:featuredmedia":[{"embeddable":true,"href":"https:\/\/agora.xtec.cat\/ceipmdsoldelpont\/wp-json\/wp\/v2\/media\/2969"}],"wp:attachment":[{"href":"https:\/\/agora.xtec.cat\/ceipmdsoldelpont\/wp-json\/wp\/v2\/media?parent=2972"}],"wp:term":[{"taxonomy":"category","embeddable":true,"href":"https:\/\/agora.xtec.cat\/ceipmdsoldelpont\/wp-json\/wp\/v2\/categories?post=2972"},{"taxonomy":"post_tag","embeddable":true,"href":"https:\/\/agora.xtec.cat\/ceipmdsoldelpont\/wp-json\/wp\/v2\/tags?post=2972"}],"curies":[{"name":"wp","href":"https:\/\/api.w.org\/{rel}","templated":true}]}}