{"id":2566,"date":"2024-11-07T13:00:52","date_gmt":"2024-11-07T12:00:52","guid":{"rendered":"https:\/\/agora.xtec.cat\/ceipmdsoldelpont\/?p=2566"},"modified":"2024-11-16T18:14:24","modified_gmt":"2024-11-16T17:14:24","slug":"sessio-sobre-mobilitat-segura","status":"publish","type":"post","link":"https:\/\/agora.xtec.cat\/ceipmdsoldelpont\/infantil\/i5\/sessio-sobre-mobilitat-segura\/","title":{"rendered":"SESSI\u00d3 SOBRE MOVILITAT SEGURA A I5"},"content":{"rendered":"<p>Aquest mat\u00ed hem tingut la visita d&#8217;en Joan, Mosso d&#8217;Esquadra de Tr\u00e0nsit. En aquesta sessi\u00f3 hem parlat sobre qu\u00e8 s&#8217;ha de fer quan anem pel carrer per no c\u00f3rrer riscos i no patir accidents. Moltes coses ja les sab\u00edem i ens ha servit per recordar-les, ja que s\u00f3n molt importants: per exemple, que hem d&#8217;anar agafats de la m\u00e0 dels pares o adults, que per travessar el carrer hem de passar pel pas de vianants, que hem de mirar a banda i banda del carrer abans de creuar, que quan anem amb cotxe hem de posar-nos el cintur\u00f3 de seguretat&#8230;<\/p>\n<p style=\"text-align: center\"><a href=\"https:\/\/agora.xtec.cat\/ceipmdsoldelpont\/general\/sessio-sobre-movilitat-segura-a-i5\/\"><img loading=\"lazy\" decoding=\"async\" class=\"alignnone size-medium wp-image-2567\" src=\"https:\/\/agora.xtec.cat\/ceipmdsoldelpont\/wp-content\/uploads\/usu2326\/2024\/11\/movilitat-segura-300x225.jpg\" alt=\"\" width=\"300\" height=\"225\" srcset=\"https:\/\/agora.xtec.cat\/ceipmdsoldelpont\/wp-content\/uploads\/usu2326\/2024\/11\/movilitat-segura-300x225.jpg 300w, https:\/\/agora.xtec.cat\/ceipmdsoldelpont\/wp-content\/uploads\/usu2326\/2024\/11\/movilitat-segura-1024x768.jpg 1024w, https:\/\/agora.xtec.cat\/ceipmdsoldelpont\/wp-content\/uploads\/usu2326\/2024\/11\/movilitat-segura-768x576.jpg 768w, https:\/\/agora.xtec.cat\/ceipmdsoldelpont\/wp-content\/uploads\/usu2326\/2024\/11\/movilitat-segura-1536x1152.jpg 1536w, https:\/\/agora.xtec.cat\/ceipmdsoldelpont\/wp-content\/uploads\/usu2326\/2024\/11\/movilitat-segura-2048x1536.jpg 2048w, https:\/\/agora.xtec.cat\/ceipmdsoldelpont\/wp-content\/uploads\/usu2326\/2024\/11\/movilitat-segura-200x150.jpg 200w\" sizes=\"auto, (max-width: 300px) 100vw, 300px\" \/><\/a><\/p>\n","protected":false},"excerpt":{"rendered":"<p>Aquest mat\u00ed hem tingut la visita d&#8217;en Joan, Mosso d&#8217;Esquadra de Tr\u00e0nsit. En aquesta sessi\u00f3 hem parlat sobre qu\u00e8 s&#8217;ha [&hellip;]<\/p>\n","protected":false},"author":5,"featured_media":0,"comment_status":"closed","ping_status":"closed","sticky":false,"template":"","format":"standard","meta":{"_bbp_topic_count":0,"_bbp_reply_count":0,"_bbp_total_topic_count":0,"_bbp_total_reply_count":0,"_bbp_voice_count":0,"_bbp_anonymous_reply_count":0,"_bbp_topic_count_hidden":0,"_bbp_reply_count_hidden":0,"_bbp_forum_subforum_count":0,"site-sidebar-layout":"default","site-content-layout":"","ast-site-content-layout":"","site-content-style":"default","site-sidebar-style":"default","ast-global-header-display":"","ast-banner-title-visibility":"","ast-main-header-display":"","ast-hfb-above-header-display":"","ast-hfb-below-header-display":"","ast-hfb-mobile-header-display":"","site-post-title":"","ast-breadcrumbs-content":"","ast-featured-img":"","footer-sml-layout":"","theme-transparent-header-meta":"","adv-header-id-meta":"","stick-header-meta":"","header-above-stick-meta":"","header-main-stick-meta":"","header-below-stick-meta":"","astra-migrate-meta-layouts":"default","ast-page-background-enabled":"default","ast-page-background-meta":{"desktop":{"background-color":"var(--ast-global-color-4)","background-image":"","background-repeat":"repeat","background-position":"center center","background-size":"auto","background-attachment":"scroll","background-type":"","background-media":"","overlay-type":"","overlay-color":"","overlay-opacity":"","overlay-gradient":""},"tablet":{"background-color":"","background-image":"","background-repeat":"repeat","background-position":"center center","background-size":"auto","background-attachment":"scroll","background-type":"","background-media":"","overlay-type":"","overlay-color":"","overlay-opacity":"","overlay-gradient":""},"mobile":{"background-color":"","background-image":"","background-repeat":"repeat","background-position":"center center","background-size":"auto","background-attachment":"scroll","background-type":"","background-media":"","overlay-type":"","overlay-color":"","overlay-opacity":"","overlay-gradient":""}},"ast-content-background-meta":{"desktop":{"background-color":"var(--ast-global-color-5)","background-image":"","background-repeat":"repeat","background-position":"center center","background-size":"auto","background-attachment":"scroll","background-type":"","background-media":"","overlay-type":"","overlay-color":"","overlay-opacity":"","overlay-gradient":""},"tablet":{"background-color":"var(--ast-global-color-5)","background-image":"","background-repeat":"repeat","background-position":"center center","background-size":"auto","background-attachment":"scroll","background-type":"","background-media":"","overlay-type":"","overlay-color":"","overlay-opacity":"","overlay-gradient":""},"mobile":{"background-color":"var(--ast-global-color-5)","background-image":"","background-repeat":"repeat","background-position":"center center","background-size":"auto","background-attachment":"scroll","background-type":"","background-media":"","overlay-type":"","overlay-color":"","overlay-opacity":"","overlay-gradient":""}},"footnotes":""},"categories":[79],"tags":[189,120,99,190],"class_list":["post-2566","post","type-post","status-publish","format-standard","hentry","category-i5","tag-2024-25","tag-i5","tag-infantil","tag-movilitat-segura"],"post_mailing_queue_ids":[],"_links":{"self":[{"href":"https:\/\/agora.xtec.cat\/ceipmdsoldelpont\/wp-json\/wp\/v2\/posts\/2566","targetHints":{"allow":["GET"]}}],"collection":[{"href":"https:\/\/agora.xtec.cat\/ceipmdsoldelpont\/wp-json\/wp\/v2\/posts"}],"about":[{"href":"https:\/\/agora.xtec.cat\/ceipmdsoldelpont\/wp-json\/wp\/v2\/types\/post"}],"author":[{"embeddable":true,"href":"https:\/\/agora.xtec.cat\/ceipmdsoldelpont\/wp-json\/wp\/v2\/users\/5"}],"replies":[{"embeddable":true,"href":"https:\/\/agora.xtec.cat\/ceipmdsoldelpont\/wp-json\/wp\/v2\/comments?post=2566"}],"version-history":[{"count":4,"href":"https:\/\/agora.xtec.cat\/ceipmdsoldelpont\/wp-json\/wp\/v2\/posts\/2566\/revisions"}],"predecessor-version":[{"id":2574,"href":"https:\/\/agora.xtec.cat\/ceipmdsoldelpont\/wp-json\/wp\/v2\/posts\/2566\/revisions\/2574"}],"wp:attachment":[{"href":"https:\/\/agora.xtec.cat\/ceipmdsoldelpont\/wp-json\/wp\/v2\/media?parent=2566"}],"wp:term":[{"taxonomy":"category","embeddable":true,"href":"https:\/\/agora.xtec.cat\/ceipmdsoldelpont\/wp-json\/wp\/v2\/categories?post=2566"},{"taxonomy":"post_tag","embeddable":true,"href":"https:\/\/agora.xtec.cat\/ceipmdsoldelpont\/wp-json\/wp\/v2\/tags?post=2566"}],"curies":[{"name":"wp","href":"https:\/\/api.w.org\/{rel}","templated":true}]}}