{"id":2161,"date":"2024-06-27T12:53:53","date_gmt":"2024-06-27T10:53:53","guid":{"rendered":"https:\/\/agora.xtec.cat\/ceipmdsoldelpont\/?p=2161"},"modified":"2024-10-08T13:51:02","modified_gmt":"2024-10-08T11:51:02","slug":"consell-dinfants-2","status":"publish","type":"post","link":"https:\/\/agora.xtec.cat\/ceipmdsoldelpont\/general\/consell-dinfants-2\/","title":{"rendered":"Consell d&#8217;infants"},"content":{"rendered":"<p><a href=\"https:\/\/agora.xtec.cat\/ceipmdsoldelpont\/general\/consell-dinfants\/\" target=\"_blank\" rel=\"noopener\"><img loading=\"lazy\" decoding=\"async\" class=\"wp-image-2164 aligncenter\" src=\"https:\/\/agora.xtec.cat\/ceipmdsoldelpont\/wp-content\/uploads\/usu2326\/2024\/06\/WhatsApp-Image-2024-04-23-at-12.42.30-1024x845.jpeg\" alt=\"\" width=\"418\" height=\"345\" srcset=\"https:\/\/agora.xtec.cat\/ceipmdsoldelpont\/wp-content\/uploads\/usu2326\/2024\/06\/WhatsApp-Image-2024-04-23-at-12.42.30-1024x845.jpeg 1024w, https:\/\/agora.xtec.cat\/ceipmdsoldelpont\/wp-content\/uploads\/usu2326\/2024\/06\/WhatsApp-Image-2024-04-23-at-12.42.30-300x248.jpeg 300w, https:\/\/agora.xtec.cat\/ceipmdsoldelpont\/wp-content\/uploads\/usu2326\/2024\/06\/WhatsApp-Image-2024-04-23-at-12.42.30-768x634.jpeg 768w, https:\/\/agora.xtec.cat\/ceipmdsoldelpont\/wp-content\/uploads\/usu2326\/2024\/06\/WhatsApp-Image-2024-04-23-at-12.42.30-1536x1268.jpeg 1536w, https:\/\/agora.xtec.cat\/ceipmdsoldelpont\/wp-content\/uploads\/usu2326\/2024\/06\/WhatsApp-Image-2024-04-23-at-12.42.30.jpeg 2048w\" sizes=\"auto, (max-width: 418px) 100vw, 418px\" \/><\/a><\/p>\n<p>El Consell d\u2019Infants de Roda de Ter \u00e9s un grup de nens i nenes de 5\u00e8 i 6\u00e8 de prim\u00e0ria, que a trav\u00e9s de votacions de l\u2019alumnat dels seus respectius cursos de les escoles Emili Teixidor i Mare de D\u00e9u del Sol del Pont, van ser escollits i escollides per representar a tots els infants de la seva poblaci\u00f3 i poder aportar la seva mirada dins l\u2019administraci\u00f3 local.\u00a0Va iniciar les seves tasques amb els representants dels amb moltes ganes i motivaci\u00f3. El dia 11 d&#8217;abril es va fer l&#8217;acte de constituci\u00f3.<\/p>\n<p>Aquest any s&#8217;ha fet un proc\u00e9s participatiu per crear el logotip i s&#8217;ha participat en el Projecte Pla\u00e7a x Pla\u00e7a.<\/p>\n<p>Ha estat un any ple de reptes, propostes innovadores i ganes de fer de Roda de Ter un espai on els infants tenen veu i passen a l\u2019acci\u00f3. Aquesta tasca ha estat possible gr\u00e0cies al treball conjunt i coordinaci\u00f3 entre escoles, infants i Ajuntament. Un any m\u00e9s apostant per la participaci\u00f3 infantil.<\/p>\n<p>Si voleu veure les fotos cliqueu a la imatge.<\/p>\n<p>&nbsp;<\/p>\n","protected":false},"excerpt":{"rendered":"<p>El Consell d\u2019Infants de Roda de Ter \u00e9s un grup de nens i nenes de 5\u00e8 i 6\u00e8 de prim\u00e0ria, [&hellip;]<\/p>\n","protected":false},"author":4,"featured_media":0,"comment_status":"open","ping_status":"closed","sticky":false,"template":"","format":"standard","meta":{"_bbp_topic_count":0,"_bbp_reply_count":0,"_bbp_total_topic_count":0,"_bbp_total_reply_count":0,"_bbp_voice_count":0,"_bbp_anonymous_reply_count":0,"_bbp_topic_count_hidden":0,"_bbp_reply_count_hidden":0,"_bbp_forum_subforum_count":0,"site-sidebar-layout":"default","site-content-layout":"","ast-site-content-layout":"","site-content-style":"default","site-sidebar-style":"default","ast-global-header-display":"","ast-banner-title-visibility":"","ast-main-header-display":"","ast-hfb-above-header-display":"","ast-hfb-below-header-display":"","ast-hfb-mobile-header-display":"","site-post-title":"","ast-breadcrumbs-content":"","ast-featured-img":"","footer-sml-layout":"","theme-transparent-header-meta":"","adv-header-id-meta":"","stick-header-meta":"","header-above-stick-meta":"","header-main-stick-meta":"","header-below-stick-meta":"","astra-migrate-meta-layouts":"default","ast-page-background-enabled":"default","ast-page-background-meta":{"desktop":{"background-color":"var(--ast-global-color-4)","background-image":"","background-repeat":"repeat","background-position":"center center","background-size":"auto","background-attachment":"scroll","background-type":"","background-media":"","overlay-type":"","overlay-color":"","overlay-opacity":"","overlay-gradient":""},"tablet":{"background-color":"","background-image":"","background-repeat":"repeat","background-position":"center center","background-size":"auto","background-attachment":"scroll","background-type":"","background-media":"","overlay-type":"","overlay-color":"","overlay-opacity":"","overlay-gradient":""},"mobile":{"background-color":"","background-image":"","background-repeat":"repeat","background-position":"center center","background-size":"auto","background-attachment":"scroll","background-type":"","background-media":"","overlay-type":"","overlay-color":"","overlay-opacity":"","overlay-gradient":""}},"ast-content-background-meta":{"desktop":{"background-color":"var(--ast-global-color-5)","background-image":"","background-repeat":"repeat","background-position":"center center","background-size":"auto","background-attachment":"scroll","background-type":"","background-media":"","overlay-type":"","overlay-color":"","overlay-opacity":"","overlay-gradient":""},"tablet":{"background-color":"var(--ast-global-color-5)","background-image":"","background-repeat":"repeat","background-position":"center center","background-size":"auto","background-attachment":"scroll","background-type":"","background-media":"","overlay-type":"","overlay-color":"","overlay-opacity":"","overlay-gradient":""},"mobile":{"background-color":"var(--ast-global-color-5)","background-image":"","background-repeat":"repeat","background-position":"center center","background-size":"auto","background-attachment":"scroll","background-type":"","background-media":"","overlay-type":"","overlay-color":"","overlay-opacity":"","overlay-gradient":""}},"footnotes":""},"categories":[1,88,89,75],"tags":[100,109,141,91,143,102],"class_list":["post-2161","post","type-post","status-publish","format-standard","hentry","category-general","category-cinque","category-sise","category-primaria","tag-23-24","tag-ajuntament","tag-cicle-superior","tag-p5","tag-p6","tag-primaria"],"post_mailing_queue_ids":[],"_links":{"self":[{"href":"https:\/\/agora.xtec.cat\/ceipmdsoldelpont\/wp-json\/wp\/v2\/posts\/2161","targetHints":{"allow":["GET"]}}],"collection":[{"href":"https:\/\/agora.xtec.cat\/ceipmdsoldelpont\/wp-json\/wp\/v2\/posts"}],"about":[{"href":"https:\/\/agora.xtec.cat\/ceipmdsoldelpont\/wp-json\/wp\/v2\/types\/post"}],"author":[{"embeddable":true,"href":"https:\/\/agora.xtec.cat\/ceipmdsoldelpont\/wp-json\/wp\/v2\/users\/4"}],"replies":[{"embeddable":true,"href":"https:\/\/agora.xtec.cat\/ceipmdsoldelpont\/wp-json\/wp\/v2\/comments?post=2161"}],"version-history":[{"count":1,"href":"https:\/\/agora.xtec.cat\/ceipmdsoldelpont\/wp-json\/wp\/v2\/posts\/2161\/revisions"}],"predecessor-version":[{"id":2165,"href":"https:\/\/agora.xtec.cat\/ceipmdsoldelpont\/wp-json\/wp\/v2\/posts\/2161\/revisions\/2165"}],"wp:attachment":[{"href":"https:\/\/agora.xtec.cat\/ceipmdsoldelpont\/wp-json\/wp\/v2\/media?parent=2161"}],"wp:term":[{"taxonomy":"category","embeddable":true,"href":"https:\/\/agora.xtec.cat\/ceipmdsoldelpont\/wp-json\/wp\/v2\/categories?post=2161"},{"taxonomy":"post_tag","embeddable":true,"href":"https:\/\/agora.xtec.cat\/ceipmdsoldelpont\/wp-json\/wp\/v2\/tags?post=2161"}],"curies":[{"name":"wp","href":"https:\/\/api.w.org\/{rel}","templated":true}]}}