{"id":1997,"date":"2024-05-27T13:28:08","date_gmt":"2024-05-27T11:28:08","guid":{"rendered":"https:\/\/agora.xtec.cat\/ceipmdsoldelpont\/?p=1997"},"modified":"2024-05-27T13:31:10","modified_gmt":"2024-05-27T11:31:10","slug":"congres-de-la-ciencia","status":"publish","type":"post","link":"https:\/\/agora.xtec.cat\/ceipmdsoldelpont\/general\/congres-de-la-ciencia\/","title":{"rendered":"Congr\u00e9s de la Ci\u00e8ncia: Qu\u00e8 necessiten les plantes per viure?"},"content":{"rendered":"<p><a href=\"https:\/\/agora.xtec.cat\/ceipmdsoldelpont\/general\/preparacio-congres-de-la-ciencia\/\"><img loading=\"lazy\" decoding=\"async\" class=\"wp-image-1998 aligncenter\" src=\"https:\/\/agora.xtec.cat\/ceipmdsoldelpont\/wp-content\/uploads\/usu2326\/2024\/05\/678401a4-2b76-4c6e-a881-3c1975412bf8-1024x629.jpg\" alt=\"\" width=\"547\" height=\"336\" srcset=\"https:\/\/agora.xtec.cat\/ceipmdsoldelpont\/wp-content\/uploads\/usu2326\/2024\/05\/678401a4-2b76-4c6e-a881-3c1975412bf8-1024x629.jpg 1024w, https:\/\/agora.xtec.cat\/ceipmdsoldelpont\/wp-content\/uploads\/usu2326\/2024\/05\/678401a4-2b76-4c6e-a881-3c1975412bf8-300x184.jpg 300w, https:\/\/agora.xtec.cat\/ceipmdsoldelpont\/wp-content\/uploads\/usu2326\/2024\/05\/678401a4-2b76-4c6e-a881-3c1975412bf8-768x472.jpg 768w, https:\/\/agora.xtec.cat\/ceipmdsoldelpont\/wp-content\/uploads\/usu2326\/2024\/05\/678401a4-2b76-4c6e-a881-3c1975412bf8.jpg 1109w\" sizes=\"auto, (max-width: 547px) 100vw, 547px\" \/><\/a><\/p>\n<p>El passat dijous 23 de maig vam anar a l&#8217;Aula Magna de la Universitat de Vic a presentar el projecte que vam estar fent al llarg del 2n trimestre sobre les plantes. Ens pregunt\u00e0vem: Qu\u00e8 necessiten les plantes per viure?<\/p>\n<p>A continuaci\u00f3, podeu veure el v\u00eddeo de l&#8217;exposici\u00f3 del projecte que vam presentar. A tothom li va agradar molt i ens han demanat si podem compartir el nostre projecte amb la Universitat. Esperem que us agradi! Cliqueu la imatge per veure com ha estat el dia del Congr\u00e9s.<\/p>\n<p><a href=\"https:\/\/drive.google.com\/file\/d\/1Yw1guEZMsExB9PPvm9tUf8DKcH4YTbMa\/view?usp=drive_link\">Presentaci\u00f3 de les plantes (Aula Magna)<\/a><\/p>\n<p><a href=\"https:\/\/drive.google.com\/file\/d\/1JmcjTCYyKbzE_HjEKuBsXPQXNdh4ctq-\/view?usp=drive_link\">Presentaci\u00f3 de les plantes (Primer pla)<\/a><\/p>\n<p><a href=\"https:\/\/drive.google.com\/file\/d\/18y3GgzqwFxho292FsjL1JPMMYH4ir5JJ\/view?usp=drive_link\">Presentaci\u00f3 PDF de les plantes<\/a><\/p>\n","protected":false},"excerpt":{"rendered":"<p>El passat dijous 23 de maig vam anar a l&#8217;Aula Magna de la Universitat de Vic a presentar el projecte [&hellip;]<\/p>\n","protected":false},"author":1,"featured_media":1998,"comment_status":"closed","ping_status":"closed","sticky":false,"template":"","format":"standard","meta":{"_bbp_topic_count":0,"_bbp_reply_count":0,"_bbp_total_topic_count":0,"_bbp_total_reply_count":0,"_bbp_voice_count":0,"_bbp_anonymous_reply_count":0,"_bbp_topic_count_hidden":0,"_bbp_reply_count_hidden":0,"_bbp_forum_subforum_count":0,"site-sidebar-layout":"default","site-content-layout":"","ast-site-content-layout":"","site-content-style":"default","site-sidebar-style":"default","ast-global-header-display":"","ast-banner-title-visibility":"","ast-main-header-display":"","ast-hfb-above-header-display":"","ast-hfb-below-header-display":"","ast-hfb-mobile-header-display":"","site-post-title":"","ast-breadcrumbs-content":"","ast-featured-img":"","footer-sml-layout":"","theme-transparent-header-meta":"","adv-header-id-meta":"","stick-header-meta":"","header-above-stick-meta":"","header-main-stick-meta":"","header-below-stick-meta":"","astra-migrate-meta-layouts":"default","ast-page-background-enabled":"default","ast-page-background-meta":{"desktop":{"background-color":"var(--ast-global-color-4)","background-image":"","background-repeat":"repeat","background-position":"center center","background-size":"auto","background-attachment":"scroll","background-type":"","background-media":"","overlay-type":"","overlay-color":"","overlay-opacity":"","overlay-gradient":""},"tablet":{"background-color":"","background-image":"","background-repeat":"repeat","background-position":"center center","background-size":"auto","background-attachment":"scroll","background-type":"","background-media":"","overlay-type":"","overlay-color":"","overlay-opacity":"","overlay-gradient":""},"mobile":{"background-color":"","background-image":"","background-repeat":"repeat","background-position":"center center","background-size":"auto","background-attachment":"scroll","background-type":"","background-media":"","overlay-type":"","overlay-color":"","overlay-opacity":"","overlay-gradient":""}},"ast-content-background-meta":{"desktop":{"background-color":"var(--ast-global-color-5)","background-image":"","background-repeat":"repeat","background-position":"center center","background-size":"auto","background-attachment":"scroll","background-type":"","background-media":"","overlay-type":"","overlay-color":"","overlay-opacity":"","overlay-gradient":""},"tablet":{"background-color":"var(--ast-global-color-5)","background-image":"","background-repeat":"repeat","background-position":"center center","background-size":"auto","background-attachment":"scroll","background-type":"","background-media":"","overlay-type":"","overlay-color":"","overlay-opacity":"","overlay-gradient":""},"mobile":{"background-color":"var(--ast-global-color-5)","background-image":"","background-repeat":"repeat","background-position":"center center","background-size":"auto","background-attachment":"scroll","background-type":"","background-media":"","overlay-type":"","overlay-color":"","overlay-opacity":"","overlay-gradient":""}},"footnotes":""},"categories":[1,86,4,75],"tags":[100,175,173,174,101,135,102,176],"class_list":["post-1997","post","type-post","status-publish","format-standard","has-post-thumbnail","hentry","category-general","category-segon","category-portada","category-primaria","tag-23-24","tag-cientifics","tag-congres-de-les-ciencies","tag-medi","tag-p2","tag-plantes","tag-primaria","tag-universitat-de-vic"],"post_mailing_queue_ids":[],"_links":{"self":[{"href":"https:\/\/agora.xtec.cat\/ceipmdsoldelpont\/wp-json\/wp\/v2\/posts\/1997","targetHints":{"allow":["GET"]}}],"collection":[{"href":"https:\/\/agora.xtec.cat\/ceipmdsoldelpont\/wp-json\/wp\/v2\/posts"}],"about":[{"href":"https:\/\/agora.xtec.cat\/ceipmdsoldelpont\/wp-json\/wp\/v2\/types\/post"}],"author":[{"embeddable":true,"href":"https:\/\/agora.xtec.cat\/ceipmdsoldelpont\/wp-json\/wp\/v2\/users\/1"}],"replies":[{"embeddable":true,"href":"https:\/\/agora.xtec.cat\/ceipmdsoldelpont\/wp-json\/wp\/v2\/comments?post=1997"}],"version-history":[{"count":2,"href":"https:\/\/agora.xtec.cat\/ceipmdsoldelpont\/wp-json\/wp\/v2\/posts\/1997\/revisions"}],"predecessor-version":[{"id":2002,"href":"https:\/\/agora.xtec.cat\/ceipmdsoldelpont\/wp-json\/wp\/v2\/posts\/1997\/revisions\/2002"}],"wp:featuredmedia":[{"embeddable":true,"href":"https:\/\/agora.xtec.cat\/ceipmdsoldelpont\/wp-json\/wp\/v2\/media\/1998"}],"wp:attachment":[{"href":"https:\/\/agora.xtec.cat\/ceipmdsoldelpont\/wp-json\/wp\/v2\/media?parent=1997"}],"wp:term":[{"taxonomy":"category","embeddable":true,"href":"https:\/\/agora.xtec.cat\/ceipmdsoldelpont\/wp-json\/wp\/v2\/categories?post=1997"},{"taxonomy":"post_tag","embeddable":true,"href":"https:\/\/agora.xtec.cat\/ceipmdsoldelpont\/wp-json\/wp\/v2\/tags?post=1997"}],"curies":[{"name":"wp","href":"https:\/\/api.w.org\/{rel}","templated":true}]}}