{"id":1178,"date":"2023-12-18T14:00:03","date_gmt":"2023-12-18T13:00:03","guid":{"rendered":"https:\/\/agora.xtec.cat\/ceipmdsoldelpont\/?p=1178"},"modified":"2023-12-19T10:33:29","modified_gmt":"2023-12-19T09:33:29","slug":"sortida-a-la-biblioteca-bac-de-roda","status":"publish","type":"post","link":"https:\/\/agora.xtec.cat\/ceipmdsoldelpont\/general\/sortida-a-la-biblioteca-bac-de-roda\/","title":{"rendered":"Sortida a la Biblioteca Bac de Roda"},"content":{"rendered":"<p><a href=\"https:\/\/agora.xtec.cat\/ceipmdsoldelpont\/general\/fotos-biblioteca-del-poble\/\"><img loading=\"lazy\" decoding=\"async\" class=\"wp-image-1184 aligncenter\" src=\"https:\/\/agora.xtec.cat\/ceipmdsoldelpont\/wp-content\/uploads\/usu2326\/2023\/12\/DSC01160-1024x768.jpg\" alt=\"\" width=\"636\" height=\"477\" srcset=\"https:\/\/agora.xtec.cat\/ceipmdsoldelpont\/wp-content\/uploads\/usu2326\/2023\/12\/DSC01160-1024x768.jpg 1024w, https:\/\/agora.xtec.cat\/ceipmdsoldelpont\/wp-content\/uploads\/usu2326\/2023\/12\/DSC01160-300x225.jpg 300w, https:\/\/agora.xtec.cat\/ceipmdsoldelpont\/wp-content\/uploads\/usu2326\/2023\/12\/DSC01160-768x576.jpg 768w, https:\/\/agora.xtec.cat\/ceipmdsoldelpont\/wp-content\/uploads\/usu2326\/2023\/12\/DSC01160-1536x1152.jpg 1536w, https:\/\/agora.xtec.cat\/ceipmdsoldelpont\/wp-content\/uploads\/usu2326\/2023\/12\/DSC01160-2048x1536.jpg 2048w, https:\/\/agora.xtec.cat\/ceipmdsoldelpont\/wp-content\/uploads\/usu2326\/2023\/12\/DSC01160-200x150.jpg 200w\" sizes=\"auto, (max-width: 636px) 100vw, 636px\" \/><\/a><\/p>\n<p>El passat 23 de novembre els i les alumnes de 2n vam anar a visitar la Biblioteca municipal del Roda de Ter, El Bac de Roda.<\/p>\n<p>Vam arribar i ens va explicar les normes de la biblioteca i vam aclarir alguns dubtes que ten\u00edem. Despr\u00e9s ens va explicar un conte molt divertit que ens va encantar. Al final ens va deixar fer el que m\u00e9s ens agrada: TRIAR, REMENAR, MIRAR I LLEGIR LLIBRES!<\/p>\n<p>Cliqueu a la imatge per veure les fotografies de la Biblioteca.<\/p>\n","protected":false},"excerpt":{"rendered":"<p>El passat 23 de novembre els i les alumnes de 2n vam anar a visitar la Biblioteca municipal del Roda [&hellip;]<\/p>\n","protected":false},"author":1,"featured_media":1184,"comment_status":"closed","ping_status":"closed","sticky":false,"template":"","format":"standard","meta":{"_bbp_topic_count":0,"_bbp_reply_count":0,"_bbp_total_topic_count":0,"_bbp_total_reply_count":0,"_bbp_voice_count":0,"_bbp_anonymous_reply_count":0,"_bbp_topic_count_hidden":0,"_bbp_reply_count_hidden":0,"_bbp_forum_subforum_count":0,"site-sidebar-layout":"default","site-content-layout":"","ast-site-content-layout":"","site-content-style":"default","site-sidebar-style":"default","ast-global-header-display":"","ast-banner-title-visibility":"","ast-main-header-display":"","ast-hfb-above-header-display":"","ast-hfb-below-header-display":"","ast-hfb-mobile-header-display":"","site-post-title":"","ast-breadcrumbs-content":"","ast-featured-img":"","footer-sml-layout":"","theme-transparent-header-meta":"","adv-header-id-meta":"","stick-header-meta":"","header-above-stick-meta":"","header-main-stick-meta":"","header-below-stick-meta":"","astra-migrate-meta-layouts":"default","ast-page-background-enabled":"default","ast-page-background-meta":{"desktop":{"background-color":"var(--ast-global-color-4)","background-image":"","background-repeat":"repeat","background-position":"center center","background-size":"auto","background-attachment":"scroll","background-type":"","background-media":"","overlay-type":"","overlay-color":"","overlay-opacity":"","overlay-gradient":""},"tablet":{"background-color":"","background-image":"","background-repeat":"repeat","background-position":"center center","background-size":"auto","background-attachment":"scroll","background-type":"","background-media":"","overlay-type":"","overlay-color":"","overlay-opacity":"","overlay-gradient":""},"mobile":{"background-color":"","background-image":"","background-repeat":"repeat","background-position":"center center","background-size":"auto","background-attachment":"scroll","background-type":"","background-media":"","overlay-type":"","overlay-color":"","overlay-opacity":"","overlay-gradient":""}},"ast-content-background-meta":{"desktop":{"background-color":"var(--ast-global-color-5)","background-image":"","background-repeat":"repeat","background-position":"center center","background-size":"auto","background-attachment":"scroll","background-type":"","background-media":"","overlay-type":"","overlay-color":"","overlay-opacity":"","overlay-gradient":""},"tablet":{"background-color":"var(--ast-global-color-5)","background-image":"","background-repeat":"repeat","background-position":"center center","background-size":"auto","background-attachment":"scroll","background-type":"","background-media":"","overlay-type":"","overlay-color":"","overlay-opacity":"","overlay-gradient":""},"mobile":{"background-color":"var(--ast-global-color-5)","background-image":"","background-repeat":"repeat","background-position":"center center","background-size":"auto","background-attachment":"scroll","background-type":"","background-media":"","overlay-type":"","overlay-color":"","overlay-opacity":"","overlay-gradient":""}},"footnotes":""},"categories":[1,86,75],"tags":[100,111,101,102],"class_list":["post-1178","post","type-post","status-publish","format-standard","has-post-thumbnail","hentry","category-general","category-segon","category-primaria","tag-23-24","tag-biblioteca","tag-p2","tag-primaria"],"post_mailing_queue_ids":[],"_links":{"self":[{"href":"https:\/\/agora.xtec.cat\/ceipmdsoldelpont\/wp-json\/wp\/v2\/posts\/1178","targetHints":{"allow":["GET"]}}],"collection":[{"href":"https:\/\/agora.xtec.cat\/ceipmdsoldelpont\/wp-json\/wp\/v2\/posts"}],"about":[{"href":"https:\/\/agora.xtec.cat\/ceipmdsoldelpont\/wp-json\/wp\/v2\/types\/post"}],"author":[{"embeddable":true,"href":"https:\/\/agora.xtec.cat\/ceipmdsoldelpont\/wp-json\/wp\/v2\/users\/1"}],"replies":[{"embeddable":true,"href":"https:\/\/agora.xtec.cat\/ceipmdsoldelpont\/wp-json\/wp\/v2\/comments?post=1178"}],"version-history":[{"count":2,"href":"https:\/\/agora.xtec.cat\/ceipmdsoldelpont\/wp-json\/wp\/v2\/posts\/1178\/revisions"}],"predecessor-version":[{"id":1185,"href":"https:\/\/agora.xtec.cat\/ceipmdsoldelpont\/wp-json\/wp\/v2\/posts\/1178\/revisions\/1185"}],"wp:featuredmedia":[{"embeddable":true,"href":"https:\/\/agora.xtec.cat\/ceipmdsoldelpont\/wp-json\/wp\/v2\/media\/1184"}],"wp:attachment":[{"href":"https:\/\/agora.xtec.cat\/ceipmdsoldelpont\/wp-json\/wp\/v2\/media?parent=1178"}],"wp:term":[{"taxonomy":"category","embeddable":true,"href":"https:\/\/agora.xtec.cat\/ceipmdsoldelpont\/wp-json\/wp\/v2\/categories?post=1178"},{"taxonomy":"post_tag","embeddable":true,"href":"https:\/\/agora.xtec.cat\/ceipmdsoldelpont\/wp-json\/wp\/v2\/tags?post=1178"}],"curies":[{"name":"wp","href":"https:\/\/api.w.org\/{rel}","templated":true}]}}