{"id":9947,"date":"2026-03-04T09:26:58","date_gmt":"2026-03-04T08:26:58","guid":{"rendered":"https:\/\/agora.xtec.cat\/ceipmdangels\/?p=9947"},"modified":"2026-03-04T09:26:59","modified_gmt":"2026-03-04T08:26:59","slug":"exposicions-de-lalumnat-de-1r","status":"publish","type":"post","link":"https:\/\/agora.xtec.cat\/ceipmdangels\/portada\/exposicions-de-lalumnat-de-1r\/","title":{"rendered":"Exposicions de l\u2019alumnat de 1r"},"content":{"rendered":"\n<p>Aquesta setmana els alumnes de 1r han fet la seva primera exposici\u00f3 davant els alumnes de sis\u00e8. Han parlat sobre els animals aqu\u00e0tics, aeris i terrestres.<br>Ha estat molt enriquidor i molt divertit!<br>Volem donar-vos l\u2019enhorabona!!!<br>Sou uns crakcs!!<\/p>\n\n\n\n<figure class=\"wp-block-image size-large\"><a href=\"https:\/\/agora.xtec.cat\/ceipmdangels\/wp-content\/uploads\/usu320\/2026\/03\/e3163abf-d06c-41f2-be7a-bcd2528f1930.jpeg\"><img loading=\"lazy\" decoding=\"async\" width=\"1024\" height=\"768\" src=\"https:\/\/agora.xtec.cat\/ceipmdangels\/wp-content\/uploads\/usu320\/2026\/03\/e3163abf-d06c-41f2-be7a-bcd2528f1930-1024x768.jpeg\" alt=\"\" class=\"wp-image-9948\" srcset=\"https:\/\/agora.xtec.cat\/ceipmdangels\/wp-content\/uploads\/usu320\/2026\/03\/e3163abf-d06c-41f2-be7a-bcd2528f1930-1024x768.jpeg 1024w, https:\/\/agora.xtec.cat\/ceipmdangels\/wp-content\/uploads\/usu320\/2026\/03\/e3163abf-d06c-41f2-be7a-bcd2528f1930-300x225.jpeg 300w, https:\/\/agora.xtec.cat\/ceipmdangels\/wp-content\/uploads\/usu320\/2026\/03\/e3163abf-d06c-41f2-be7a-bcd2528f1930-768x576.jpeg 768w, https:\/\/agora.xtec.cat\/ceipmdangels\/wp-content\/uploads\/usu320\/2026\/03\/e3163abf-d06c-41f2-be7a-bcd2528f1930-1536x1152.jpeg 1536w, https:\/\/agora.xtec.cat\/ceipmdangels\/wp-content\/uploads\/usu320\/2026\/03\/e3163abf-d06c-41f2-be7a-bcd2528f1930-200x150.jpeg 200w, https:\/\/agora.xtec.cat\/ceipmdangels\/wp-content\/uploads\/usu320\/2026\/03\/e3163abf-d06c-41f2-be7a-bcd2528f1930.jpeg 1600w\" sizes=\"auto, (max-width: 1024px) 100vw, 1024px\" \/><\/a><\/figure>\n","protected":false},"excerpt":{"rendered":"<p>Aquesta setmana els alumnes de 1r han fet la seva primera exposici\u00f3 davant els alumnes de sis\u00e8. Han parlat sobre els animals aqu\u00e0tics, aeris i terrestres.Ha estat molt enriquidor i molt divertit!Volem donar-vos l\u2019enhorabona!!!Sou uns crakcs!!<\/p>\n<p><a href=\"https:\/\/agora.xtec.cat\/ceipmdangels\/wp-content\/uploads\/usu320\/2026\/03\/e3163abf-d06c-41f2-be7a-bcd2528f1930.jpeg\"><\/a><\/p>\n","protected":false},"author":1,"featured_media":0,"comment_status":"closed","ping_status":"open","sticky":false,"template":"","format":"standard","meta":{"_bbp_topic_count":0,"_bbp_reply_count":0,"_bbp_total_topic_count":0,"_bbp_total_reply_count":0,"_bbp_voice_count":0,"_bbp_anonymous_reply_count":0,"_bbp_topic_count_hidden":0,"_bbp_reply_count_hidden":0,"_bbp_forum_subforum_count":0,"footnotes":""},"categories":[231,227,4],"tags":[],"class_list":["post-9947","post","type-post","status-publish","format-standard","hentry","category-1r-curs-25-26","category-bloc-daula-curs-25-26","category-portada"],"post_mailing_queue_ids":[],"_links":{"self":[{"href":"https:\/\/agora.xtec.cat\/ceipmdangels\/wp-json\/wp\/v2\/posts\/9947","targetHints":{"allow":["GET"]}}],"collection":[{"href":"https:\/\/agora.xtec.cat\/ceipmdangels\/wp-json\/wp\/v2\/posts"}],"about":[{"href":"https:\/\/agora.xtec.cat\/ceipmdangels\/wp-json\/wp\/v2\/types\/post"}],"author":[{"embeddable":true,"href":"https:\/\/agora.xtec.cat\/ceipmdangels\/wp-json\/wp\/v2\/users\/1"}],"replies":[{"embeddable":true,"href":"https:\/\/agora.xtec.cat\/ceipmdangels\/wp-json\/wp\/v2\/comments?post=9947"}],"version-history":[{"count":1,"href":"https:\/\/agora.xtec.cat\/ceipmdangels\/wp-json\/wp\/v2\/posts\/9947\/revisions"}],"predecessor-version":[{"id":9949,"href":"https:\/\/agora.xtec.cat\/ceipmdangels\/wp-json\/wp\/v2\/posts\/9947\/revisions\/9949"}],"wp:attachment":[{"href":"https:\/\/agora.xtec.cat\/ceipmdangels\/wp-json\/wp\/v2\/media?parent=9947"}],"wp:term":[{"taxonomy":"category","embeddable":true,"href":"https:\/\/agora.xtec.cat\/ceipmdangels\/wp-json\/wp\/v2\/categories?post=9947"},{"taxonomy":"post_tag","embeddable":true,"href":"https:\/\/agora.xtec.cat\/ceipmdangels\/wp-json\/wp\/v2\/tags?post=9947"}],"curies":[{"name":"wp","href":"https:\/\/api.w.org\/{rel}","templated":true}]}}