{"id":9894,"date":"2026-02-18T13:25:19","date_gmt":"2026-02-18T12:25:19","guid":{"rendered":"https:\/\/agora.xtec.cat\/ceipmdangels\/?p=9894"},"modified":"2026-02-18T13:25:20","modified_gmt":"2026-02-18T12:25:20","slug":"carnaval-a-i4","status":"publish","type":"post","link":"https:\/\/agora.xtec.cat\/ceipmdangels\/general\/carnaval-a-i4\/","title":{"rendered":"Carnaval a I4"},"content":{"rendered":"\n<p>Durant la setmana pr\u00e8via a la desfilada de Carnaval, els alumnes han participat amb entusiasme en les consignes del Carnestoltes i ens ho hem passat d\u2019all\u00f2 m\u00e9s b\u00e9! \ud83c\udfad\u2728 Ha estat una experi\u00e8ncia molt alegre, engrescadora i plena de moments divertits.<\/p>\n\n\n\n<p>Hem elaborat una disfressa inspirada en una obra de Mir\u00f3, <em>La Ballarina<\/em>, deixant volar la imaginaci\u00f3 i treballant amb creativitat i il\u00b7lusi\u00f3. \ud83c\udfa8\ud83e\ude70 El resultat ha estat colorit i espectacular!<\/p>\n\n\n\n<p>Els alumnes de la classe de la Mulassa i dels Lleons han celebrat el Carnaval amb la resta de companys i companyes de l\u2019escola participant en una animada Rua per la Rambla de Ponent. \ud83c\udf89\ud83e\udd73 Ha estat una jornada festiva, plena de m\u00fasica, rialles i molta gresca!<\/p>\n\n\n\n<p><a href=\"https:\/\/photos.app.goo.gl\/XA3rnpVVwbGsigKQA\">Les Mulasses<\/a><\/p>\n\n\n\n<p><a href=\"https:\/\/photos.app.goo.gl\/TF5MgjQfPfpN1HQJ6\">Els Lleons<\/a><\/p>\n\n\n\n<p><\/p>\n\n\n\n<p><\/p>\n\n\n\n<p><\/p>\n","protected":false},"excerpt":{"rendered":"<p>Durant la setmana pr\u00e8via a la desfilada de Carnaval, els alumnes han participat amb entusiasme en les consignes del Carnestoltes i ens ho hem passat d\u2019all\u00f2 m\u00e9s b\u00e9! \ud83c\udfad\u2728 Ha estat una experi\u00e8ncia molt alegre, engrescadora i plena de moments divertits.<\/p>\n<p>Hem elaborat una disfressa inspirada&hellip;  <a href=\"https:\/\/agora.xtec.cat\/ceipmdangels\/general\/carnaval-a-i4\/\" title=\"Read Carnaval a I4\">Llegeix m\u00e9s\u00bb<\/a><\/p>\n","protected":false},"author":10,"featured_media":9895,"comment_status":"closed","ping_status":"open","sticky":false,"template":"","format":"standard","meta":{"_bbp_topic_count":0,"_bbp_reply_count":0,"_bbp_total_topic_count":0,"_bbp_total_reply_count":0,"_bbp_voice_count":0,"_bbp_anonymous_reply_count":0,"_bbp_topic_count_hidden":0,"_bbp_reply_count_hidden":0,"_bbp_forum_subforum_count":0,"footnotes":""},"categories":[227,29,22,1,229,4],"tags":[],"class_list":["post-9894","post","type-post","status-publish","format-standard","has-post-thumbnail","hentry","category-bloc-daula-curs-25-26","category-carnaval","category-educacio-infantil","category-general","category-i4-curs-25-26","category-portada"],"post_mailing_queue_ids":[],"_links":{"self":[{"href":"https:\/\/agora.xtec.cat\/ceipmdangels\/wp-json\/wp\/v2\/posts\/9894","targetHints":{"allow":["GET"]}}],"collection":[{"href":"https:\/\/agora.xtec.cat\/ceipmdangels\/wp-json\/wp\/v2\/posts"}],"about":[{"href":"https:\/\/agora.xtec.cat\/ceipmdangels\/wp-json\/wp\/v2\/types\/post"}],"author":[{"embeddable":true,"href":"https:\/\/agora.xtec.cat\/ceipmdangels\/wp-json\/wp\/v2\/users\/10"}],"replies":[{"embeddable":true,"href":"https:\/\/agora.xtec.cat\/ceipmdangels\/wp-json\/wp\/v2\/comments?post=9894"}],"version-history":[{"count":1,"href":"https:\/\/agora.xtec.cat\/ceipmdangels\/wp-json\/wp\/v2\/posts\/9894\/revisions"}],"predecessor-version":[{"id":9896,"href":"https:\/\/agora.xtec.cat\/ceipmdangels\/wp-json\/wp\/v2\/posts\/9894\/revisions\/9896"}],"wp:featuredmedia":[{"embeddable":true,"href":"https:\/\/agora.xtec.cat\/ceipmdangels\/wp-json\/wp\/v2\/media\/9895"}],"wp:attachment":[{"href":"https:\/\/agora.xtec.cat\/ceipmdangels\/wp-json\/wp\/v2\/media?parent=9894"}],"wp:term":[{"taxonomy":"category","embeddable":true,"href":"https:\/\/agora.xtec.cat\/ceipmdangels\/wp-json\/wp\/v2\/categories?post=9894"},{"taxonomy":"post_tag","embeddable":true,"href":"https:\/\/agora.xtec.cat\/ceipmdangels\/wp-json\/wp\/v2\/tags?post=9894"}],"curies":[{"name":"wp","href":"https:\/\/api.w.org\/{rel}","templated":true}]}}