{"id":985,"date":"2015-12-10T13:20:49","date_gmt":"2015-12-10T12:20:49","guid":{"rendered":"http:\/\/agora.xtec.cat\/ceipmdangels\/?p=985"},"modified":"2022-04-21T15:57:50","modified_gmt":"2022-04-21T13:57:50","slug":"sortida-caixa-forum-4t","status":"publish","type":"post","link":"https:\/\/agora.xtec.cat\/ceipmdangels\/cicle-mitja\/sortida-caixa-forum-4t\/","title":{"rendered":"Sortida Caixa F\u00f2rum 4t"},"content":{"rendered":"<p>La segona setmana de novembre els grups de 4t van anar a una exposici\u00f3 sobre el cinema  i el seu creador, George M\u00e9li\u00e9. Van descobrir les primeres c\u00e0meres, alguns efectes especials, la il\u2022luminaci\u00f3 d\u2019aquella \u00e8poca, trucs de m\u00e0gia i el tipus de cinema que agradava en aquella \u00e8poca. Els alumnes van intervenir en un curtmetratge, fent un truc de m\u00e0gia que utilitzaven en aquell moment. Ho van trobar divertit i molt interessant. A la sortida, vam anar a esmorzar al costat del monument dels Castellers, a la Rambla Nova i&#8230; cap a l\u2019escola.<\/p>\n<table style=\"width:194px;\">\n<tr>\n<td align=\"center\" style=\"height:194px;background:url(https:\/\/www.gstatic.com\/pwa\/s\/v\/lighthousefe_20151206.00_p0\/transparent_album_background.gif) no-repeat left\"><a href=\"https:\/\/picasaweb.google.com\/104150209654147348409\/15CaixaForumExpGeorgesMelies4t?authuser=0&#038;feat=embedwebsite\"><img loading=\"lazy\" decoding=\"async\" src=\"https:\/\/lh3.googleusercontent.com\/-OQ9WrKveA0U\/Vk28uO1la1E\/AAAAAAAAAe8\/LqpDhyBB8SA\/s160-c-Ic42\/15CaixaForumExpGeorgesMelies4t.jpg\" width=\"160\" height=\"160\" style=\"margin:1px 0 0 4px;\"><\/a><\/td>\n<\/tr>\n<tr>\n<td style=\"text-align:center;font-family:arial,sans-serif;font-size:11px\"><a href=\"https:\/\/picasaweb.google.com\/104150209654147348409\/15CaixaForumExpGeorgesMelies4t?authuser=0&#038;feat=embedwebsite\" style=\"color:#4D4D4D;font-weight:bold;text-decoration:none;\">15. Caixa F\u00f2rum Exp. Georges M\u00e9li\u00e8s 4t<\/a><\/td>\n<\/tr>\n<\/table>\n","protected":false},"excerpt":{"rendered":"<p>La segona setmana de novembre els grups de 4t van anar a una exposici\u00f3 sobre el cinema  i el seu creador, George M\u00e9li\u00e9. Van descobrir les primeres c\u00e0meres, alguns efectes especials, la il\u2022luminaci\u00f3 d\u2019aquella \u00e8poca, trucs de m\u00e0gia i el tipus de cinema que&hellip;  <a href=\"https:\/\/agora.xtec.cat\/ceipmdangels\/cicle-mitja\/sortida-caixa-forum-4t\/\" title=\"Read Sortida Caixa F\u00f2rum 4t\">Llegeix m\u00e9s\u00bb<\/a><\/p>\n","protected":false},"author":5,"featured_media":0,"comment_status":"open","ping_status":"open","sticky":false,"template":"","format":"standard","meta":{"_bbp_topic_count":0,"_bbp_reply_count":0,"_bbp_total_topic_count":0,"_bbp_total_reply_count":0,"_bbp_voice_count":0,"_bbp_anonymous_reply_count":0,"_bbp_topic_count_hidden":0,"_bbp_reply_count_hidden":0,"_bbp_forum_subforum_count":0,"footnotes":""},"categories":[24,152],"tags":[],"class_list":["post-985","post","type-post","status-publish","format-standard","hentry","category-cicle-mitja","category-curs-2015-16"],"post_mailing_queue_ids":[],"_links":{"self":[{"href":"https:\/\/agora.xtec.cat\/ceipmdangels\/wp-json\/wp\/v2\/posts\/985","targetHints":{"allow":["GET"]}}],"collection":[{"href":"https:\/\/agora.xtec.cat\/ceipmdangels\/wp-json\/wp\/v2\/posts"}],"about":[{"href":"https:\/\/agora.xtec.cat\/ceipmdangels\/wp-json\/wp\/v2\/types\/post"}],"author":[{"embeddable":true,"href":"https:\/\/agora.xtec.cat\/ceipmdangels\/wp-json\/wp\/v2\/users\/5"}],"replies":[{"embeddable":true,"href":"https:\/\/agora.xtec.cat\/ceipmdangels\/wp-json\/wp\/v2\/comments?post=985"}],"version-history":[{"count":1,"href":"https:\/\/agora.xtec.cat\/ceipmdangels\/wp-json\/wp\/v2\/posts\/985\/revisions"}],"predecessor-version":[{"id":986,"href":"https:\/\/agora.xtec.cat\/ceipmdangels\/wp-json\/wp\/v2\/posts\/985\/revisions\/986"}],"wp:attachment":[{"href":"https:\/\/agora.xtec.cat\/ceipmdangels\/wp-json\/wp\/v2\/media?parent=985"}],"wp:term":[{"taxonomy":"category","embeddable":true,"href":"https:\/\/agora.xtec.cat\/ceipmdangels\/wp-json\/wp\/v2\/categories?post=985"},{"taxonomy":"post_tag","embeddable":true,"href":"https:\/\/agora.xtec.cat\/ceipmdangels\/wp-json\/wp\/v2\/tags?post=985"}],"curies":[{"name":"wp","href":"https:\/\/api.w.org\/{rel}","templated":true}]}}