{"id":9777,"date":"2025-12-12T17:34:37","date_gmt":"2025-12-12T16:34:37","guid":{"rendered":"https:\/\/agora.xtec.cat\/ceipmdangels\/?p=9777"},"modified":"2025-12-12T17:35:55","modified_gmt":"2025-12-12T16:35:55","slug":"nadales-a-ponent","status":"publish","type":"post","link":"https:\/\/agora.xtec.cat\/ceipmdangels\/portada\/nadales-a-ponent\/","title":{"rendered":"Nadales a Ponent"},"content":{"rendered":"\n<p>Els alumnes de tercer de la nostra escola han participat en el concert de Nadales de les escoles de Ponent en l\u2019activitat del PEE. La can\u00e7\u00f3 Viu el Nadal ha transm\u00e8s l&#8217;esperit nadalenc! Bon Nadal! \ud83c\udf84\ud83c\udf1f<\/p>\n\n\n\n<figure class=\"wp-block-image size-large\"><a href=\"https:\/\/agora.xtec.cat\/ceipmdangels\/wp-content\/uploads\/usu320\/2025\/12\/1a1bc12e-ab99-425d-b1d7-28772917f439.jpeg\"><img loading=\"lazy\" decoding=\"async\" width=\"1024\" height=\"768\" src=\"https:\/\/agora.xtec.cat\/ceipmdangels\/wp-content\/uploads\/usu320\/2025\/12\/1a1bc12e-ab99-425d-b1d7-28772917f439-1024x768.jpeg\" alt=\"\" class=\"wp-image-9776\" srcset=\"https:\/\/agora.xtec.cat\/ceipmdangels\/wp-content\/uploads\/usu320\/2025\/12\/1a1bc12e-ab99-425d-b1d7-28772917f439-1024x768.jpeg 1024w, https:\/\/agora.xtec.cat\/ceipmdangels\/wp-content\/uploads\/usu320\/2025\/12\/1a1bc12e-ab99-425d-b1d7-28772917f439-300x225.jpeg 300w, https:\/\/agora.xtec.cat\/ceipmdangels\/wp-content\/uploads\/usu320\/2025\/12\/1a1bc12e-ab99-425d-b1d7-28772917f439-768x576.jpeg 768w, https:\/\/agora.xtec.cat\/ceipmdangels\/wp-content\/uploads\/usu320\/2025\/12\/1a1bc12e-ab99-425d-b1d7-28772917f439-1536x1152.jpeg 1536w, https:\/\/agora.xtec.cat\/ceipmdangels\/wp-content\/uploads\/usu320\/2025\/12\/1a1bc12e-ab99-425d-b1d7-28772917f439-200x150.jpeg 200w, https:\/\/agora.xtec.cat\/ceipmdangels\/wp-content\/uploads\/usu320\/2025\/12\/1a1bc12e-ab99-425d-b1d7-28772917f439.jpeg 1600w\" sizes=\"auto, (max-width: 1024px) 100vw, 1024px\" \/><\/a><\/figure>\n","protected":false},"excerpt":{"rendered":"<p>Els alumnes de tercer de la nostra escola han participat en el concert de Nadales de les escoles de Ponent en l\u2019activitat del PEE. La can\u00e7\u00f3 Viu el Nadal ha transm\u00e8s l&#8217;esperit nadalenc! Bon Nadal! \ud83c\udf84\ud83c\udf1f<\/p>\n<p><a href=\"https:\/\/agora.xtec.cat\/ceipmdangels\/wp-content\/uploads\/usu320\/2025\/12\/1a1bc12e-ab99-425d-b1d7-28772917f439.jpeg\"><\/a><\/p>\n","protected":false},"author":1,"featured_media":0,"comment_status":"closed","ping_status":"open","sticky":false,"template":"","format":"standard","meta":{"_bbp_topic_count":0,"_bbp_reply_count":0,"_bbp_total_topic_count":0,"_bbp_total_reply_count":0,"_bbp_voice_count":0,"_bbp_anonymous_reply_count":0,"_bbp_topic_count_hidden":0,"_bbp_reply_count_hidden":0,"_bbp_forum_subforum_count":0,"footnotes":""},"categories":[233,227,208,41,4],"tags":[],"class_list":["post-9777","post","type-post","status-publish","format-standard","hentry","category-3r-curs-25-26","category-bloc-daula-curs-25-26","category-musica","category-nadal","category-portada"],"post_mailing_queue_ids":[],"_links":{"self":[{"href":"https:\/\/agora.xtec.cat\/ceipmdangels\/wp-json\/wp\/v2\/posts\/9777","targetHints":{"allow":["GET"]}}],"collection":[{"href":"https:\/\/agora.xtec.cat\/ceipmdangels\/wp-json\/wp\/v2\/posts"}],"about":[{"href":"https:\/\/agora.xtec.cat\/ceipmdangels\/wp-json\/wp\/v2\/types\/post"}],"author":[{"embeddable":true,"href":"https:\/\/agora.xtec.cat\/ceipmdangels\/wp-json\/wp\/v2\/users\/1"}],"replies":[{"embeddable":true,"href":"https:\/\/agora.xtec.cat\/ceipmdangels\/wp-json\/wp\/v2\/comments?post=9777"}],"version-history":[{"count":1,"href":"https:\/\/agora.xtec.cat\/ceipmdangels\/wp-json\/wp\/v2\/posts\/9777\/revisions"}],"predecessor-version":[{"id":9778,"href":"https:\/\/agora.xtec.cat\/ceipmdangels\/wp-json\/wp\/v2\/posts\/9777\/revisions\/9778"}],"wp:attachment":[{"href":"https:\/\/agora.xtec.cat\/ceipmdangels\/wp-json\/wp\/v2\/media?parent=9777"}],"wp:term":[{"taxonomy":"category","embeddable":true,"href":"https:\/\/agora.xtec.cat\/ceipmdangels\/wp-json\/wp\/v2\/categories?post=9777"},{"taxonomy":"post_tag","embeddable":true,"href":"https:\/\/agora.xtec.cat\/ceipmdangels\/wp-json\/wp\/v2\/tags?post=9777"}],"curies":[{"name":"wp","href":"https:\/\/api.w.org\/{rel}","templated":true}]}}