{"id":943,"date":"2015-12-10T13:18:10","date_gmt":"2015-12-10T12:18:10","guid":{"rendered":"http:\/\/agora.xtec.cat\/ceipmdangels\/?p=943"},"modified":"2022-04-21T15:57:44","modified_gmt":"2022-04-21T13:57:44","slug":"sortida-al-museu-arqueologic-de-tarragona","status":"publish","type":"post","link":"https:\/\/agora.xtec.cat\/ceipmdangels\/portada\/sortida-al-museu-arqueologic-de-tarragona\/","title":{"rendered":"Sortida al Museu Arqueol\u00f2gic de Tarragona"},"content":{"rendered":"<p>Els nens i nenes de 1r vam anar d\u2019excursi\u00f3  a la Tarraco Romana. Tant el grup de 1rA el dimecres, com el de 1rBi 1rC el dijous, vam tenir un dia de tardor radiant!<br \/>\nPel mat\u00ed nom\u00e9s arribar, vam fer un bon esmorzar vora la pla\u00e7a del Rei per agafar forces. Tot seguit, vam entrar al Museu Nacional Arqueol\u00f2gic per iniciar-nos amb l\u2019activitat \u201cDivertim-nos amb els romans!\u201d Despr\u00e9s d\u2019una introducci\u00f3 d\u2019en Cornelius, vam visitar el museu i vam jugar com si f\u00f3ssim romans. Al sortir vam anar directament al Circ Rom\u00e0. Ens vam endinsar en les profunditats dels seus t\u00fanels com si f\u00f3ssim aut\u00e8ntics gladiadors! Tamb\u00e9 vam pujar per la misteriosa escala de caragol per veure la magn\u00edfica panor\u00e0mica de Tarragona! Aprofitant que \u00e9rem ben a prop, la Casa de la Festa ens va mostrar el bestiari de la ciutat que tant hav\u00edem treballat.<br \/>\nCom hav\u00edem fet gana, el parc de les Granotes ens esperava amb els seus gronxadors per passar una bona estona i recuperar energia per visitar l\u2019\u00faltim monument rom\u00e0 de la jornada, l\u2019amfiteatre!!!! Un bonic dibuix des de dalt despr\u00e9s d\u2019haver fet de lleons, i cap a l\u2019escola ben contents!<\/p>\n<p><embed type=\"application\/x-shockwave-flash\" src=\"https:\/\/photos.gstatic.com\/media\/slideshow.swf\" width=\"600\" height=\"400\" flashvars=\"host=picasaweb.google.com&#038;hl=es&#038;feat=flashalbum&#038;RGB=0x000000&#038;feed=https%3A%2F%2Fpicasaweb.google.com%2Fdata%2Ffeed%2Fapi%2Fuser%2F113975823311028237705%2Falbumid%2F6226622406493639649%3Falt%3Drss%26kind%3Dphoto%26hl%3Des\" pluginspage=\"http:\/\/www.macromedia.com\/go\/getflashplayer\"><\/embed><\/p>\n","protected":false},"excerpt":{"rendered":"<p>Els nens i nenes de 1r vam anar d\u2019excursi\u00f3  a la Tarraco Romana. Tant el grup de 1rA el dimecres, com el de 1rBi 1rC el dijous, vam tenir un dia de tardor radiant! &hellip;  <a href=\"https:\/\/agora.xtec.cat\/ceipmdangels\/portada\/sortida-al-museu-arqueologic-de-tarragona\/\" title=\"Read Sortida al Museu Arqueol\u00f2gic de Tarragona\">Llegeix m\u00e9s\u00bb<\/a><\/p>\n","protected":false},"author":4,"featured_media":1027,"comment_status":"open","ping_status":"open","sticky":false,"template":"","format":"standard","meta":{"_bbp_topic_count":0,"_bbp_reply_count":0,"_bbp_total_topic_count":0,"_bbp_total_reply_count":0,"_bbp_voice_count":0,"_bbp_anonymous_reply_count":0,"_bbp_topic_count_hidden":0,"_bbp_reply_count_hidden":0,"_bbp_forum_subforum_count":0,"footnotes":""},"categories":[23,152,4],"tags":[],"class_list":["post-943","post","type-post","status-publish","format-standard","has-post-thumbnail","hentry","category-cicle-inicial","category-curs-2015-16","category-portada"],"post_mailing_queue_ids":[],"_links":{"self":[{"href":"https:\/\/agora.xtec.cat\/ceipmdangels\/wp-json\/wp\/v2\/posts\/943","targetHints":{"allow":["GET"]}}],"collection":[{"href":"https:\/\/agora.xtec.cat\/ceipmdangels\/wp-json\/wp\/v2\/posts"}],"about":[{"href":"https:\/\/agora.xtec.cat\/ceipmdangels\/wp-json\/wp\/v2\/types\/post"}],"author":[{"embeddable":true,"href":"https:\/\/agora.xtec.cat\/ceipmdangels\/wp-json\/wp\/v2\/users\/4"}],"replies":[{"embeddable":true,"href":"https:\/\/agora.xtec.cat\/ceipmdangels\/wp-json\/wp\/v2\/comments?post=943"}],"version-history":[{"count":3,"href":"https:\/\/agora.xtec.cat\/ceipmdangels\/wp-json\/wp\/v2\/posts\/943\/revisions"}],"predecessor-version":[{"id":1025,"href":"https:\/\/agora.xtec.cat\/ceipmdangels\/wp-json\/wp\/v2\/posts\/943\/revisions\/1025"}],"wp:featuredmedia":[{"embeddable":true,"href":"https:\/\/agora.xtec.cat\/ceipmdangels\/wp-json\/wp\/v2\/media\/1027"}],"wp:attachment":[{"href":"https:\/\/agora.xtec.cat\/ceipmdangels\/wp-json\/wp\/v2\/media?parent=943"}],"wp:term":[{"taxonomy":"category","embeddable":true,"href":"https:\/\/agora.xtec.cat\/ceipmdangels\/wp-json\/wp\/v2\/categories?post=943"},{"taxonomy":"post_tag","embeddable":true,"href":"https:\/\/agora.xtec.cat\/ceipmdangels\/wp-json\/wp\/v2\/tags?post=943"}],"curies":[{"name":"wp","href":"https:\/\/api.w.org\/{rel}","templated":true}]}}