{"id":942,"date":"2015-12-10T12:58:43","date_gmt":"2015-12-10T11:58:43","guid":{"rendered":"http:\/\/agora.xtec.cat\/ceipmdangels\/?p=942"},"modified":"2022-04-21T15:56:57","modified_gmt":"2022-04-21T13:56:57","slug":"guardia-urbana-3r","status":"publish","type":"post","link":"https:\/\/agora.xtec.cat\/ceipmdangels\/cicle-mitja\/guardia-urbana-3r\/","title":{"rendered":"Guardia urbana 3r"},"content":{"rendered":"<p>El dies 4, 5 i 6 de novembre de 2015, les classes de 3r van gaudir d\u2019una sessi\u00f3 informativa sobre les normes de circulaci\u00f3 a c\u00e0rrec d\u2019una agent de la Gu\u00e0rdia Urbana. Els alumnes van restar atents a les seves explicacions i van col\u2022laborar activament en aquesta din\u00e0mica.<\/p>\n<table style=\"width:194px;\">\n<tr>\n<td align=\"center\" style=\"height:194px;background:url(https:\/\/www.gstatic.com\/pwa\/s\/v\/lighthousefe_20151206.00_p0\/transparent_album_background.gif) no-repeat left\"><a href=\"https:\/\/picasaweb.google.com\/104150209654147348409\/GuardiaUrbana3r?authuser=0&#038;feat=embedwebsite\"><img loading=\"lazy\" decoding=\"async\" src=\"https:\/\/lh3.googleusercontent.com\/-4eAJuPYpKH8\/Vk2-hvg1BuE\/AAAAAAAAAa8\/XxwPPtsqUo0\/s160-c-Ic42\/GuardiaUrbana3r.jpg\" width=\"160\" height=\"160\" style=\"margin:1px 0 0 4px;\"><\/a><\/td>\n<\/tr>\n<tr>\n<td style=\"text-align:center;font-family:arial,sans-serif;font-size:11px\"><a href=\"https:\/\/picasaweb.google.com\/104150209654147348409\/GuardiaUrbana3r?authuser=0&#038;feat=embedwebsite\" style=\"color:#4D4D4D;font-weight:bold;text-decoration:none;\">Gu\u00e0rdia Urbana 3r<\/a><\/td>\n<\/tr>\n<\/table>\n","protected":false},"excerpt":{"rendered":"<p>El dies 4, 5 i 6 de novembre de 2015, les classes de 3r van gaudir d\u2019una sessi\u00f3 informativa sobre les normes de circulaci\u00f3 a c\u00e0rrec d\u2019una agent de la Gu\u00e0rdia Urbana. Els alumnes van restar atents a les seves explicacions i van col\u2022laborar activament&hellip;  <a href=\"https:\/\/agora.xtec.cat\/ceipmdangels\/cicle-mitja\/guardia-urbana-3r\/\" title=\"Read Guardia urbana 3r\">Llegeix m\u00e9s\u00bb<\/a><\/p>\n","protected":false},"author":5,"featured_media":0,"comment_status":"open","ping_status":"open","sticky":false,"template":"","format":"standard","meta":{"_bbp_topic_count":0,"_bbp_reply_count":0,"_bbp_total_topic_count":0,"_bbp_total_reply_count":0,"_bbp_voice_count":0,"_bbp_anonymous_reply_count":0,"_bbp_topic_count_hidden":0,"_bbp_reply_count_hidden":0,"_bbp_forum_subforum_count":0,"footnotes":""},"categories":[24,152],"tags":[],"class_list":["post-942","post","type-post","status-publish","format-standard","hentry","category-cicle-mitja","category-curs-2015-16"],"post_mailing_queue_ids":[],"_links":{"self":[{"href":"https:\/\/agora.xtec.cat\/ceipmdangels\/wp-json\/wp\/v2\/posts\/942","targetHints":{"allow":["GET"]}}],"collection":[{"href":"https:\/\/agora.xtec.cat\/ceipmdangels\/wp-json\/wp\/v2\/posts"}],"about":[{"href":"https:\/\/agora.xtec.cat\/ceipmdangels\/wp-json\/wp\/v2\/types\/post"}],"author":[{"embeddable":true,"href":"https:\/\/agora.xtec.cat\/ceipmdangels\/wp-json\/wp\/v2\/users\/5"}],"replies":[{"embeddable":true,"href":"https:\/\/agora.xtec.cat\/ceipmdangels\/wp-json\/wp\/v2\/comments?post=942"}],"version-history":[{"count":1,"href":"https:\/\/agora.xtec.cat\/ceipmdangels\/wp-json\/wp\/v2\/posts\/942\/revisions"}],"predecessor-version":[{"id":944,"href":"https:\/\/agora.xtec.cat\/ceipmdangels\/wp-json\/wp\/v2\/posts\/942\/revisions\/944"}],"wp:attachment":[{"href":"https:\/\/agora.xtec.cat\/ceipmdangels\/wp-json\/wp\/v2\/media?parent=942"}],"wp:term":[{"taxonomy":"category","embeddable":true,"href":"https:\/\/agora.xtec.cat\/ceipmdangels\/wp-json\/wp\/v2\/categories?post=942"},{"taxonomy":"post_tag","embeddable":true,"href":"https:\/\/agora.xtec.cat\/ceipmdangels\/wp-json\/wp\/v2\/tags?post=942"}],"curies":[{"name":"wp","href":"https:\/\/api.w.org\/{rel}","templated":true}]}}