{"id":9322,"date":"2025-05-05T19:58:13","date_gmt":"2025-05-05T17:58:13","guid":{"rendered":"https:\/\/agora.xtec.cat\/ceipmdangels\/?p=9322"},"modified":"2025-05-07T09:20:56","modified_gmt":"2025-05-07T07:20:56","slug":"projecte-de-les-abelles-i4","status":"publish","type":"post","link":"https:\/\/agora.xtec.cat\/ceipmdangels\/portada\/projecte-de-les-abelles-i4\/","title":{"rendered":"Projecte de les Abelles I4"},"content":{"rendered":"\n<figure class=\"wp-block-image size-full is-resized\"><a href=\"https:\/\/agora.xtec.cat\/ceipmdangels\/wp-content\/uploads\/usu320\/2025\/05\/image.png\"><img loading=\"lazy\" decoding=\"async\" width=\"855\" height=\"641\" src=\"https:\/\/agora.xtec.cat\/ceipmdangels\/wp-content\/uploads\/usu320\/2025\/05\/image.png\" alt=\"\" class=\"wp-image-9323\" style=\"width:342px;height:auto\" srcset=\"https:\/\/agora.xtec.cat\/ceipmdangels\/wp-content\/uploads\/usu320\/2025\/05\/image.png 855w, https:\/\/agora.xtec.cat\/ceipmdangels\/wp-content\/uploads\/usu320\/2025\/05\/image-300x225.png 300w, https:\/\/agora.xtec.cat\/ceipmdangels\/wp-content\/uploads\/usu320\/2025\/05\/image-768x576.png 768w, https:\/\/agora.xtec.cat\/ceipmdangels\/wp-content\/uploads\/usu320\/2025\/05\/image-200x150.png 200w\" sizes=\"auto, (max-width: 855px) 100vw, 855px\" \/><\/a><\/figure>\n\n\n\n<p>Durant aquestes darreres setmanes, hem apr\u00e8s moltes coses de les abelles. Hem constru\u00eft un rusc, hem vist les seves parts, hem tastat la mel i sobretot hem sigut conscients de la import\u00e0ncia d que tenen pel medi ambient i de que hem d&#8217;ajudar a protegir-les.<\/p>\n\n\n\n<p>I4B <a href=\"https:\/\/photos.app.goo.gl\/zY6ttWQUpoqReCsE9\">https:\/\/photos.app.goo.gl\/zY6ttWQUpoqReCsE9<\/a><\/p>\n\n\n\n<p>I4A <a href=\"https:\/\/photos.app.goo.gl\/UiF8DhdZuJPZp7LG7\">https:\/\/photos.app.goo.gl\/UiF8DhdZuJPZp7LG7<\/a><\/p>\n","protected":false},"excerpt":{"rendered":"<p><a href=\"https:\/\/agora.xtec.cat\/ceipmdangels\/wp-content\/uploads\/usu320\/2025\/05\/image.png\"><\/a><\/p>\n<p>Durant aquestes darreres setmanes, hem apr\u00e8s moltes coses de les abelles. Hem constru\u00eft un rusc, hem vist les seves parts, hem tastat la mel i sobretot hem sigut conscients de la import\u00e0ncia d que tenen pel medi ambient i de que hem d&#8217;ajudar a&hellip;  <a href=\"https:\/\/agora.xtec.cat\/ceipmdangels\/portada\/projecte-de-les-abelles-i4\/\" title=\"Read Projecte de les Abelles I4\">Llegeix m\u00e9s\u00bb<\/a><\/p>\n","protected":false},"author":10,"featured_media":0,"comment_status":"closed","ping_status":"open","sticky":false,"template":"","format":"standard","meta":{"_bbp_topic_count":0,"_bbp_reply_count":0,"_bbp_total_topic_count":0,"_bbp_total_reply_count":0,"_bbp_voice_count":0,"_bbp_anonymous_reply_count":0,"_bbp_topic_count_hidden":0,"_bbp_reply_count_hidden":0,"_bbp_forum_subforum_count":0,"footnotes":""},"categories":[211,4],"tags":[],"class_list":["post-9322","post","type-post","status-publish","format-standard","hentry","category-i4-curs-24-25","category-portada"],"post_mailing_queue_ids":[],"_links":{"self":[{"href":"https:\/\/agora.xtec.cat\/ceipmdangels\/wp-json\/wp\/v2\/posts\/9322","targetHints":{"allow":["GET"]}}],"collection":[{"href":"https:\/\/agora.xtec.cat\/ceipmdangels\/wp-json\/wp\/v2\/posts"}],"about":[{"href":"https:\/\/agora.xtec.cat\/ceipmdangels\/wp-json\/wp\/v2\/types\/post"}],"author":[{"embeddable":true,"href":"https:\/\/agora.xtec.cat\/ceipmdangels\/wp-json\/wp\/v2\/users\/10"}],"replies":[{"embeddable":true,"href":"https:\/\/agora.xtec.cat\/ceipmdangels\/wp-json\/wp\/v2\/comments?post=9322"}],"version-history":[{"count":3,"href":"https:\/\/agora.xtec.cat\/ceipmdangels\/wp-json\/wp\/v2\/posts\/9322\/revisions"}],"predecessor-version":[{"id":9330,"href":"https:\/\/agora.xtec.cat\/ceipmdangels\/wp-json\/wp\/v2\/posts\/9322\/revisions\/9330"}],"wp:attachment":[{"href":"https:\/\/agora.xtec.cat\/ceipmdangels\/wp-json\/wp\/v2\/media?parent=9322"}],"wp:term":[{"taxonomy":"category","embeddable":true,"href":"https:\/\/agora.xtec.cat\/ceipmdangels\/wp-json\/wp\/v2\/categories?post=9322"},{"taxonomy":"post_tag","embeddable":true,"href":"https:\/\/agora.xtec.cat\/ceipmdangels\/wp-json\/wp\/v2\/tags?post=9322"}],"curies":[{"name":"wp","href":"https:\/\/api.w.org\/{rel}","templated":true}]}}