{"id":9283,"date":"2025-04-30T09:59:54","date_gmt":"2025-04-30T07:59:54","guid":{"rendered":"https:\/\/agora.xtec.cat\/ceipmdangels\/?p=9283"},"modified":"2025-04-30T10:02:13","modified_gmt":"2025-04-30T08:02:13","slug":"tarraco-romana-5e-curs-24-25","status":"publish","type":"post","link":"https:\/\/agora.xtec.cat\/ceipmdangels\/portada\/tarraco-romana-5e-curs-24-25\/","title":{"rendered":"T\u00e0rraco romana, 5\u00e8 curs 24-25"},"content":{"rendered":"\n<p>Aquest curs aprofitant el 25\u00e8 aniversari de la declaraci\u00f3 de Patrimoni de la Humanitat de T\u00e0rraco, l&#8217;alumnat de 5\u00e8 ha fet una sortida a la ciutat per veure tot el llegat hist\u00f2ric i monumental que tenim.<\/p>\n\n\n\n<p><a href=\"https:\/\/photos.app.goo.gl\/kCV9TvpwQNU5RF698\" target=\"_blank\" rel=\"noreferrer noopener\">\u00c0lbum de fotos<\/a><\/p>\n\n\n\n<figure class=\"wp-block-image size-large is-resized\"><a href=\"https:\/\/agora.xtec.cat\/ceipmdangels\/wp-content\/uploads\/usu320\/2025\/04\/5fedff67-4ec4-4469-a95d-05916bd89f20.jpg\"><img loading=\"lazy\" decoding=\"async\" width=\"1024\" height=\"768\" src=\"https:\/\/agora.xtec.cat\/ceipmdangels\/wp-content\/uploads\/usu320\/2025\/04\/5fedff67-4ec4-4469-a95d-05916bd89f20-1024x768.jpg\" alt=\"\" class=\"wp-image-9284\" style=\"width:510px;height:auto\" srcset=\"https:\/\/agora.xtec.cat\/ceipmdangels\/wp-content\/uploads\/usu320\/2025\/04\/5fedff67-4ec4-4469-a95d-05916bd89f20-1024x768.jpg 1024w, https:\/\/agora.xtec.cat\/ceipmdangels\/wp-content\/uploads\/usu320\/2025\/04\/5fedff67-4ec4-4469-a95d-05916bd89f20-300x225.jpg 300w, https:\/\/agora.xtec.cat\/ceipmdangels\/wp-content\/uploads\/usu320\/2025\/04\/5fedff67-4ec4-4469-a95d-05916bd89f20-768x576.jpg 768w, https:\/\/agora.xtec.cat\/ceipmdangels\/wp-content\/uploads\/usu320\/2025\/04\/5fedff67-4ec4-4469-a95d-05916bd89f20-1536x1152.jpg 1536w, https:\/\/agora.xtec.cat\/ceipmdangels\/wp-content\/uploads\/usu320\/2025\/04\/5fedff67-4ec4-4469-a95d-05916bd89f20-200x150.jpg 200w, https:\/\/agora.xtec.cat\/ceipmdangels\/wp-content\/uploads\/usu320\/2025\/04\/5fedff67-4ec4-4469-a95d-05916bd89f20.jpg 1600w\" sizes=\"auto, (max-width: 1024px) 100vw, 1024px\" \/><\/a><\/figure>\n","protected":false},"excerpt":{"rendered":"<p>Aquest curs aprofitant el 25\u00e8 aniversari de la declaraci\u00f3 de Patrimoni de la Humanitat de T\u00e0rraco, l&#8217;alumnat de 5\u00e8 ha fet una sortida a la ciutat per veure tot el llegat hist\u00f2ric i monumental que tenim.<\/p>\n<p><a href=\"https:\/\/photos.app.goo.gl\/kCV9TvpwQNU5RF698\" target=\"_blank\" rel=\"noreferrer noopener\">\u00c0lbum de fotos<\/a><\/p>\n<p><a href=\"https:\/\/agora.xtec.cat\/ceipmdangels\/wp-content\/uploads\/usu320\/2025\/04\/5fedff67-4ec4-4469-a95d-05916bd89f20.jpg\"><\/a><\/p>\n","protected":false},"author":1,"featured_media":0,"comment_status":"closed","ping_status":"open","sticky":false,"template":"","format":"standard","meta":{"_bbp_topic_count":0,"_bbp_reply_count":0,"_bbp_total_topic_count":0,"_bbp_total_reply_count":0,"_bbp_voice_count":0,"_bbp_anonymous_reply_count":0,"_bbp_topic_count_hidden":0,"_bbp_reply_count_hidden":0,"_bbp_forum_subforum_count":0,"footnotes":""},"categories":[217,209,4],"tags":[],"class_list":["post-9283","post","type-post","status-publish","format-standard","hentry","category-5e-curs-24-25","category-bloc-daula-curs-24-25","category-portada"],"post_mailing_queue_ids":[],"_links":{"self":[{"href":"https:\/\/agora.xtec.cat\/ceipmdangels\/wp-json\/wp\/v2\/posts\/9283","targetHints":{"allow":["GET"]}}],"collection":[{"href":"https:\/\/agora.xtec.cat\/ceipmdangels\/wp-json\/wp\/v2\/posts"}],"about":[{"href":"https:\/\/agora.xtec.cat\/ceipmdangels\/wp-json\/wp\/v2\/types\/post"}],"author":[{"embeddable":true,"href":"https:\/\/agora.xtec.cat\/ceipmdangels\/wp-json\/wp\/v2\/users\/1"}],"replies":[{"embeddable":true,"href":"https:\/\/agora.xtec.cat\/ceipmdangels\/wp-json\/wp\/v2\/comments?post=9283"}],"version-history":[{"count":2,"href":"https:\/\/agora.xtec.cat\/ceipmdangels\/wp-json\/wp\/v2\/posts\/9283\/revisions"}],"predecessor-version":[{"id":9286,"href":"https:\/\/agora.xtec.cat\/ceipmdangels\/wp-json\/wp\/v2\/posts\/9283\/revisions\/9286"}],"wp:attachment":[{"href":"https:\/\/agora.xtec.cat\/ceipmdangels\/wp-json\/wp\/v2\/media?parent=9283"}],"wp:term":[{"taxonomy":"category","embeddable":true,"href":"https:\/\/agora.xtec.cat\/ceipmdangels\/wp-json\/wp\/v2\/categories?post=9283"},{"taxonomy":"post_tag","embeddable":true,"href":"https:\/\/agora.xtec.cat\/ceipmdangels\/wp-json\/wp\/v2\/tags?post=9283"}],"curies":[{"name":"wp","href":"https:\/\/api.w.org\/{rel}","templated":true}]}}