{"id":9195,"date":"2025-03-27T17:24:17","date_gmt":"2025-03-27T16:24:17","guid":{"rendered":"https:\/\/agora.xtec.cat\/ceipmdangels\/?p=9195"},"modified":"2025-03-27T17:25:03","modified_gmt":"2025-03-27T16:25:03","slug":"xxi-certamen-de-lectura-en-veu-alta-de-tarragona","status":"publish","type":"post","link":"https:\/\/agora.xtec.cat\/ceipmdangels\/general\/xxi-certamen-de-lectura-en-veu-alta-de-tarragona\/","title":{"rendered":"XXI Certamen de Lectura en veu Alta de Tarragona."},"content":{"rendered":"\n<p>La Kayla Wayne Lorente i el Mois\u00e9s V\u00e1zquez Ca\u00f1\u00f3n han guanyat la semifinal del XXI Certamen de Lectura en veu Alta de Tarragona. Ara han de participar a la Final Territorial que se celebrar\u00e0 a l\u2019abril a l\u2019Auditori de Tarragona. Felicitem tamb\u00e9 als altres alumnes de l\u2019escola que s\u2019han presentat i han participat en aquesta edici\u00f3 perqu\u00e8 ho han fet molt b\u00e9. Enhorabona campions!<\/p>\n\n\n\n<figure class=\"wp-block-image size-medium\"><a href=\"https:\/\/agora.xtec.cat\/ceipmdangels\/wp-content\/uploads\/usu320\/2025\/03\/IMG_2209.jpeg\"><img loading=\"lazy\" decoding=\"async\" width=\"169\" height=\"300\" src=\"https:\/\/agora.xtec.cat\/ceipmdangels\/wp-content\/uploads\/usu320\/2025\/03\/IMG_2209-169x300.jpeg\" alt=\"\" class=\"wp-image-9196\" srcset=\"https:\/\/agora.xtec.cat\/ceipmdangels\/wp-content\/uploads\/usu320\/2025\/03\/IMG_2209-169x300.jpeg 169w, https:\/\/agora.xtec.cat\/ceipmdangels\/wp-content\/uploads\/usu320\/2025\/03\/IMG_2209-576x1024.jpeg 576w, https:\/\/agora.xtec.cat\/ceipmdangels\/wp-content\/uploads\/usu320\/2025\/03\/IMG_2209-768x1365.jpeg 768w, https:\/\/agora.xtec.cat\/ceipmdangels\/wp-content\/uploads\/usu320\/2025\/03\/IMG_2209-864x1536.jpeg 864w, https:\/\/agora.xtec.cat\/ceipmdangels\/wp-content\/uploads\/usu320\/2025\/03\/IMG_2209.jpeg 1152w\" sizes=\"auto, (max-width: 169px) 100vw, 169px\" \/><\/a><\/figure>\n\n\n\n<figure class=\"wp-block-image size-medium\"><a href=\"https:\/\/agora.xtec.cat\/ceipmdangels\/wp-content\/uploads\/usu320\/2025\/03\/IMG_2210.jpeg\"><img loading=\"lazy\" decoding=\"async\" width=\"169\" height=\"300\" src=\"https:\/\/agora.xtec.cat\/ceipmdangels\/wp-content\/uploads\/usu320\/2025\/03\/IMG_2210-169x300.jpeg\" alt=\"\" class=\"wp-image-9197\" srcset=\"https:\/\/agora.xtec.cat\/ceipmdangels\/wp-content\/uploads\/usu320\/2025\/03\/IMG_2210-169x300.jpeg 169w, https:\/\/agora.xtec.cat\/ceipmdangels\/wp-content\/uploads\/usu320\/2025\/03\/IMG_2210-576x1024.jpeg 576w, https:\/\/agora.xtec.cat\/ceipmdangels\/wp-content\/uploads\/usu320\/2025\/03\/IMG_2210-768x1365.jpeg 768w, https:\/\/agora.xtec.cat\/ceipmdangels\/wp-content\/uploads\/usu320\/2025\/03\/IMG_2210-864x1536.jpeg 864w, https:\/\/agora.xtec.cat\/ceipmdangels\/wp-content\/uploads\/usu320\/2025\/03\/IMG_2210.jpeg 1152w\" sizes=\"auto, (max-width: 169px) 100vw, 169px\" \/><\/a><\/figure>\n\n\n\n<figure class=\"wp-block-image size-medium\"><a href=\"https:\/\/agora.xtec.cat\/ceipmdangels\/wp-content\/uploads\/usu320\/2025\/03\/IMG_2211.jpeg\"><img loading=\"lazy\" decoding=\"async\" width=\"169\" height=\"300\" src=\"https:\/\/agora.xtec.cat\/ceipmdangels\/wp-content\/uploads\/usu320\/2025\/03\/IMG_2211-169x300.jpeg\" alt=\"\" class=\"wp-image-9198\" srcset=\"https:\/\/agora.xtec.cat\/ceipmdangels\/wp-content\/uploads\/usu320\/2025\/03\/IMG_2211-169x300.jpeg 169w, https:\/\/agora.xtec.cat\/ceipmdangels\/wp-content\/uploads\/usu320\/2025\/03\/IMG_2211-576x1024.jpeg 576w, https:\/\/agora.xtec.cat\/ceipmdangels\/wp-content\/uploads\/usu320\/2025\/03\/IMG_2211-768x1365.jpeg 768w, https:\/\/agora.xtec.cat\/ceipmdangels\/wp-content\/uploads\/usu320\/2025\/03\/IMG_2211-864x1536.jpeg 864w, https:\/\/agora.xtec.cat\/ceipmdangels\/wp-content\/uploads\/usu320\/2025\/03\/IMG_2211.jpeg 1152w\" sizes=\"auto, (max-width: 169px) 100vw, 169px\" \/><\/a><\/figure>\n","protected":false},"excerpt":{"rendered":"<p>La Kayla Wayne Lorente i el Mois\u00e9s V\u00e1zquez Ca\u00f1\u00f3n han guanyat la semifinal del XXI Certamen de Lectura en veu Alta de Tarragona. Ara han de participar a la Final Territorial que se celebrar\u00e0 a l\u2019abril a l\u2019Auditori de Tarragona. Felicitem tamb\u00e9 als altres alumnes&hellip;  <a href=\"https:\/\/agora.xtec.cat\/ceipmdangels\/general\/xxi-certamen-de-lectura-en-veu-alta-de-tarragona\/\" title=\"Read XXI Certamen de Lectura en veu Alta de Tarragona.\">Llegeix m\u00e9s\u00bb<\/a><\/p>\n","protected":false},"author":1,"featured_media":0,"comment_status":"closed","ping_status":"open","sticky":false,"template":"","format":"standard","meta":{"_bbp_topic_count":0,"_bbp_reply_count":0,"_bbp_total_topic_count":0,"_bbp_total_reply_count":0,"_bbp_voice_count":0,"_bbp_anonymous_reply_count":0,"_bbp_topic_count_hidden":0,"_bbp_reply_count_hidden":0,"_bbp_forum_subforum_count":0,"footnotes":""},"categories":[215,218,21,209,1,4],"tags":[],"class_list":["post-9195","post","type-post","status-publish","format-standard","hentry","category-3r-curs-24-25","category-6e-curs-24-25","category-activitats-comunes","category-bloc-daula-curs-24-25","category-general","category-portada"],"post_mailing_queue_ids":[],"_links":{"self":[{"href":"https:\/\/agora.xtec.cat\/ceipmdangels\/wp-json\/wp\/v2\/posts\/9195","targetHints":{"allow":["GET"]}}],"collection":[{"href":"https:\/\/agora.xtec.cat\/ceipmdangels\/wp-json\/wp\/v2\/posts"}],"about":[{"href":"https:\/\/agora.xtec.cat\/ceipmdangels\/wp-json\/wp\/v2\/types\/post"}],"author":[{"embeddable":true,"href":"https:\/\/agora.xtec.cat\/ceipmdangels\/wp-json\/wp\/v2\/users\/1"}],"replies":[{"embeddable":true,"href":"https:\/\/agora.xtec.cat\/ceipmdangels\/wp-json\/wp\/v2\/comments?post=9195"}],"version-history":[{"count":2,"href":"https:\/\/agora.xtec.cat\/ceipmdangels\/wp-json\/wp\/v2\/posts\/9195\/revisions"}],"predecessor-version":[{"id":9200,"href":"https:\/\/agora.xtec.cat\/ceipmdangels\/wp-json\/wp\/v2\/posts\/9195\/revisions\/9200"}],"wp:attachment":[{"href":"https:\/\/agora.xtec.cat\/ceipmdangels\/wp-json\/wp\/v2\/media?parent=9195"}],"wp:term":[{"taxonomy":"category","embeddable":true,"href":"https:\/\/agora.xtec.cat\/ceipmdangels\/wp-json\/wp\/v2\/categories?post=9195"},{"taxonomy":"post_tag","embeddable":true,"href":"https:\/\/agora.xtec.cat\/ceipmdangels\/wp-json\/wp\/v2\/tags?post=9195"}],"curies":[{"name":"wp","href":"https:\/\/api.w.org\/{rel}","templated":true}]}}