{"id":9126,"date":"2025-03-05T09:45:01","date_gmt":"2025-03-05T08:45:01","guid":{"rendered":"https:\/\/agora.xtec.cat\/ceipmdangels\/?p=9126"},"modified":"2025-03-05T09:45:02","modified_gmt":"2025-03-05T08:45:02","slug":"carnaval-i5-a-2","status":"publish","type":"post","link":"https:\/\/agora.xtec.cat\/ceipmdangels\/general\/carnaval-i5-a-2\/","title":{"rendered":"Carnaval I5-A"},"content":{"rendered":"\n<p><a href=\"https:\/\/photos.app.goo.gl\/HtcsP439oG7qKoQh7\">https:\/\/photos.app.goo.gl\/HtcsP439oG7qKoQh7<\/a><\/p>\n\n\n\n<figure class=\"wp-block-image size-large\"><a href=\"https:\/\/agora.xtec.cat\/ceipmdangels\/wp-content\/uploads\/usu320\/2025\/03\/image-1.png\"><img loading=\"lazy\" decoding=\"async\" width=\"1024\" height=\"768\" src=\"https:\/\/agora.xtec.cat\/ceipmdangels\/wp-content\/uploads\/usu320\/2025\/03\/image-1-1024x768.png\" alt=\"\" class=\"wp-image-9127\" srcset=\"https:\/\/agora.xtec.cat\/ceipmdangels\/wp-content\/uploads\/usu320\/2025\/03\/image-1-1024x768.png 1024w, https:\/\/agora.xtec.cat\/ceipmdangels\/wp-content\/uploads\/usu320\/2025\/03\/image-1-300x225.png 300w, https:\/\/agora.xtec.cat\/ceipmdangels\/wp-content\/uploads\/usu320\/2025\/03\/image-1-768x576.png 768w, https:\/\/agora.xtec.cat\/ceipmdangels\/wp-content\/uploads\/usu320\/2025\/03\/image-1-200x150.png 200w, https:\/\/agora.xtec.cat\/ceipmdangels\/wp-content\/uploads\/usu320\/2025\/03\/image-1.png 1170w\" sizes=\"auto, (max-width: 1024px) 100vw, 1024px\" \/><\/a><\/figure>\n\n\n\n<p>Un any m\u00e9s hem gaudit del Carnaval a la nostra escola. Ens hem disfressat de Centurions i ens ho hem passat s\u00faper b\u00e9.<\/p>\n\n\n\n<p><\/p>\n","protected":false},"excerpt":{"rendered":"<p><a href=\"https:\/\/photos.app.goo.gl\/HtcsP439oG7qKoQh7\">https:\/\/photos.app.goo.gl\/HtcsP439oG7qKoQh7<\/a><\/p>\n<p><a href=\"https:\/\/agora.xtec.cat\/ceipmdangels\/wp-content\/uploads\/usu320\/2025\/03\/image-1.png\"><\/a><\/p>\n<p>Un any m\u00e9s hem gaudit del Carnaval a la nostra escola. Ens hem disfressat de Centurions i ens ho hem passat s\u00faper b\u00e9.<\/p>\n","protected":false},"author":11,"featured_media":0,"comment_status":"closed","ping_status":"open","sticky":false,"template":"","format":"standard","meta":{"_bbp_topic_count":0,"_bbp_reply_count":0,"_bbp_total_topic_count":0,"_bbp_total_reply_count":0,"_bbp_voice_count":0,"_bbp_anonymous_reply_count":0,"_bbp_topic_count_hidden":0,"_bbp_reply_count_hidden":0,"_bbp_forum_subforum_count":0,"footnotes":""},"categories":[29,22,1,212,4],"tags":[],"class_list":["post-9126","post","type-post","status-publish","format-standard","hentry","category-carnaval","category-educacio-infantil","category-general","category-i5-curs-24-25","category-portada"],"post_mailing_queue_ids":[],"_links":{"self":[{"href":"https:\/\/agora.xtec.cat\/ceipmdangels\/wp-json\/wp\/v2\/posts\/9126","targetHints":{"allow":["GET"]}}],"collection":[{"href":"https:\/\/agora.xtec.cat\/ceipmdangels\/wp-json\/wp\/v2\/posts"}],"about":[{"href":"https:\/\/agora.xtec.cat\/ceipmdangels\/wp-json\/wp\/v2\/types\/post"}],"author":[{"embeddable":true,"href":"https:\/\/agora.xtec.cat\/ceipmdangels\/wp-json\/wp\/v2\/users\/11"}],"replies":[{"embeddable":true,"href":"https:\/\/agora.xtec.cat\/ceipmdangels\/wp-json\/wp\/v2\/comments?post=9126"}],"version-history":[{"count":1,"href":"https:\/\/agora.xtec.cat\/ceipmdangels\/wp-json\/wp\/v2\/posts\/9126\/revisions"}],"predecessor-version":[{"id":9128,"href":"https:\/\/agora.xtec.cat\/ceipmdangels\/wp-json\/wp\/v2\/posts\/9126\/revisions\/9128"}],"wp:attachment":[{"href":"https:\/\/agora.xtec.cat\/ceipmdangels\/wp-json\/wp\/v2\/media?parent=9126"}],"wp:term":[{"taxonomy":"category","embeddable":true,"href":"https:\/\/agora.xtec.cat\/ceipmdangels\/wp-json\/wp\/v2\/categories?post=9126"},{"taxonomy":"post_tag","embeddable":true,"href":"https:\/\/agora.xtec.cat\/ceipmdangels\/wp-json\/wp\/v2\/tags?post=9126"}],"curies":[{"name":"wp","href":"https:\/\/api.w.org\/{rel}","templated":true}]}}