{"id":9119,"date":"2025-03-01T10:22:24","date_gmt":"2025-03-01T09:22:24","guid":{"rendered":"https:\/\/agora.xtec.cat\/ceipmdangels\/?p=9119"},"modified":"2025-03-01T10:25:10","modified_gmt":"2025-03-01T09:25:10","slug":"vivint-el-carnaval-i4","status":"publish","type":"post","link":"https:\/\/agora.xtec.cat\/ceipmdangels\/portada\/vivint-el-carnaval-i4\/","title":{"rendered":"VIVINT EL CARNAVAL I4"},"content":{"rendered":"\n<figure class=\"wp-block-image size-full\"><a href=\"https:\/\/agora.xtec.cat\/ceipmdangels\/wp-content\/uploads\/usu320\/2025\/03\/image.png\"><img loading=\"lazy\" decoding=\"async\" width=\"855\" height=\"641\" src=\"https:\/\/agora.xtec.cat\/ceipmdangels\/wp-content\/uploads\/usu320\/2025\/03\/image.png\" alt=\"\" class=\"wp-image-9120\" srcset=\"https:\/\/agora.xtec.cat\/ceipmdangels\/wp-content\/uploads\/usu320\/2025\/03\/image.png 855w, https:\/\/agora.xtec.cat\/ceipmdangels\/wp-content\/uploads\/usu320\/2025\/03\/image-300x225.png 300w, https:\/\/agora.xtec.cat\/ceipmdangels\/wp-content\/uploads\/usu320\/2025\/03\/image-768x576.png 768w, https:\/\/agora.xtec.cat\/ceipmdangels\/wp-content\/uploads\/usu320\/2025\/03\/image-200x150.png 200w\" sizes=\"auto, (max-width: 855px) 100vw, 855px\" \/><\/a><\/figure>\n\n\n\n<p>Aquest any hem viscut el carnaval amb molta alegria i il-lusi\u00f3 i aqu\u00ed teniu una representaci\u00f3 de la seva feina.<\/p>\n\n\n\n<p>I4A <a href=\"https:\/\/photos.app.goo.gl\/1BFtEgu3AjsyCs6e8\">https:\/\/photos.app.goo.gl\/1BFtEgu3AjsyCs6e8<\/a><\/p>\n\n\n\n<p>I4B <a href=\"https:\/\/photos.app.goo.gl\/swfZVbX1NPK8s1i79\">https:\/\/photos.app.goo.gl\/swfZVbX1NPK8s1i79<\/a><\/p>\n","protected":false},"excerpt":{"rendered":"<p><a href=\"https:\/\/agora.xtec.cat\/ceipmdangels\/wp-content\/uploads\/usu320\/2025\/03\/image.png\"><\/a><\/p>\n<p>Aquest any hem viscut el carnaval amb molta alegria i il-lusi\u00f3 i aqu\u00ed teniu una representaci\u00f3 de la seva feina.<\/p>\n<p>I4A <a href=\"https:\/\/photos.app.goo.gl\/1BFtEgu3AjsyCs6e8\">https:\/\/photos.app.goo.gl\/1BFtEgu3AjsyCs6e8<\/a><\/p>\n<p>I4B <a href=\"https:\/\/photos.app.goo.gl\/swfZVbX1NPK8s1i79\">https:\/\/photos.app.goo.gl\/swfZVbX1NPK8s1i79<\/a><\/p>\n","protected":false},"author":10,"featured_media":0,"comment_status":"closed","ping_status":"open","sticky":false,"template":"","format":"standard","meta":{"_bbp_topic_count":0,"_bbp_reply_count":0,"_bbp_total_topic_count":0,"_bbp_total_reply_count":0,"_bbp_voice_count":0,"_bbp_anonymous_reply_count":0,"_bbp_topic_count_hidden":0,"_bbp_reply_count_hidden":0,"_bbp_forum_subforum_count":0,"footnotes":""},"categories":[29,22,211,4],"tags":[],"class_list":["post-9119","post","type-post","status-publish","format-standard","hentry","category-carnaval","category-educacio-infantil","category-i4-curs-24-25","category-portada"],"post_mailing_queue_ids":[],"_links":{"self":[{"href":"https:\/\/agora.xtec.cat\/ceipmdangels\/wp-json\/wp\/v2\/posts\/9119","targetHints":{"allow":["GET"]}}],"collection":[{"href":"https:\/\/agora.xtec.cat\/ceipmdangels\/wp-json\/wp\/v2\/posts"}],"about":[{"href":"https:\/\/agora.xtec.cat\/ceipmdangels\/wp-json\/wp\/v2\/types\/post"}],"author":[{"embeddable":true,"href":"https:\/\/agora.xtec.cat\/ceipmdangels\/wp-json\/wp\/v2\/users\/10"}],"replies":[{"embeddable":true,"href":"https:\/\/agora.xtec.cat\/ceipmdangels\/wp-json\/wp\/v2\/comments?post=9119"}],"version-history":[{"count":2,"href":"https:\/\/agora.xtec.cat\/ceipmdangels\/wp-json\/wp\/v2\/posts\/9119\/revisions"}],"predecessor-version":[{"id":9122,"href":"https:\/\/agora.xtec.cat\/ceipmdangels\/wp-json\/wp\/v2\/posts\/9119\/revisions\/9122"}],"wp:attachment":[{"href":"https:\/\/agora.xtec.cat\/ceipmdangels\/wp-json\/wp\/v2\/media?parent=9119"}],"wp:term":[{"taxonomy":"category","embeddable":true,"href":"https:\/\/agora.xtec.cat\/ceipmdangels\/wp-json\/wp\/v2\/categories?post=9119"},{"taxonomy":"post_tag","embeddable":true,"href":"https:\/\/agora.xtec.cat\/ceipmdangels\/wp-json\/wp\/v2\/tags?post=9119"}],"curies":[{"name":"wp","href":"https:\/\/api.w.org\/{rel}","templated":true}]}}