{"id":8844,"date":"2024-11-29T16:29:14","date_gmt":"2024-11-29T15:29:14","guid":{"rendered":"https:\/\/agora.xtec.cat\/ceipmdangels\/?p=8844"},"modified":"2024-11-29T16:29:15","modified_gmt":"2024-11-29T15:29:15","slug":"nadales-al-tac-12","status":"publish","type":"post","link":"https:\/\/agora.xtec.cat\/ceipmdangels\/portada\/nadales-al-tac-12\/","title":{"rendered":"NADALES AL TAC 12"},"content":{"rendered":"\n<p>Avui l&#8217;alumnat de 4t de l&#8217;escola ha anat a gravar unes nadales a la televisi\u00f3 TAC12. Ha estat una experi\u00e8ncia inoblidable! Ara haurem d&#8217;esperar a veure&#8217;ns per la televisi\u00f3.<\/p>\n\n\n\n<figure class=\"wp-block-image size-full is-resized\"><a href=\"https:\/\/agora.xtec.cat\/ceipmdangels\/wp-content\/uploads\/usu320\/2024\/11\/IMG_9206.jpg\"><img loading=\"lazy\" decoding=\"async\" width=\"640\" height=\"480\" src=\"https:\/\/agora.xtec.cat\/ceipmdangels\/wp-content\/uploads\/usu320\/2024\/11\/IMG_9206.jpg\" alt=\"\" class=\"wp-image-8845\" style=\"width:646px;height:auto\" srcset=\"https:\/\/agora.xtec.cat\/ceipmdangels\/wp-content\/uploads\/usu320\/2024\/11\/IMG_9206.jpg 640w, https:\/\/agora.xtec.cat\/ceipmdangels\/wp-content\/uploads\/usu320\/2024\/11\/IMG_9206-300x225.jpg 300w, https:\/\/agora.xtec.cat\/ceipmdangels\/wp-content\/uploads\/usu320\/2024\/11\/IMG_9206-200x150.jpg 200w\" sizes=\"auto, (max-width: 640px) 100vw, 640px\" \/><\/a><\/figure>\n\n\n\n<figure class=\"wp-block-image size-large is-resized\"><a href=\"https:\/\/agora.xtec.cat\/ceipmdangels\/wp-content\/uploads\/usu320\/2024\/11\/8d0a2704-1014-4339-b3c3-d7130c085d5a.jpg\"><img loading=\"lazy\" decoding=\"async\" width=\"1024\" height=\"771\" src=\"https:\/\/agora.xtec.cat\/ceipmdangels\/wp-content\/uploads\/usu320\/2024\/11\/8d0a2704-1014-4339-b3c3-d7130c085d5a-1024x771.jpg\" alt=\"\" class=\"wp-image-8846\" style=\"width:653px;height:auto\" srcset=\"https:\/\/agora.xtec.cat\/ceipmdangels\/wp-content\/uploads\/usu320\/2024\/11\/8d0a2704-1014-4339-b3c3-d7130c085d5a-1024x771.jpg 1024w, https:\/\/agora.xtec.cat\/ceipmdangels\/wp-content\/uploads\/usu320\/2024\/11\/8d0a2704-1014-4339-b3c3-d7130c085d5a-300x226.jpg 300w, https:\/\/agora.xtec.cat\/ceipmdangels\/wp-content\/uploads\/usu320\/2024\/11\/8d0a2704-1014-4339-b3c3-d7130c085d5a-768x578.jpg 768w, https:\/\/agora.xtec.cat\/ceipmdangels\/wp-content\/uploads\/usu320\/2024\/11\/8d0a2704-1014-4339-b3c3-d7130c085d5a-1536x1156.jpg 1536w, https:\/\/agora.xtec.cat\/ceipmdangels\/wp-content\/uploads\/usu320\/2024\/11\/8d0a2704-1014-4339-b3c3-d7130c085d5a-200x150.jpg 200w, https:\/\/agora.xtec.cat\/ceipmdangels\/wp-content\/uploads\/usu320\/2024\/11\/8d0a2704-1014-4339-b3c3-d7130c085d5a.jpg 1600w\" sizes=\"auto, (max-width: 1024px) 100vw, 1024px\" \/><\/a><\/figure>\n","protected":false},"excerpt":{"rendered":"<p>Avui l&#8217;alumnat de 4t de l&#8217;escola ha anat a gravar unes nadales a la televisi\u00f3 TAC12. Ha estat una experi\u00e8ncia inoblidable! Ara haurem d&#8217;esperar a veure&#8217;ns per la televisi\u00f3.<\/p>\n<p><a href=\"https:\/\/agora.xtec.cat\/ceipmdangels\/wp-content\/uploads\/usu320\/2024\/11\/IMG_9206.jpg\"><\/a><\/p>\n<p><a href=\"https:\/\/agora.xtec.cat\/ceipmdangels\/wp-content\/uploads\/usu320\/2024\/11\/8d0a2704-1014-4339-b3c3-d7130c085d5a.jpg\"><\/a><\/p>\n","protected":false},"author":1,"featured_media":0,"comment_status":"closed","ping_status":"open","sticky":false,"template":"","format":"standard","meta":{"_bbp_topic_count":0,"_bbp_reply_count":0,"_bbp_total_topic_count":0,"_bbp_total_reply_count":0,"_bbp_voice_count":0,"_bbp_anonymous_reply_count":0,"_bbp_topic_count_hidden":0,"_bbp_reply_count_hidden":0,"_bbp_forum_subforum_count":0,"footnotes":""},"categories":[216,209,208,4],"tags":[],"class_list":["post-8844","post","type-post","status-publish","format-standard","hentry","category-4t-curs-24-25","category-bloc-daula-curs-24-25","category-musica","category-portada"],"post_mailing_queue_ids":[],"_links":{"self":[{"href":"https:\/\/agora.xtec.cat\/ceipmdangels\/wp-json\/wp\/v2\/posts\/8844","targetHints":{"allow":["GET"]}}],"collection":[{"href":"https:\/\/agora.xtec.cat\/ceipmdangels\/wp-json\/wp\/v2\/posts"}],"about":[{"href":"https:\/\/agora.xtec.cat\/ceipmdangels\/wp-json\/wp\/v2\/types\/post"}],"author":[{"embeddable":true,"href":"https:\/\/agora.xtec.cat\/ceipmdangels\/wp-json\/wp\/v2\/users\/1"}],"replies":[{"embeddable":true,"href":"https:\/\/agora.xtec.cat\/ceipmdangels\/wp-json\/wp\/v2\/comments?post=8844"}],"version-history":[{"count":1,"href":"https:\/\/agora.xtec.cat\/ceipmdangels\/wp-json\/wp\/v2\/posts\/8844\/revisions"}],"predecessor-version":[{"id":8847,"href":"https:\/\/agora.xtec.cat\/ceipmdangels\/wp-json\/wp\/v2\/posts\/8844\/revisions\/8847"}],"wp:attachment":[{"href":"https:\/\/agora.xtec.cat\/ceipmdangels\/wp-json\/wp\/v2\/media?parent=8844"}],"wp:term":[{"taxonomy":"category","embeddable":true,"href":"https:\/\/agora.xtec.cat\/ceipmdangels\/wp-json\/wp\/v2\/categories?post=8844"},{"taxonomy":"post_tag","embeddable":true,"href":"https:\/\/agora.xtec.cat\/ceipmdangels\/wp-json\/wp\/v2\/tags?post=8844"}],"curies":[{"name":"wp","href":"https:\/\/api.w.org\/{rel}","templated":true}]}}