{"id":882,"date":"2015-11-12T13:18:25","date_gmt":"2015-11-12T12:18:25","guid":{"rendered":"http:\/\/agora.xtec.cat\/ceipmdangels\/?p=882"},"modified":"2022-04-21T15:56:28","modified_gmt":"2022-04-21T13:56:28","slug":"el-tren-de-la-coeducacio","status":"publish","type":"post","link":"https:\/\/agora.xtec.cat\/ceipmdangels\/portada\/el-tren-de-la-coeducacio\/","title":{"rendered":"El tren de la coeducaci\u00f3"},"content":{"rendered":"<p><embed width=\"288\" height=\"192\" type=\"application\/x-shockwave-flash\" src=\"https:\/\/photos.gstatic.com\/media\/slideshow.swf\" flashvars=\"host=picasaweb.google.com&amp;hl=es&amp;feat=flashalbum&amp;RGB=0x000000&amp;feed=https%3A%2F%2Fpicasaweb.google.com%2Fdata%2Ffeed%2Fapi%2Fuser%2F111847518725419516497%2Falbumid%2F6216233906682402321%3Falt%3Drss%26kind%3Dphoto%26authkey%3DGv1sRgCPGW4Yb_8M70QA%26hl%3Des\" pluginspage=\"http:\/\/www.macromedia.com\/go\/getflashplayer\"><\/embed><\/p>\n<p>A l&#8217;escola hem treballat a trav\u00e9s d&#8217;uns tallers la coeducaci\u00f3 tot coincidint amb el <strong><span style=\"color: #800080;\"><em>Dia Internacional contra la Viol\u00e8ncia de G\u00e8nere<\/em><\/span><\/strong> el dia 25 d&#8217;octubre.<\/p>\n<p>&#8211; El qu\u00e8 m\u00e9s m&#8217;ha agradat es quan hem parlat que l&#8217;home i la dona s\u00f3n iguals.<em> Mariam Dahmani 5\u00e8 A<\/em><\/p>\n<p>&#8211; <strong>Em va agradar quan vam comentar sobre els anuncis si eren per a nens o nenes<\/strong>. <em>Ariadna Moreno 5\u00e8 B<\/em><\/p>\n<p>&#8211; <strong>Vam parlar dels homes i les dones que podien fer el mateix.<\/strong> <em>Aakasha Asif 6\u00e8 B<\/em><\/p>\n<p>&#8211;<strong> El qu\u00e8 m\u00e9s em va agradar es el joc de l&#8217;entrevista de treball que et preguntaven coses i havies de fer coses per\u00f2 no podies parlar. Les respostes eren amb gestos.<\/strong> <em>Aaron Moreno 6\u00e8 A<\/em><\/p>\n","protected":false},"excerpt":{"rendered":"<p>A l&#8217;escola hem treballat a trav\u00e9s d&#8217;uns tallers la coeducaci\u00f3 tot coincidint amb el Dia Internacional contra la Viol\u00e8ncia de G\u00e8nere el dia 25 d&#8217;octubre.<br \/>\n&#8211; El qu\u00e8 m\u00e9s m&#8217;ha agradat es quan hem parlat que l&#8217;home i la dona s\u00f3n iguals. Mariam Dahmani 5\u00e8 A<br \/>\n&#8211;&hellip;  <a href=\"https:\/\/agora.xtec.cat\/ceipmdangels\/portada\/el-tren-de-la-coeducacio\/\" title=\"Read El tren de la coeducaci\u00f3\">Llegeix m\u00e9s\u00bb<\/a><\/p>\n","protected":false},"author":6,"featured_media":0,"comment_status":"open","ping_status":"open","sticky":false,"template":"","format":"standard","meta":{"_bbp_topic_count":0,"_bbp_reply_count":0,"_bbp_total_topic_count":0,"_bbp_total_reply_count":0,"_bbp_voice_count":0,"_bbp_anonymous_reply_count":0,"_bbp_topic_count_hidden":0,"_bbp_reply_count_hidden":0,"_bbp_forum_subforum_count":0,"footnotes":""},"categories":[25,152,4],"tags":[],"class_list":["post-882","post","type-post","status-publish","format-standard","hentry","category-cicle-superior","category-curs-2015-16","category-portada"],"post_mailing_queue_ids":[],"_links":{"self":[{"href":"https:\/\/agora.xtec.cat\/ceipmdangels\/wp-json\/wp\/v2\/posts\/882","targetHints":{"allow":["GET"]}}],"collection":[{"href":"https:\/\/agora.xtec.cat\/ceipmdangels\/wp-json\/wp\/v2\/posts"}],"about":[{"href":"https:\/\/agora.xtec.cat\/ceipmdangels\/wp-json\/wp\/v2\/types\/post"}],"author":[{"embeddable":true,"href":"https:\/\/agora.xtec.cat\/ceipmdangels\/wp-json\/wp\/v2\/users\/6"}],"replies":[{"embeddable":true,"href":"https:\/\/agora.xtec.cat\/ceipmdangels\/wp-json\/wp\/v2\/comments?post=882"}],"version-history":[{"count":3,"href":"https:\/\/agora.xtec.cat\/ceipmdangels\/wp-json\/wp\/v2\/posts\/882\/revisions"}],"predecessor-version":[{"id":1026,"href":"https:\/\/agora.xtec.cat\/ceipmdangels\/wp-json\/wp\/v2\/posts\/882\/revisions\/1026"}],"wp:attachment":[{"href":"https:\/\/agora.xtec.cat\/ceipmdangels\/wp-json\/wp\/v2\/media?parent=882"}],"wp:term":[{"taxonomy":"category","embeddable":true,"href":"https:\/\/agora.xtec.cat\/ceipmdangels\/wp-json\/wp\/v2\/categories?post=882"},{"taxonomy":"post_tag","embeddable":true,"href":"https:\/\/agora.xtec.cat\/ceipmdangels\/wp-json\/wp\/v2\/tags?post=882"}],"curies":[{"name":"wp","href":"https:\/\/api.w.org\/{rel}","templated":true}]}}