{"id":8506,"date":"2024-04-19T16:22:57","date_gmt":"2024-04-19T14:22:57","guid":{"rendered":"https:\/\/agora.xtec.cat\/ceipmdangels\/?p=8506"},"modified":"2024-04-19T16:22:57","modified_gmt":"2024-04-19T14:22:57","slug":"projectes-multimedia-de-6e-musica-i-art-visual","status":"publish","type":"post","link":"https:\/\/agora.xtec.cat\/ceipmdangels\/portada\/projectes-multimedia-de-6e-musica-i-art-visual\/","title":{"rendered":"Projectes multim\u00e8dia de 6\u00e8. M\u00fasica i art visual"},"content":{"rendered":"<p>Durant el segon trimestre a les classes de m\u00fasica s&#8217;ha treballat la relaci\u00f3 entre la m\u00fasica i l&#8217;art visual. Per acabar de concloure el tema l&#8217;alumnat ha realitzat un projecte multim\u00e8dia on es combina la m\u00fasica, l&#8217;art visual en format dibuix i v\u00eddeo i el text. Esperem que us agrada molt. Que comenci la funci\u00f3!<\/p>\n<p><iframe loading=\"lazy\" src=\"\/\/www.youtube.com\/embed\/WkMCQFRu5to\" width=\"560\" height=\"314\" allowfullscreen=\"allowfullscreen\"><\/iframe><\/p>\n<p><iframe loading=\"lazy\" src=\"\/\/www.youtube.com\/embed\/cd0rizxhcOc?si=68EueSlF-f2erorp\" width=\"560\" height=\"314\" allowfullscreen=\"allowfullscreen\"><\/iframe><\/p>\n<p><iframe loading=\"lazy\" src=\"\/\/www.youtube.com\/embed\/bmkJMXJkVsU\" width=\"560\" height=\"314\" allowfullscreen=\"allowfullscreen\"><\/iframe><\/p>\n<p>&nbsp;<\/p>\n","protected":false},"excerpt":{"rendered":"<p>Durant el segon trimestre a les classes de m\u00fasica s&#8217;ha treballat la relaci\u00f3 entre la m\u00fasica i l&#8217;art visual. Per acabar de concloure el tema l&#8217;alumnat ha realitzat un projecte multim\u00e8dia on es combina la m\u00fasica, l&#8217;art visual en format dibuix i v\u00eddeo i el&hellip;  <a href=\"https:\/\/agora.xtec.cat\/ceipmdangels\/portada\/projectes-multimedia-de-6e-musica-i-art-visual\/\" title=\"Read Projectes multim\u00e8dia de 6\u00e8. M\u00fasica i art visual\">Llegeix m\u00e9s\u00bb<\/a><\/p>\n","protected":false},"author":1,"featured_media":8507,"comment_status":"closed","ping_status":"closed","sticky":false,"template":"","format":"standard","meta":{"_bbp_topic_count":0,"_bbp_reply_count":0,"_bbp_total_topic_count":0,"_bbp_total_reply_count":0,"_bbp_voice_count":0,"_bbp_anonymous_reply_count":0,"_bbp_topic_count_hidden":0,"_bbp_reply_count_hidden":0,"_bbp_forum_subforum_count":0,"footnotes":""},"categories":[206,191,25,208,4],"tags":[],"class_list":["post-8506","post","type-post","status-publish","format-standard","has-post-thumbnail","hentry","category-6e-curs-23-24","category-bloc-daula-curs-23-24","category-cicle-superior","category-musica","category-portada"],"post_mailing_queue_ids":[],"_links":{"self":[{"href":"https:\/\/agora.xtec.cat\/ceipmdangels\/wp-json\/wp\/v2\/posts\/8506","targetHints":{"allow":["GET"]}}],"collection":[{"href":"https:\/\/agora.xtec.cat\/ceipmdangels\/wp-json\/wp\/v2\/posts"}],"about":[{"href":"https:\/\/agora.xtec.cat\/ceipmdangels\/wp-json\/wp\/v2\/types\/post"}],"author":[{"embeddable":true,"href":"https:\/\/agora.xtec.cat\/ceipmdangels\/wp-json\/wp\/v2\/users\/1"}],"replies":[{"embeddable":true,"href":"https:\/\/agora.xtec.cat\/ceipmdangels\/wp-json\/wp\/v2\/comments?post=8506"}],"version-history":[{"count":1,"href":"https:\/\/agora.xtec.cat\/ceipmdangels\/wp-json\/wp\/v2\/posts\/8506\/revisions"}],"predecessor-version":[{"id":8508,"href":"https:\/\/agora.xtec.cat\/ceipmdangels\/wp-json\/wp\/v2\/posts\/8506\/revisions\/8508"}],"wp:featuredmedia":[{"embeddable":true,"href":"https:\/\/agora.xtec.cat\/ceipmdangels\/wp-json\/wp\/v2\/media\/8507"}],"wp:attachment":[{"href":"https:\/\/agora.xtec.cat\/ceipmdangels\/wp-json\/wp\/v2\/media?parent=8506"}],"wp:term":[{"taxonomy":"category","embeddable":true,"href":"https:\/\/agora.xtec.cat\/ceipmdangels\/wp-json\/wp\/v2\/categories?post=8506"},{"taxonomy":"post_tag","embeddable":true,"href":"https:\/\/agora.xtec.cat\/ceipmdangels\/wp-json\/wp\/v2\/tags?post=8506"}],"curies":[{"name":"wp","href":"https:\/\/api.w.org\/{rel}","templated":true}]}}