{"id":8354,"date":"2024-02-21T14:16:24","date_gmt":"2024-02-21T13:16:24","guid":{"rendered":"https:\/\/agora.xtec.cat\/ceipmdangels\/?p=8354"},"modified":"2024-02-21T14:18:52","modified_gmt":"2024-02-21T13:18:52","slug":"i4-a-lliga-el-conte-i-passal","status":"publish","type":"post","link":"https:\/\/agora.xtec.cat\/ceipmdangels\/general\/i4-a-lliga-el-conte-i-passal\/","title":{"rendered":"I4-A LLIGA EL CONTE I PASSA&#8217;L"},"content":{"rendered":"<p>Durant el mat\u00ed d&#8217;aquest dimecres hem anat al centre c\u00edvic i ens han explicat el conte: <span style=\"text-decoration: underline\">Els invisibles.<\/span> Un llibre que ens descobrir\u00e0 que tots tenim un lloc aqu\u00ed. Tots pertanyem al mateix m\u00f3n.<\/p>\n<p>clica per veure les fotos:\u00a0<a href=\"https:\/\/photos.app.goo.gl\/wignydogc3Km6TGBA\">https:\/\/photos.app.goo.gl\/wignydogc3Km6TGBA<\/a><\/p>\n<p><img loading=\"lazy\" decoding=\"async\" class=\"\" src=\"https:\/\/www.andana.net\/media\/andana\/images\/edition-107364.jpg\" alt=\"Els invisibles - Andana Editorial\" width=\"339\" height=\"306\" \/><\/p>\n","protected":false},"excerpt":{"rendered":"<p>Durant el mat\u00ed d&#8217;aquest dimecres hem anat al centre c\u00edvic i ens han explicat el conte: Els invisibles. Un llibre que ens descobrir\u00e0 que tots tenim un lloc aqu\u00ed. Tots pertanyem al mateix m\u00f3n.<br \/>\nclica per veure les fotos:\u00a0<a href=\"https:\/\/photos.app.goo.gl\/wignydogc3Km6TGBA\">https:\/\/photos.app.goo.gl\/wignydogc3Km6TGBA<\/a><\/p>\n","protected":false},"author":10,"featured_media":8312,"comment_status":"closed","ping_status":"closed","sticky":false,"template":"","format":"standard","meta":{"_bbp_topic_count":0,"_bbp_reply_count":0,"_bbp_total_topic_count":0,"_bbp_total_reply_count":0,"_bbp_voice_count":0,"_bbp_anonymous_reply_count":0,"_bbp_topic_count_hidden":0,"_bbp_reply_count_hidden":0,"_bbp_forum_subforum_count":0,"footnotes":""},"categories":[22,1,199,4],"tags":[],"class_list":["post-8354","post","type-post","status-publish","format-standard","has-post-thumbnail","hentry","category-educacio-infantil","category-general","category-i4-curs-23-24","category-portada"],"post_mailing_queue_ids":[],"_links":{"self":[{"href":"https:\/\/agora.xtec.cat\/ceipmdangels\/wp-json\/wp\/v2\/posts\/8354","targetHints":{"allow":["GET"]}}],"collection":[{"href":"https:\/\/agora.xtec.cat\/ceipmdangels\/wp-json\/wp\/v2\/posts"}],"about":[{"href":"https:\/\/agora.xtec.cat\/ceipmdangels\/wp-json\/wp\/v2\/types\/post"}],"author":[{"embeddable":true,"href":"https:\/\/agora.xtec.cat\/ceipmdangels\/wp-json\/wp\/v2\/users\/10"}],"replies":[{"embeddable":true,"href":"https:\/\/agora.xtec.cat\/ceipmdangels\/wp-json\/wp\/v2\/comments?post=8354"}],"version-history":[{"count":1,"href":"https:\/\/agora.xtec.cat\/ceipmdangels\/wp-json\/wp\/v2\/posts\/8354\/revisions"}],"predecessor-version":[{"id":8360,"href":"https:\/\/agora.xtec.cat\/ceipmdangels\/wp-json\/wp\/v2\/posts\/8354\/revisions\/8360"}],"wp:featuredmedia":[{"embeddable":true,"href":"https:\/\/agora.xtec.cat\/ceipmdangels\/wp-json\/wp\/v2\/media\/8312"}],"wp:attachment":[{"href":"https:\/\/agora.xtec.cat\/ceipmdangels\/wp-json\/wp\/v2\/media?parent=8354"}],"wp:term":[{"taxonomy":"category","embeddable":true,"href":"https:\/\/agora.xtec.cat\/ceipmdangels\/wp-json\/wp\/v2\/categories?post=8354"},{"taxonomy":"post_tag","embeddable":true,"href":"https:\/\/agora.xtec.cat\/ceipmdangels\/wp-json\/wp\/v2\/tags?post=8354"}],"curies":[{"name":"wp","href":"https:\/\/api.w.org\/{rel}","templated":true}]}}