{"id":8334,"date":"2024-02-15T10:57:06","date_gmt":"2024-02-15T09:57:06","guid":{"rendered":"https:\/\/agora.xtec.cat\/ceipmdangels\/?p=8334"},"modified":"2024-02-15T10:58:35","modified_gmt":"2024-02-15T09:58:35","slug":"carnaval-els-lleons","status":"publish","type":"post","link":"https:\/\/agora.xtec.cat\/ceipmdangels\/infantil\/carnaval-els-lleons\/","title":{"rendered":"Carnaval Els LLeons"},"content":{"rendered":"<p>Quina festa m\u00e9s divertida!! Ens ho vam passar superb\u00e9. La nostra disfressa era sobre la m\u00fasica PUNK.<\/p>\n<p><a href=\"https:\/\/agora.xtec.cat\/ceipmdangels\/wp-content\/uploads\/usu320\/2024\/02\/IMG_20240208_111510-min-scaled.jpg\"><img loading=\"lazy\" decoding=\"async\" class=\"aligncenter size-large wp-image-8336\" src=\"https:\/\/agora.xtec.cat\/ceipmdangels\/wp-content\/uploads\/usu320\/2024\/02\/IMG_20240208_111510-min-1024x771.jpg\" alt=\"\" width=\"1024\" height=\"771\" srcset=\"https:\/\/agora.xtec.cat\/ceipmdangels\/wp-content\/uploads\/usu320\/2024\/02\/IMG_20240208_111510-min-1024x771.jpg 1024w, https:\/\/agora.xtec.cat\/ceipmdangels\/wp-content\/uploads\/usu320\/2024\/02\/IMG_20240208_111510-min-300x226.jpg 300w, https:\/\/agora.xtec.cat\/ceipmdangels\/wp-content\/uploads\/usu320\/2024\/02\/IMG_20240208_111510-min-768x578.jpg 768w, https:\/\/agora.xtec.cat\/ceipmdangels\/wp-content\/uploads\/usu320\/2024\/02\/IMG_20240208_111510-min-1536x1157.jpg 1536w, https:\/\/agora.xtec.cat\/ceipmdangels\/wp-content\/uploads\/usu320\/2024\/02\/IMG_20240208_111510-min-2048x1542.jpg 2048w, https:\/\/agora.xtec.cat\/ceipmdangels\/wp-content\/uploads\/usu320\/2024\/02\/IMG_20240208_111510-min-200x150.jpg 200w\" sizes=\"auto, (max-width: 1024px) 100vw, 1024px\" \/><\/a><\/p>\n<p><a href=\"https:\/\/photos.app.goo.gl\/WtAUK4eD4DCW4kPz5\">https:\/\/photos.app.goo.gl\/WtAUK4eD4DCW4kPz5<\/a><\/p>\n","protected":false},"excerpt":{"rendered":"<p>Quina festa m\u00e9s divertida!! Ens ho vam passar superb\u00e9. La nostra disfressa era sobre la m\u00fasica PUNK.<br \/>\n<a href=\"https:\/\/agora.xtec.cat\/ceipmdangels\/wp-content\/uploads\/usu320\/2024\/02\/IMG_20240208_111510-min-scaled.jpg\"><\/a><br \/>\n<a href=\"https:\/\/photos.app.goo.gl\/WtAUK4eD4DCW4kPz5\">https:\/\/photos.app.goo.gl\/WtAUK4eD4DCW4kPz5<\/a><\/p>\n","protected":false},"author":10,"featured_media":8336,"comment_status":"closed","ping_status":"closed","sticky":false,"template":"","format":"standard","meta":{"_bbp_topic_count":0,"_bbp_reply_count":0,"_bbp_total_topic_count":0,"_bbp_total_reply_count":0,"_bbp_voice_count":0,"_bbp_anonymous_reply_count":0,"_bbp_topic_count_hidden":0,"_bbp_reply_count_hidden":0,"_bbp_forum_subforum_count":0,"footnotes":""},"categories":[29,22,199,2,4],"tags":[],"class_list":["post-8334","post","type-post","status-publish","format-standard","has-post-thumbnail","hentry","category-carnaval","category-educacio-infantil","category-i4-curs-23-24","category-infantil","category-portada"],"post_mailing_queue_ids":[],"_links":{"self":[{"href":"https:\/\/agora.xtec.cat\/ceipmdangels\/wp-json\/wp\/v2\/posts\/8334","targetHints":{"allow":["GET"]}}],"collection":[{"href":"https:\/\/agora.xtec.cat\/ceipmdangels\/wp-json\/wp\/v2\/posts"}],"about":[{"href":"https:\/\/agora.xtec.cat\/ceipmdangels\/wp-json\/wp\/v2\/types\/post"}],"author":[{"embeddable":true,"href":"https:\/\/agora.xtec.cat\/ceipmdangels\/wp-json\/wp\/v2\/users\/10"}],"replies":[{"embeddable":true,"href":"https:\/\/agora.xtec.cat\/ceipmdangels\/wp-json\/wp\/v2\/comments?post=8334"}],"version-history":[{"count":3,"href":"https:\/\/agora.xtec.cat\/ceipmdangels\/wp-json\/wp\/v2\/posts\/8334\/revisions"}],"predecessor-version":[{"id":8338,"href":"https:\/\/agora.xtec.cat\/ceipmdangels\/wp-json\/wp\/v2\/posts\/8334\/revisions\/8338"}],"wp:featuredmedia":[{"embeddable":true,"href":"https:\/\/agora.xtec.cat\/ceipmdangels\/wp-json\/wp\/v2\/media\/8336"}],"wp:attachment":[{"href":"https:\/\/agora.xtec.cat\/ceipmdangels\/wp-json\/wp\/v2\/media?parent=8334"}],"wp:term":[{"taxonomy":"category","embeddable":true,"href":"https:\/\/agora.xtec.cat\/ceipmdangels\/wp-json\/wp\/v2\/categories?post=8334"},{"taxonomy":"post_tag","embeddable":true,"href":"https:\/\/agora.xtec.cat\/ceipmdangels\/wp-json\/wp\/v2\/tags?post=8334"}],"curies":[{"name":"wp","href":"https:\/\/api.w.org\/{rel}","templated":true}]}}