{"id":8207,"date":"2023-12-20T11:58:22","date_gmt":"2023-12-20T10:58:22","guid":{"rendered":"https:\/\/agora.xtec.cat\/ceipmdangels\/?p=8207"},"modified":"2023-12-20T12:02:12","modified_gmt":"2023-12-20T11:02:12","slug":"els-pastorets-4t-2","status":"publish","type":"post","link":"https:\/\/agora.xtec.cat\/ceipmdangels\/general\/els-pastorets-4t-2\/","title":{"rendered":"Els Pastorets, 4t"},"content":{"rendered":"<p>L&#8217;alumnat de 4t ha fet la representaci\u00f3 de l&#8217;obra &#8220;Els Pastorets&#8221; a la Resid\u00e8ncia de Ponent i al Centre C\u00edvic.<\/p>\n<p>Us deixen un recull d&#8217;imatges i els dos v\u00eddeos dels nostres artistes. Esperem que us agradin molt!<\/p>\n<p><a href=\"https:\/\/photos.app.goo.gl\/hpkgehe6tA5zzC9cA\" target=\"_blank\" rel=\"noopener\">Imatges dels Pastorets<\/a><\/p>\n<p><img loading=\"lazy\" decoding=\"async\" class=\"alignnone size-medium wp-image-8208\" src=\"https:\/\/agora.xtec.cat\/ceipmdangels\/wp-content\/uploads\/usu320\/2023\/12\/IMG_20231219_100411-300x225.jpg\" alt=\"\" width=\"300\" height=\"225\" srcset=\"https:\/\/agora.xtec.cat\/ceipmdangels\/wp-content\/uploads\/usu320\/2023\/12\/IMG_20231219_100411-300x225.jpg 300w, https:\/\/agora.xtec.cat\/ceipmdangels\/wp-content\/uploads\/usu320\/2023\/12\/IMG_20231219_100411-1024x768.jpg 1024w, https:\/\/agora.xtec.cat\/ceipmdangels\/wp-content\/uploads\/usu320\/2023\/12\/IMG_20231219_100411-768x576.jpg 768w, https:\/\/agora.xtec.cat\/ceipmdangels\/wp-content\/uploads\/usu320\/2023\/12\/IMG_20231219_100411-1536x1152.jpg 1536w, https:\/\/agora.xtec.cat\/ceipmdangels\/wp-content\/uploads\/usu320\/2023\/12\/IMG_20231219_100411-2048x1536.jpg 2048w, https:\/\/agora.xtec.cat\/ceipmdangels\/wp-content\/uploads\/usu320\/2023\/12\/IMG_20231219_100411-200x150.jpg 200w\" sizes=\"auto, (max-width: 300px) 100vw, 300px\" \/> <img loading=\"lazy\" decoding=\"async\" class=\"alignnone size-medium wp-image-8209\" src=\"https:\/\/agora.xtec.cat\/ceipmdangels\/wp-content\/uploads\/usu320\/2023\/12\/IMG_20231219_110133_Original-300x225.jpg\" alt=\"\" width=\"300\" height=\"225\" srcset=\"https:\/\/agora.xtec.cat\/ceipmdangels\/wp-content\/uploads\/usu320\/2023\/12\/IMG_20231219_110133_Original-300x225.jpg 300w, https:\/\/agora.xtec.cat\/ceipmdangels\/wp-content\/uploads\/usu320\/2023\/12\/IMG_20231219_110133_Original-1024x768.jpg 1024w, https:\/\/agora.xtec.cat\/ceipmdangels\/wp-content\/uploads\/usu320\/2023\/12\/IMG_20231219_110133_Original-768x576.jpg 768w, https:\/\/agora.xtec.cat\/ceipmdangels\/wp-content\/uploads\/usu320\/2023\/12\/IMG_20231219_110133_Original-1536x1152.jpg 1536w, https:\/\/agora.xtec.cat\/ceipmdangels\/wp-content\/uploads\/usu320\/2023\/12\/IMG_20231219_110133_Original-2048x1536.jpg 2048w, https:\/\/agora.xtec.cat\/ceipmdangels\/wp-content\/uploads\/usu320\/2023\/12\/IMG_20231219_110133_Original-200x150.jpg 200w\" sizes=\"auto, (max-width: 300px) 100vw, 300px\" \/><\/p>\n","protected":false},"excerpt":{"rendered":"<p>L&#8217;alumnat de 4t ha fet la representaci\u00f3 de l&#8217;obra &#8220;Els Pastorets&#8221; a la Resid\u00e8ncia de Ponent i al Centre C\u00edvic.<br \/>\nUs deixen un recull d&#8217;imatges i els dos v\u00eddeos dels nostres artistes. Esperem que us agradin molt!<br \/>\n<a href=\"https:\/\/photos.app.goo.gl\/hpkgehe6tA5zzC9cA\" target=\"_blank\" rel=\"noopener\">Imatges dels Pastorets<\/a><\/p>\n","protected":false},"author":1,"featured_media":0,"comment_status":"closed","ping_status":"closed","sticky":false,"template":"","format":"standard","meta":{"_bbp_topic_count":0,"_bbp_reply_count":0,"_bbp_total_topic_count":0,"_bbp_total_reply_count":0,"_bbp_voice_count":0,"_bbp_anonymous_reply_count":0,"_bbp_topic_count_hidden":0,"_bbp_reply_count_hidden":0,"_bbp_forum_subforum_count":0,"footnotes":""},"categories":[204,191,1,4],"tags":[],"class_list":["post-8207","post","type-post","status-publish","format-standard","hentry","category-4t-curs-23-24","category-bloc-daula-curs-23-24","category-general","category-portada"],"post_mailing_queue_ids":[],"_links":{"self":[{"href":"https:\/\/agora.xtec.cat\/ceipmdangels\/wp-json\/wp\/v2\/posts\/8207","targetHints":{"allow":["GET"]}}],"collection":[{"href":"https:\/\/agora.xtec.cat\/ceipmdangels\/wp-json\/wp\/v2\/posts"}],"about":[{"href":"https:\/\/agora.xtec.cat\/ceipmdangels\/wp-json\/wp\/v2\/types\/post"}],"author":[{"embeddable":true,"href":"https:\/\/agora.xtec.cat\/ceipmdangels\/wp-json\/wp\/v2\/users\/1"}],"replies":[{"embeddable":true,"href":"https:\/\/agora.xtec.cat\/ceipmdangels\/wp-json\/wp\/v2\/comments?post=8207"}],"version-history":[{"count":1,"href":"https:\/\/agora.xtec.cat\/ceipmdangels\/wp-json\/wp\/v2\/posts\/8207\/revisions"}],"predecessor-version":[{"id":8210,"href":"https:\/\/agora.xtec.cat\/ceipmdangels\/wp-json\/wp\/v2\/posts\/8207\/revisions\/8210"}],"wp:attachment":[{"href":"https:\/\/agora.xtec.cat\/ceipmdangels\/wp-json\/wp\/v2\/media?parent=8207"}],"wp:term":[{"taxonomy":"category","embeddable":true,"href":"https:\/\/agora.xtec.cat\/ceipmdangels\/wp-json\/wp\/v2\/categories?post=8207"},{"taxonomy":"post_tag","embeddable":true,"href":"https:\/\/agora.xtec.cat\/ceipmdangels\/wp-json\/wp\/v2\/tags?post=8207"}],"curies":[{"name":"wp","href":"https:\/\/api.w.org\/{rel}","templated":true}]}}