{"id":8112,"date":"2024-06-10T17:47:36","date_gmt":"2024-06-10T15:47:36","guid":{"rendered":"https:\/\/agora.xtec.cat\/ceipmdangels\/?p=8112"},"modified":"2024-06-10T17:49:04","modified_gmt":"2024-06-10T15:49:04","slug":"rei-del-conte-2","status":"publish","type":"post","link":"https:\/\/agora.xtec.cat\/ceipmdangels\/portada\/rei-del-conte-2\/","title":{"rendered":"REI DEL CONTE"},"content":{"rendered":"<p><a href=\"https:\/\/agora.xtec.cat\/ceipmdangels\/wp-content\/uploads\/usu320\/2024\/06\/WhatsApp-Image-2024-06-10-at-17.37.59.jpeg\"><img loading=\"lazy\" decoding=\"async\" class=\"aligncenter  wp-image-8638\" src=\"https:\/\/agora.xtec.cat\/ceipmdangels\/wp-content\/uploads\/usu320\/2024\/06\/WhatsApp-Image-2024-06-10-at-17.37.59-576x1024.jpeg\" alt=\"\" width=\"278\" height=\"494\" srcset=\"https:\/\/agora.xtec.cat\/ceipmdangels\/wp-content\/uploads\/usu320\/2024\/06\/WhatsApp-Image-2024-06-10-at-17.37.59-576x1024.jpeg 576w, https:\/\/agora.xtec.cat\/ceipmdangels\/wp-content\/uploads\/usu320\/2024\/06\/WhatsApp-Image-2024-06-10-at-17.37.59-169x300.jpeg 169w, https:\/\/agora.xtec.cat\/ceipmdangels\/wp-content\/uploads\/usu320\/2024\/06\/WhatsApp-Image-2024-06-10-at-17.37.59-768x1365.jpeg 768w, https:\/\/agora.xtec.cat\/ceipmdangels\/wp-content\/uploads\/usu320\/2024\/06\/WhatsApp-Image-2024-06-10-at-17.37.59-864x1536.jpeg 864w, https:\/\/agora.xtec.cat\/ceipmdangels\/wp-content\/uploads\/usu320\/2024\/06\/WhatsApp-Image-2024-06-10-at-17.37.59.jpeg 1125w\" sizes=\"auto, (max-width: 278px) 100vw, 278px\" \/><\/a><\/p>\n<p>Les darreres setmanes els nostres amics-amigues han continuat explicant-nos un conte i ho han fet molt b\u00e9. Gr\u00e0cies fam\u00edlies per la vostra ajuda.\u00a0 A la classe dels Bous els hi ha tocat a Alan, Aya, Bryan, Emma, Ismail, Miguel, Pedro, Sofia, Yassin i Zakaria. I de la classe dels Dracs a Cai, Janna, Miguel Angel, Denzel, Wisal, Ander i Alexandra. S\u00f3n uns artistes.<\/p>\n<p>I5-A\u00a0<a href=\"https:\/\/photos.app.goo.gl\/4wQmcWiZFNGK293J6\">https:\/\/photos.app.goo.gl\/4wQmcWiZFNGK293J6<\/a><\/p>\n<p>I5-B\u00a0<a href=\"https:\/\/photos.app.goo.gl\/PPzAkza7TCsEdV7C7\">https:\/\/photos.app.goo.gl\/PPzAkza7TCsEdV7C7<\/a><\/p>\n","protected":false},"excerpt":{"rendered":"<p><a href=\"https:\/\/agora.xtec.cat\/ceipmdangels\/wp-content\/uploads\/usu320\/2024\/06\/WhatsApp-Image-2024-06-10-at-17.37.59.jpeg\"><\/a><br \/>\nLes darreres setmanes els nostres amics-amigues han continuat explicant-nos un conte i ho han fet molt b\u00e9. Gr\u00e0cies fam\u00edlies per la vostra ajuda.\u00a0 A la classe dels Bous els hi ha tocat a Alan, Aya, Bryan, Emma, Ismail, Miguel, Pedro, Sofia, Yassin i Zakaria.&hellip;  <a href=\"https:\/\/agora.xtec.cat\/ceipmdangels\/portada\/rei-del-conte-2\/\" title=\"Read REI DEL CONTE\">Llegeix m\u00e9s\u00bb<\/a><\/p>\n","protected":false},"author":11,"featured_media":8636,"comment_status":"closed","ping_status":"closed","sticky":false,"template":"","format":"standard","meta":{"_bbp_topic_count":0,"_bbp_reply_count":0,"_bbp_total_topic_count":0,"_bbp_total_reply_count":0,"_bbp_voice_count":0,"_bbp_anonymous_reply_count":0,"_bbp_topic_count_hidden":0,"_bbp_reply_count_hidden":0,"_bbp_forum_subforum_count":0,"footnotes":""},"categories":[191,22,200,4],"tags":[],"class_list":["post-8112","post","type-post","status-publish","format-standard","has-post-thumbnail","hentry","category-bloc-daula-curs-23-24","category-educacio-infantil","category-i5-curs-23-24","category-portada"],"post_mailing_queue_ids":[],"_links":{"self":[{"href":"https:\/\/agora.xtec.cat\/ceipmdangels\/wp-json\/wp\/v2\/posts\/8112","targetHints":{"allow":["GET"]}}],"collection":[{"href":"https:\/\/agora.xtec.cat\/ceipmdangels\/wp-json\/wp\/v2\/posts"}],"about":[{"href":"https:\/\/agora.xtec.cat\/ceipmdangels\/wp-json\/wp\/v2\/types\/post"}],"author":[{"embeddable":true,"href":"https:\/\/agora.xtec.cat\/ceipmdangels\/wp-json\/wp\/v2\/users\/11"}],"replies":[{"embeddable":true,"href":"https:\/\/agora.xtec.cat\/ceipmdangels\/wp-json\/wp\/v2\/comments?post=8112"}],"version-history":[{"count":6,"href":"https:\/\/agora.xtec.cat\/ceipmdangels\/wp-json\/wp\/v2\/posts\/8112\/revisions"}],"predecessor-version":[{"id":8639,"href":"https:\/\/agora.xtec.cat\/ceipmdangels\/wp-json\/wp\/v2\/posts\/8112\/revisions\/8639"}],"wp:featuredmedia":[{"embeddable":true,"href":"https:\/\/agora.xtec.cat\/ceipmdangels\/wp-json\/wp\/v2\/media\/8636"}],"wp:attachment":[{"href":"https:\/\/agora.xtec.cat\/ceipmdangels\/wp-json\/wp\/v2\/media?parent=8112"}],"wp:term":[{"taxonomy":"category","embeddable":true,"href":"https:\/\/agora.xtec.cat\/ceipmdangels\/wp-json\/wp\/v2\/categories?post=8112"},{"taxonomy":"post_tag","embeddable":true,"href":"https:\/\/agora.xtec.cat\/ceipmdangels\/wp-json\/wp\/v2\/tags?post=8112"}],"curies":[{"name":"wp","href":"https:\/\/api.w.org\/{rel}","templated":true}]}}