{"id":8041,"date":"2023-10-25T09:36:59","date_gmt":"2023-10-25T07:36:59","guid":{"rendered":"https:\/\/agora.xtec.cat\/ceipmdangels\/?p=8041"},"modified":"2023-10-25T09:37:42","modified_gmt":"2023-10-25T07:37:42","slug":"sortida-al-cosmocaixa-4t","status":"publish","type":"post","link":"https:\/\/agora.xtec.cat\/ceipmdangels\/general\/sortida-al-cosmocaixa-4t\/","title":{"rendered":"Sortida al Cosmocaixa 4t"},"content":{"rendered":"<p>El dimarts, 17 d\u2019octubre, els alumnes de 4t curs vam anar al CosmoCaixa (Barcelona) a veure un documental sobre la lluna i el sistema solar al planetari i tamb\u00e9 les diverses exposicions que hi havia en aquell moment (l\u2019univers, l\u2019evoluci\u00f3 de l\u2019home, el bosc encantat&#8230;). La vista de la c\u00fapula del planetari ens va fer quedar bocabadats!!\u00a0 Tamb\u00e9 ens ho vam passar molt b\u00e9 manipulant totes les m\u00e0quines que hi havia a les exposicions.<\/p>\n<p>Va ser un dia molt divertit!!!! Repetirem!!!<\/p>\n<figure class=\"figure wp-caption alignnone\"><a href=\"https:\/\/photos.app.goo.gl\/ESfjsq3zTHunUAK69\" target=\"_blank\" rel=\"noopener\"><img loading=\"lazy\" decoding=\"async\" class=\"wp-image-8042 size-medium\" src=\"https:\/\/agora.xtec.cat\/ceipmdangels\/wp-content\/uploads\/usu320\/2023\/10\/IMG-20231017-WA0012-retocada-300x225.jpg\" alt=\"\" width=\"300\" height=\"225\" srcset=\"https:\/\/agora.xtec.cat\/ceipmdangels\/wp-content\/uploads\/usu320\/2023\/10\/IMG-20231017-WA0012-retocada-300x225.jpg 300w, https:\/\/agora.xtec.cat\/ceipmdangels\/wp-content\/uploads\/usu320\/2023\/10\/IMG-20231017-WA0012-retocada-768x576.jpg 768w, https:\/\/agora.xtec.cat\/ceipmdangels\/wp-content\/uploads\/usu320\/2023\/10\/IMG-20231017-WA0012-retocada-200x150.jpg 200w, https:\/\/agora.xtec.cat\/ceipmdangels\/wp-content\/uploads\/usu320\/2023\/10\/IMG-20231017-WA0012-retocada.jpg 1024w\" sizes=\"auto, (max-width: 300px) 100vw, 300px\" \/><\/a><figcaption class=\"wp-caption-text\">Clica a sobre per veure l&#8217;\u00e0lbum<\/figcaption><\/figure>\n","protected":false},"excerpt":{"rendered":"<p>El dimarts, 17 d\u2019octubre, els alumnes de 4t curs vam anar al CosmoCaixa (Barcelona) a veure un documental sobre la lluna i el sistema solar al planetari i tamb\u00e9 les diverses exposicions que hi havia en aquell moment (l\u2019univers, l\u2019evoluci\u00f3 de l\u2019home, el bosc encantat&#8230;).&hellip;  <a href=\"https:\/\/agora.xtec.cat\/ceipmdangels\/general\/sortida-al-cosmocaixa-4t\/\" title=\"Read Sortida al Cosmocaixa 4t\">Llegeix m\u00e9s\u00bb<\/a><\/p>\n","protected":false},"author":1,"featured_media":0,"comment_status":"closed","ping_status":"closed","sticky":false,"template":"","format":"standard","meta":{"_bbp_topic_count":0,"_bbp_reply_count":0,"_bbp_total_topic_count":0,"_bbp_total_reply_count":0,"_bbp_voice_count":0,"_bbp_anonymous_reply_count":0,"_bbp_topic_count_hidden":0,"_bbp_reply_count_hidden":0,"_bbp_forum_subforum_count":0,"footnotes":""},"categories":[204,191,1,4],"tags":[],"class_list":["post-8041","post","type-post","status-publish","format-standard","hentry","category-4t-curs-23-24","category-bloc-daula-curs-23-24","category-general","category-portada"],"post_mailing_queue_ids":[],"_links":{"self":[{"href":"https:\/\/agora.xtec.cat\/ceipmdangels\/wp-json\/wp\/v2\/posts\/8041","targetHints":{"allow":["GET"]}}],"collection":[{"href":"https:\/\/agora.xtec.cat\/ceipmdangels\/wp-json\/wp\/v2\/posts"}],"about":[{"href":"https:\/\/agora.xtec.cat\/ceipmdangels\/wp-json\/wp\/v2\/types\/post"}],"author":[{"embeddable":true,"href":"https:\/\/agora.xtec.cat\/ceipmdangels\/wp-json\/wp\/v2\/users\/1"}],"replies":[{"embeddable":true,"href":"https:\/\/agora.xtec.cat\/ceipmdangels\/wp-json\/wp\/v2\/comments?post=8041"}],"version-history":[{"count":3,"href":"https:\/\/agora.xtec.cat\/ceipmdangels\/wp-json\/wp\/v2\/posts\/8041\/revisions"}],"predecessor-version":[{"id":8045,"href":"https:\/\/agora.xtec.cat\/ceipmdangels\/wp-json\/wp\/v2\/posts\/8041\/revisions\/8045"}],"wp:attachment":[{"href":"https:\/\/agora.xtec.cat\/ceipmdangels\/wp-json\/wp\/v2\/media?parent=8041"}],"wp:term":[{"taxonomy":"category","embeddable":true,"href":"https:\/\/agora.xtec.cat\/ceipmdangels\/wp-json\/wp\/v2\/categories?post=8041"},{"taxonomy":"post_tag","embeddable":true,"href":"https:\/\/agora.xtec.cat\/ceipmdangels\/wp-json\/wp\/v2\/tags?post=8041"}],"curies":[{"name":"wp","href":"https:\/\/api.w.org\/{rel}","templated":true}]}}